{"id":196431,"date":"2025-06-22T18:35:11","date_gmt":"2025-06-22T18:35:11","guid":{"rendered":"https:\/\/www.europesays.com\/fr\/196431\/"},"modified":"2025-06-22T18:35:11","modified_gmt":"2025-06-22T18:35:11","slug":"villieu-loyes-mollon-des-livres-pour-les-futurs-collegiens","status":"publish","type":"post","link":"https:\/\/www.europesays.com\/fr\/196431\/","title":{"rendered":"Villieu-Loyes-Mollon. Des livres pour les futurs coll\u00e9giens"},"content":{"rendered":"<p>L\u2019entr\u00e9e au coll\u00e8ge est une \u00e9tape importante dans le cursus des \u00e9l\u00e8ves. Vendredi 20\u00a0juin, le sou des \u00e9coles a propos\u00e9 de nombreuses animations au clos Quinat. <\/p>\n<p>En d\u00e9but de soir\u00e9e, il \u00e9tait temps de saluer le passage en 6e\u00a0 \u00a0des \u00e9l\u00e8ves de l\u2019\u00e9cole du Toison. Pour l\u2019occasion, le maire Eric Beaufort, accompagn\u00e9 par les enseignantes et les repr\u00e9sentants du sou des \u00e9coles, a remis \u00e0 chacun des \u00e9l\u00e8ves un dictionnaire d\u2019anglais, ainsi qu\u2019un livre, recueil de nouvelles autour de la for\u00eat et de l\u2019oc\u00e9an, ainsi que le guide Rentrer au coll\u00e8ge, sous les applaudissements des parents et des copains.<\/p>\n","protected":false},"excerpt":{"rendered":"L\u2019entr\u00e9e au coll\u00e8ge est une \u00e9tape importante dans le cursus des \u00e9l\u00e8ves. Vendredi 20\u00a0juin, le sou des \u00e9coles&hellip;\n","protected":false},"author":2,"featured_media":196432,"comment_status":"","ping_status":"","sticky":false,"template":"","format":"standard","meta":{"footnotes":""},"categories":[1357],"tags":[1379,58,6751,1057,59,1011,27,1380,33571,33570],"class_list":{"0":"post-196431","1":"post","2":"type-post","3":"status-publish","4":"format-standard","5":"has-post-thumbnail","7":"category-livres","8":"tag-books","9":"tag-divertissement","10":"tag-edition-ain-ouest","11":"tag-education","12":"tag-entertainment","13":"tag-fr","14":"tag-france","15":"tag-livres","16":"tag-meximieux-bassin","17":"tag-villieu-loyes-mollon"},"share_on_mastodon":{"url":"https:\/\/pubeurope.com\/@fr\/114728464376784859","error":""},"_links":{"self":[{"href":"https:\/\/www.europesays.com\/fr\/wp-json\/wp\/v2\/posts\/196431","targetHints":{"allow":["GET"]}}],"collection":[{"href":"https:\/\/www.europesays.com\/fr\/wp-json\/wp\/v2\/posts"}],"about":[{"href":"https:\/\/www.europesays.com\/fr\/wp-json\/wp\/v2\/types\/post"}],"author":[{"embeddable":true,"href":"https:\/\/www.europesays.com\/fr\/wp-json\/wp\/v2\/users\/2"}],"replies":[{"embeddable":true,"href":"https:\/\/www.europesays.com\/fr\/wp-json\/wp\/v2\/comments?post=196431"}],"version-history":[{"count":0,"href":"https:\/\/www.europesays.com\/fr\/wp-json\/wp\/v2\/posts\/196431\/revisions"}],"wp:featuredmedia":[{"embeddable":true,"href":"https:\/\/www.europesays.com\/fr\/wp-json\/wp\/v2\/media\/196432"}],"wp:attachment":[{"href":"https:\/\/www.europesays.com\/fr\/wp-json\/wp\/v2\/media?parent=196431"}],"wp:term":[{"taxonomy":"category","embeddable":true,"href":"https:\/\/www.europesays.com\/fr\/wp-json\/wp\/v2\/categories?post=196431"},{"taxonomy":"post_tag","embeddable":true,"href":"https:\/\/www.europesays.com\/fr\/wp-json\/wp\/v2\/tags?post=196431"}],"curies":[{"name":"wp","href":"https:\/\/api.w.org\/{rel}","templated":true}]}}