{"id":196452,"date":"2025-06-22T18:47:10","date_gmt":"2025-06-22T18:47:10","guid":{"rendered":"https:\/\/www.europesays.com\/fr\/196452\/"},"modified":"2025-06-22T18:47:10","modified_gmt":"2025-06-22T18:47:10","slug":"saint-etienne-le-songe-dune-nuit-dete-avec-lambert-wilson-ce-mardi-a-lopera","status":"publish","type":"post","link":"https:\/\/www.europesays.com\/fr\/196452\/","title":{"rendered":"Saint-\u00c9tienne. Le Songe d\u2019une nuit d\u2019\u00e9t\u00e9 avec Lambert Wilson, ce mardi \u00e0 l\u2019Op\u00e9ra"},"content":{"rendered":"<p>La saison s\u2019ach\u00e8ve avec l\u2019une des \u0153uvres les plus c\u00e9l\u00e8bres de Felix Mendelssohn. Vous pourrez entendre\u00a0 Le Songe d\u2019une nuit d\u2019\u00e9t\u00e9 dans son int\u00e9gralit\u00e9, accompagn\u00e9 des voix de Lambert Wilson en tant que r\u00e9citant, de solistes et du ch\u0153ur \u00e0 voix \u00e9gales de la Ma\u00eetrise de la Loire. Cette soir\u00e9e sera aussi l\u2019occasion de c\u00e9l\u00e9brer les trente ans de la Ma\u00eetrise de la Loire sous la direction de Giuseppe Grazioli, chef principal de l\u2019Op\u00e9ra de Saint-\u00c9tienne.<\/p>\n<p class=\"note\">Mardi 24\u00a0juin \u00e0 20\u00a0heures. Grand Th\u00e9\u00e2tre Massenet. Tarifs\u00a0: de 10\u00a0\u20ac \u00e0 46\u00a0\u20ac. Renseignements\u00a0: opera.saint-etienne.fr<\/p>\n","protected":false},"excerpt":{"rendered":"La saison s\u2019ach\u00e8ve avec l\u2019une des \u0153uvres les plus c\u00e9l\u00e8bres de Felix Mendelssohn. Vous pourrez entendre\u00a0 Le Songe&hellip;\n","protected":false},"author":2,"featured_media":196453,"comment_status":"","ping_status":"","sticky":false,"template":"","format":"standard","meta":{"footnotes":""},"categories":[9653],"tags":[1111,11,2430,1687,7539,1777,674,1011,27,12,25,4001,7538,3140],"class_list":{"0":"post-196452","1":"post","2":"type-post","3":"status-publish","4":"format-standard","5":"has-post-thumbnail","7":"category-saint-etienne","8":"tag-actu","9":"tag-actualites","10":"tag-auvergne-rhone-alpes","11":"tag-culture-loisirs","12":"tag-edition-loire-sud","13":"tag-eu","14":"tag-europe","15":"tag-fr","16":"tag-france","17":"tag-news","18":"tag-republique-francaise","19":"tag-saint-etienne","20":"tag-saint-etienne-ville","21":"tag-spectacle"},"share_on_mastodon":{"url":"https:\/\/pubeurope.com\/@fr\/114728510679977478","error":""},"_links":{"self":[{"href":"https:\/\/www.europesays.com\/fr\/wp-json\/wp\/v2\/posts\/196452","targetHints":{"allow":["GET"]}}],"collection":[{"href":"https:\/\/www.europesays.com\/fr\/wp-json\/wp\/v2\/posts"}],"about":[{"href":"https:\/\/www.europesays.com\/fr\/wp-json\/wp\/v2\/types\/post"}],"author":[{"embeddable":true,"href":"https:\/\/www.europesays.com\/fr\/wp-json\/wp\/v2\/users\/2"}],"replies":[{"embeddable":true,"href":"https:\/\/www.europesays.com\/fr\/wp-json\/wp\/v2\/comments?post=196452"}],"version-history":[{"count":0,"href":"https:\/\/www.europesays.com\/fr\/wp-json\/wp\/v2\/posts\/196452\/revisions"}],"wp:featuredmedia":[{"embeddable":true,"href":"https:\/\/www.europesays.com\/fr\/wp-json\/wp\/v2\/media\/196453"}],"wp:attachment":[{"href":"https:\/\/www.europesays.com\/fr\/wp-json\/wp\/v2\/media?parent=196452"}],"wp:term":[{"taxonomy":"category","embeddable":true,"href":"https:\/\/www.europesays.com\/fr\/wp-json\/wp\/v2\/categories?post=196452"},{"taxonomy":"post_tag","embeddable":true,"href":"https:\/\/www.europesays.com\/fr\/wp-json\/wp\/v2\/tags?post=196452"}],"curies":[{"name":"wp","href":"https:\/\/api.w.org\/{rel}","templated":true}]}}