{"id":196456,"date":"2025-06-22T18:50:54","date_gmt":"2025-06-22T18:50:54","guid":{"rendered":"https:\/\/www.europesays.com\/fr\/196456\/"},"modified":"2025-06-22T18:50:54","modified_gmt":"2025-06-22T18:50:54","slug":"photos-la-fete-de-la-musique-dans-la-banlieue-de-nancy","status":"publish","type":"post","link":"https:\/\/www.europesays.com\/fr\/196456\/","title":{"rendered":"Photos. La F\u00eate de la musique dans la banlieue de Nancy"},"content":{"rendered":"<p>&#13;<br \/>\n              L&rsquo;Est R\u00e9publicain  &#8211; &#13;<br \/>\n        &#13;<br \/>\n          Aujourd&rsquo;hui \u00e0 14:49&#13;<br \/>\n    &#13;<br \/>\n                  | mis \u00e0 jour aujourd&rsquo;hui \u00e0 16:38&#13;<br \/>\n              &#8211; Temps de lecture : &#13;<br \/>\n  &#13;\n<\/p>\n<ul class=\"galerieContent carousel-wrapper__slides\" id=\"60c4c361-0a30-4d2a-863b-aaac001d4f0c\">        &#13;<\/p>\n<li class=\"carousel-wrapper__slides--slide item\" id=\"slide-1\">&#13;<br \/>\n                                    &#13;<br \/>\n                        <a class=\"chocolat-image GA-tracking\" data-ga_type=\"click\" data-ga_category=\"D\u00e9tail\" data-ga_action=\"zoomer\" data-ga_label=\"aggrandir image\" href=\"https:\/\/cdn-s-www.estrepublicain.fr\/images\/AA43ED81-0755-43BA-B917-4303B2753DC3\/NW_raw\/pour-la-fete-de-la-musique-le-groupe-ice-bean-a-enflamme-le-foyer-culturel-gerard-leornard-des-grands-classiques-rock-revisites-lancement-des-festivites-avec-miseriou-de-dick-dale-(pulp-fiction)-sans-oublier-queen-les-rolling-stones-et-ac-dc-1750491857.jpg\" title=\"Pour la F\u00eate de la musique, le groupe Ice Bean a enflamm\u00e9 le Foyer culturel G\u00e9rard-L\u00e9ornard. Des grands classiques rock revisit\u00e9s, lancement des festivit\u00e9s avec Miseriou de Dick Dale (Pulp fiction), sans oublier Queen, les Rolling Stones et AC\/DC.\" target=\"_blank\" rel=\"noopener\">&#13;<br \/>\n                            <img decoding=\"async\" src=\"https:\/\/www.europesays.com\/fr\/wp-content\/uploads\/2025\/06\/pour-la-fete-de-la-musique-le-groupe-ice-bean-a-enflamme-le-foyer-culturel-gerard-leornard-des-grand.jpeg\"   alt=\"Pour la F\u00eate de la musique, le groupe Ice Bean a enflamm\u00e9 le Foyer culturel G\u00e9rard-L\u00e9ornard. Des grands classiques rock revisit\u00e9s, lancement des festivit\u00e9s avec Miseriou de Dick Dale (Pulp fiction), sans oublier Queen, les Rolling Stones et AC\/DC.\" fetchpriority=\"high\" data-mobile=\"NW_detail_M|1750491857\" data-base=\"NW_detail|1750491857\"\/>&#13;<br \/>\n                        <\/a>&#13;<\/p>\n<p>Pour la F\u00eate de la musique, le groupe Ice Bean a enflamm\u00e9 le Foyer culturel G\u00e9rard-L\u00e9ornard. Des grands classiques rock revisit\u00e9s, lancement des festivit\u00e9s avec Miseriou de Dick Dale (Pulp fiction), sans oublier Queen, les Rolling Stones et AC\/DC.<\/p>\n<p>                        &#13;<br \/>\n                                           &#13;\n                <\/li>\n<p>&#13;<br \/>\n            &#13;<\/p>\n<li class=\"carousel-wrapper__slides--slide item slideWithPub\" id=\"slide-2\">&#13;<br \/>\n                        &#13;<br \/>\n                            <a class=\"chocolat-image\" title=\"Publicit\u00e9\" href=\"data:image\/gif;base64,R0lGODlhAQABAAD\/ACwAAAAAAQABAAACADs=\">&#13;<br \/>\n                                <img decoding=\"async\" src=\"data:image\/gif;base64,R0lGODlhAQABAAD\/ACwAAAAAAQABAAACADs=\" alt=\"Publicit\u00e9\" loading=\"lazy\" fetchpriority=\"low\"\/>&#13;<br \/>\n                            <\/a>&#13;<br \/>\n                        &#13;\n                    <\/li>\n<p>&#13;<\/p>\n<li class=\"carousel-wrapper__slides--slide item\" id=\"slide-3\">&#13;<br \/>\n                                    &#13;<br \/>\n                        <a class=\"chocolat-image GA-tracking\" data-ga_type=\"click\" data-ga_category=\"D\u00e9tail\" data-ga_action=\"zoomer\" data-ga_label=\"aggrandir image\" href=\"https:\/\/cdn-s-www.estrepublicain.fr\/images\/A966556B-5716-47D4-9A72-58BFBCC7CEF1\/NW_raw\/heillecourt-pres-de-400-personnes-se-sont-retrouvees-sur-la-place-de-la-fontaine-ce-vendredi-soir-pour-feter-la-musique-avec-un-jour-d-avance-le-bar-restaurant-la-fontaine-avait-tout-prevu-pour-faire-cette-soiree-une-fete-conviviale-et-familiale-le-groupe-de-musique-local-les-daily-rushers-ont-enflamme-la-place-on-a-rarement-vu-une-telle-foule-joyeuse-dans-cet-espace-historique-de-la-commune-1750506811.jpg\" title=\"Heillecourt. Pr\u00e8s de 400 personnes se sont retrouv\u00e9es sur la place de la Fontaine ce vendredi soir pour f\u00eater la musique avec un jour d&#039;avance. Le bar restaurant La Fontaine avait tout pr\u00e9vu pour faire cette soir\u00e8e une f\u00eate conviviale et familiale. Le groupe de musique local Les Daily Rushers ont enflamm\u00e9 la place. On a rarement vu une telle foule joyeuse dans cet espace historique de la commune.\" target=\"_blank\" rel=\"noopener\">&#13;<br \/>\n                            <img decoding=\"async\" src=\"https:\/\/www.europesays.com\/fr\/wp-content\/uploads\/2025\/06\/heillecourt-pres-de-400-personnes-se-sont-retrouvees-sur-la-place-de-la-fontaine-ce-vendredi-soir-po.jpeg\"   alt=\"Heillecourt. Pr\u00e8s de 400 personnes se sont retrouv\u00e9es sur la place de la Fontaine ce vendredi soir pour f\u00eater la musique avec un jour d'avance. Le bar restaurant La Fontaine avait tout pr\u00e9vu pour faire cette soir\u00e8e une f\u00eate conviviale et familiale. Le groupe de musique local Les Daily Rushers ont enflamm\u00e9 la place. On a rarement vu une telle foule joyeuse dans cet espace historique de la commune.\" loading=\"lazy\" fetchpriority=\"low\" data-mobile=\"NW_detail_M|1750506811\" data-base=\"NW_detail|1750506811\"\/>&#13;<br \/>\n                        <\/a>&#13;<\/p>\n<p>Heillecourt. Pr\u00e8s de 400 personnes se sont retrouv\u00e9es sur la place de la Fontaine ce vendredi soir pour f\u00eater la musique avec un jour d&rsquo;avance. Le bar restaurant La Fontaine avait tout pr\u00e9vu pour faire cette soir\u00e8e une f\u00eate conviviale et familiale. Le groupe de musique local Les Daily Rushers ont enflamm\u00e9 la place. On a rarement vu une telle foule joyeuse dans cet espace historique de la commune.<\/p>\n<p>                        &#13;<br \/>\n                                           &#13;\n                <\/li>\n<p>&#13;<br \/>\n            &#13;<\/p>\n<li class=\"carousel-wrapper__slides--slide item\" id=\"slide-4\">&#13;<br \/>\n                                    &#13;<br \/>\n                        <a class=\"chocolat-image GA-tracking\" data-ga_type=\"click\" data-ga_category=\"D\u00e9tail\" data-ga_action=\"zoomer\" data-ga_label=\"aggrandir image\" href=\"https:\/\/cdn-s-www.estrepublicain.fr\/images\/604E33F0-945E-4E83-BAD2-0AE4BC74A0F1\/NW_raw\/pompey-c-est-sur-le-parking-du-casino-que-la-municipalite-a-decide-de-sacrifier-a-la-tradition-de-la-fete-de-la-musique-cette-annee-avec-tout-d-abord-une-prestation-des-eleves-de-l-ecole-de-musique-attendue-des-nombreux-parents-et-amis-presents-venus-constater-le-resultat-d-un-an-de-travail-des-membres-du-groupe-qui-a-propose-une-serie-de-reprises-pop-rock-apres-quoi-c-est-le-groupe-local-eureka-qui-a-propose-une-prestation-composee-qui-poursuivait-dans-l-esprit-de-l-ecole-de-musique-avec-une-serie-de-compositions-et-de-reprises-des-tubes-des-dernieres-decennies-1750594145.jpg\" title=\"Pompey \u00a0: C&#039;est sur le parking du casino que la municipalit\u00e9 a d\u00e9cid\u00e9 de sacrifier \u00e0 la tradition de la f\u00eate de la musique cette ann\u00e9e. Avec tout d&#039;abord une prestation des \u00e9l\u00e8ves de l&#039;\u00e9cole de musique attendue des nombreux parents et amis pr\u00e9sents venus constater le r\u00e9sultat d&#039;un an de travail des membres du groupe, qui a propos\u00e9 une s\u00e9rie de reprises pop-rock. Apr\u00e8s quoi, c&#039;est le groupe local \u00ab Eureka \u00bb qui a propos\u00e9 une prestation compos\u00e9e qui poursuivait dans l&#039;esprit de l&#039;\u00e9cole de musique avec une s\u00e9rie de compositions et de reprises des tubes des derni\u00e8res d\u00e9cennies.\" target=\"_blank\" rel=\"noopener\">&#13;<br \/>\n                            <img decoding=\"async\" src=\"https:\/\/www.europesays.com\/fr\/wp-content\/uploads\/2025\/06\/pompey-c-est-sur-le-parking-du-casino-que-la-municipalite-a-decide-de-sacrifier-a-la-tradition-de-la.jpeg\"   alt=\"Pompey \u00a0: C'est sur le parking du casino que la municipalit\u00e9 a d\u00e9cid\u00e9 de sacrifier \u00e0 la tradition de la f\u00eate de la musique cette ann\u00e9e. Avec tout d'abord une prestation des \u00e9l\u00e8ves de l'\u00e9cole de musique attendue des nombreux parents et amis pr\u00e9sents venus constater le r\u00e9sultat d'un an de travail des membres du groupe, qui a propos\u00e9 une s\u00e9rie de reprises pop-rock. Apr\u00e8s quoi, c'est le groupe local \u00ab Eureka \u00bb qui a propos\u00e9 une prestation compos\u00e9e qui poursuivait dans l'esprit de l'\u00e9cole de musique avec une s\u00e9rie de compositions et de reprises des tubes des derni\u00e8res d\u00e9cennies.\" loading=\"lazy\" fetchpriority=\"low\" data-mobile=\"NW_detail_M|1750594145\" data-base=\"NW_detail|1750594145\"\/>&#13;<br \/>\n                        <\/a>&#13;<\/p>\n<p>Pompey \u00a0: C&rsquo;est sur le parking du casino que la municipalit\u00e9 a d\u00e9cid\u00e9 de sacrifier \u00e0 la tradition de la f\u00eate de la musique cette ann\u00e9e. Avec tout d&rsquo;abord une prestation des \u00e9l\u00e8ves de l&rsquo;\u00e9cole de musique attendue des nombreux parents et amis pr\u00e9sents venus constater le r\u00e9sultat d&rsquo;un an de travail des membres du groupe, qui a propos\u00e9 une s\u00e9rie de reprises pop-rock. Apr\u00e8s quoi, c&rsquo;est le groupe local \u00ab Eureka \u00bb qui a propos\u00e9 une prestation compos\u00e9e qui poursuivait dans l&rsquo;esprit de l&rsquo;\u00e9cole de musique avec une s\u00e9rie de compositions et de reprises des tubes des derni\u00e8res d\u00e9cennies.<\/p>\n<p>                        &#13;<br \/>\n                                           &#13;\n                <\/li>\n<p>&#13;<br \/>\n            &#13;<\/p>\n<li class=\"carousel-wrapper__slides--slide item\" id=\"slide-5\">&#13;<br \/>\n                                    &#13;<br \/>\n                        <a class=\"chocolat-image GA-tracking\" data-ga_type=\"click\" data-ga_category=\"D\u00e9tail\" data-ga_action=\"zoomer\" data-ga_label=\"aggrandir image\" href=\"https:\/\/cdn-s-www.estrepublicain.fr\/images\/3D392DBD-577C-48F8-8D30-F6E7EB4F2A64\/NW_raw\/chaligny-un-seul-cable-pour-attacher-tous-les-velos-avant-d-aller-juste-a-cote-en-famille-a-la-fete-de-la-musique-1750596495.jpg\" title=\"Chaligny \u00a0: un seul c\u00e2ble pour attacher tous les v\u00e9los avant d\u2019aller juste \u00e0 c\u00f4t\u00e9, en famille, \u00e0 la f\u00eate de la musique.\" target=\"_blank\" rel=\"noopener\">&#13;<br \/>\n                            <img decoding=\"async\" src=\"https:\/\/www.europesays.com\/fr\/wp-content\/uploads\/2025\/06\/chaligny-un-seul-cable-pour-attacher-tous-les-velos-avant-d-aller-juste-a-cote-en-famille-a-la-fete-.jpeg\"   alt=\"Chaligny \u00a0: un seul c\u00e2ble pour attacher tous les v\u00e9los avant d\u2019aller juste \u00e0 c\u00f4t\u00e9, en famille, \u00e0 la f\u00eate de la musique.\" loading=\"lazy\" fetchpriority=\"low\" data-mobile=\"NW_detail_M|1750596495\" data-base=\"NW_detail|1750596495\"\/>&#13;<br \/>\n                        <\/a>&#13;<\/p>\n<p>Chaligny \u00a0: un seul c\u00e2ble pour attacher tous les v\u00e9los avant d\u2019aller juste \u00e0 c\u00f4t\u00e9, en famille, \u00e0 la f\u00eate de la musique.<\/p>\n<p>                        &#13;<br \/>\n                                           &#13;\n                <\/li>\n<p>&#13;<br \/>\n            &#13;<\/p>\n<li class=\"carousel-wrapper__slides--slide item\" id=\"slide-6\">&#13;<br \/>\n                                    &#13;<br \/>\n                        <a class=\"chocolat-image GA-tracking\" data-ga_type=\"click\" data-ga_category=\"D\u00e9tail\" data-ga_action=\"zoomer\" data-ga_label=\"aggrandir image\" href=\"https:\/\/cdn-s-www.estrepublicain.fr\/images\/BBE24B55-B352-420B-B34D-7C54AA77B73A\/NW_raw\/chaligny-fete-de-la-musique-pour-les-petits-aussi-apres-les-tremoussements-danses-la-course-poursuite-1750596495.jpg\" title=\"Chaligny \u00a0: f\u00eate de la musique pour les petits aussi, apr\u00e8s les tr\u00e9moussements dans\u00e9s, la course-poursuite\u00a0!\" target=\"_blank\" rel=\"noopener\">&#13;<br \/>\n                            <img decoding=\"async\" src=\"https:\/\/www.europesays.com\/fr\/wp-content\/uploads\/2025\/06\/chaligny-fete-de-la-musique-pour-les-petits-aussi-apres-les-tremoussements-danses-la-course-poursuit.jpeg\"   alt=\"Chaligny \u00a0: f\u00eate de la musique pour les petits aussi, apr\u00e8s les tr\u00e9moussements dans\u00e9s, la course-poursuite\u00a0!\" loading=\"lazy\" fetchpriority=\"low\" data-mobile=\"NW_detail_M|1750596495\" data-base=\"NW_detail|1750596495\"\/>&#13;<br \/>\n                        <\/a>&#13;<\/p>\n<p>Chaligny \u00a0: f\u00eate de la musique pour les petits aussi, apr\u00e8s les tr\u00e9moussements dans\u00e9s, la course-poursuite\u00a0!<\/p>\n<p>                        &#13;<br \/>\n                                           &#13;\n                <\/li>\n<p>&#13;<br \/>\n            &#13;<\/p>\n<li class=\"carousel-wrapper__slides--slide item slideWithPub\" id=\"slide-7\">&#13;<br \/>\n                        &#13;<br \/>\n                            <a class=\"chocolat-image\" title=\"Publicit\u00e9\" href=\"data:image\/gif;base64,R0lGODlhAQABAAD\/ACwAAAAAAQABAAACADs=\">&#13;<br \/>\n                                <img decoding=\"async\" src=\"data:image\/gif;base64,R0lGODlhAQABAAD\/ACwAAAAAAQABAAACADs=\" alt=\"Publicit\u00e9\" loading=\"lazy\" fetchpriority=\"low\"\/>&#13;<br \/>\n                            <\/a>&#13;<br \/>\n                        &#13;\n                    <\/li>\n<p>&#13;<\/p>\n<li class=\"carousel-wrapper__slides--slide item\" id=\"slide-8\">&#13;<br \/>\n                                    &#13;<br \/>\n                        <a class=\"chocolat-image GA-tracking\" data-ga_type=\"click\" data-ga_category=\"D\u00e9tail\" data-ga_action=\"zoomer\" data-ga_label=\"aggrandir image\" href=\"https:\/\/cdn-s-www.estrepublicain.fr\/images\/C2A8FD0D-8B19-40FB-8685-AB704C8A32E0\/NW_raw\/chaligny-les-pop-lollies-et-les-amuse-gueules-ont-fusionne-pour-un-soir-avec-de-la-chanson-reprise-par-tous-1750596495.jpg\" title=\"Chaligny \u00a0: les Pop Lollies et les Amuse Gueules ont fusionn\u00e9 pour un soir avec de la chanson reprise par tous.\" target=\"_blank\" rel=\"noopener\">&#13;<br \/>\n                            <img decoding=\"async\" src=\"https:\/\/www.europesays.com\/fr\/wp-content\/uploads\/2025\/06\/chaligny-les-pop-lollies-et-les-amuse-gueules-ont-fusionne-pour-un-soir-avec-de-la-chanson-reprise-p.jpeg\"   alt=\"Chaligny \u00a0: les Pop Lollies et les Amuse Gueules ont fusionn\u00e9 pour un soir avec de la chanson reprise par tous.\" loading=\"lazy\" fetchpriority=\"low\" data-mobile=\"NW_detail_M|1750596495\" data-base=\"NW_detail|1750596495\"\/>&#13;<br \/>\n                        <\/a>&#13;<\/p>\n<p>Chaligny \u00a0: les Pop Lollies et les Amuse Gueules ont fusionn\u00e9 pour un soir avec de la chanson reprise par tous.<\/p>\n<p>                        &#13;<br \/>\n                                           &#13;\n                <\/li>\n<p>&#13;<br \/>\n            &#13;<\/p>\n<li class=\"carousel-wrapper__slides--slide item\" id=\"slide-9\">&#13;<br \/>\n                                    &#13;<br \/>\n                        <a class=\"chocolat-image GA-tracking\" data-ga_type=\"click\" data-ga_category=\"D\u00e9tail\" data-ga_action=\"zoomer\" data-ga_label=\"aggrandir image\" href=\"https:\/\/cdn-s-www.estrepublicain.fr\/images\/29F641AF-AC20-461A-88A4-7AC8DA4C3875\/NW_raw\/neuves-maisons-reglage-balance-pour-les-rockers-in-slippers-la-fete-n-a-pas-encore-commence-1750596495.jpg\" title=\"Neuves-Maisons : r\u00e9glage balance pour les Rockers in Slippers. La f\u00eate n\u2019a pas encore commenc\u00e9.\" target=\"_blank\" rel=\"noopener\">&#13;<br \/>\n                            <img decoding=\"async\" src=\"https:\/\/www.europesays.com\/fr\/wp-content\/uploads\/2025\/06\/neuves-maisons-reglage-balance-pour-les-rockers-in-slippers-la-fete-n-a-pas-encore-commence-17505964.jpeg\"   alt=\"Neuves-Maisons : r\u00e9glage balance pour les Rockers in Slippers. La f\u00eate n\u2019a pas encore commenc\u00e9.\" loading=\"lazy\" fetchpriority=\"low\" data-mobile=\"NW_detail_M|1750596495\" data-base=\"NW_detail|1750596495\"\/>&#13;<br \/>\n                        <\/a>&#13;<\/p>\n<p>Neuves-Maisons : r\u00e9glage balance pour les Rockers in Slippers. La f\u00eate n\u2019a pas encore commenc\u00e9.<\/p>\n<p>                        &#13;<br \/>\n                                           &#13;\n                <\/li>\n<p>&#13;<br \/>\n            &#13;<\/p>\n<li class=\"carousel-wrapper__slides--slide item\" id=\"slide-10\">&#13;<br \/>\n                                    &#13;<br \/>\n                        <a class=\"chocolat-image GA-tracking\" data-ga_type=\"click\" data-ga_category=\"D\u00e9tail\" data-ga_action=\"zoomer\" data-ga_label=\"aggrandir image\" href=\"https:\/\/cdn-s-www.estrepublicain.fr\/images\/C70FDFCB-262F-4710-ABF1-FD06F221A7C0\/NW_raw\/neuves-maisons-danses-bresiliennes-du-groupe-mlh-danse-1750596495.jpg\" title=\"Neuves-Maisons : danses br\u00e9siliennes du groupe MLH-danse\" target=\"_blank\" rel=\"noopener\">&#13;<br \/>\n                            <img decoding=\"async\" src=\"https:\/\/www.europesays.com\/fr\/wp-content\/uploads\/2025\/06\/neuves-maisons-danses-bresiliennes-du-groupe-mlh-danse-1750596495.jpg\"   alt=\"Neuves-Maisons : danses br\u00e9siliennes du groupe MLH-danse\" loading=\"lazy\" fetchpriority=\"low\" data-mobile=\"NW_detail_M|1750596495\" data-base=\"NW_detail|1750596495\"\/>&#13;<br \/>\n                        <\/a>&#13;<\/p>\n<p>Neuves-Maisons : danses br\u00e9siliennes du groupe MLH-danse<\/p>\n<p>                        &#13;<br \/>\n                                           &#13;\n                <\/li>\n<p>&#13;<br \/>\n            &#13;<\/p>\n<li class=\"carousel-wrapper__slides--slide item\" id=\"slide-11\">&#13;<br \/>\n                                    &#13;<br \/>\n                        <a class=\"chocolat-image GA-tracking\" data-ga_type=\"click\" data-ga_category=\"D\u00e9tail\" data-ga_action=\"zoomer\" data-ga_label=\"aggrandir image\" href=\"https:\/\/cdn-s-www.estrepublicain.fr\/images\/FEC60498-9A85-476A-9DEE-267C96B77DBF\/NW_raw\/neuves-maisons-pour-qui-les-bonnes-barbes-a-papa-1750596495.jpg\" title=\"Neuves-Maisons : pour qui les bonnes barbes \u00e0 papa\u00a0?\" target=\"_blank\" rel=\"noopener\">&#13;<br \/>\n                            <img decoding=\"async\" src=\"https:\/\/www.europesays.com\/fr\/wp-content\/uploads\/2025\/06\/neuves-maisons-pour-qui-les-bonnes-barbes-a-papa-1750596495.jpg\"   alt=\"Neuves-Maisons : pour qui les bonnes barbes \u00e0 papa\u00a0?\" loading=\"lazy\" fetchpriority=\"low\" data-mobile=\"NW_detail_M|1750596495\" data-base=\"NW_detail|1750596495\"\/>&#13;<br \/>\n                        <\/a>&#13;<\/p>\n<p>Neuves-Maisons : pour qui les bonnes barbes \u00e0 papa\u00a0?<\/p>\n<p>                        &#13;<br \/>\n                                           &#13;\n                <\/li>\n<p>&#13;<br \/>\n            &#13;<\/p>\n<li class=\"carousel-wrapper__slides--slide item slideWithPub\" id=\"slide-12\">&#13;<br \/>\n                        &#13;<br \/>\n                            <a class=\"chocolat-image\" title=\"Publicit\u00e9\" href=\"data:image\/gif;base64,R0lGODlhAQABAAD\/ACwAAAAAAQABAAACADs=\">&#13;<br \/>\n                                <img decoding=\"async\" src=\"data:image\/gif;base64,R0lGODlhAQABAAD\/ACwAAAAAAQABAAACADs=\" alt=\"Publicit\u00e9\" loading=\"lazy\" fetchpriority=\"low\"\/>&#13;<br \/>\n                            <\/a>&#13;<br \/>\n                        &#13;\n                    <\/li>\n<p>&#13;<\/p>\n<li class=\"carousel-wrapper__slides--slide item\" id=\"slide-13\">&#13;<br \/>\n                                    &#13;<br \/>\n                        <a class=\"chocolat-image GA-tracking\" data-ga_type=\"click\" data-ga_category=\"D\u00e9tail\" data-ga_action=\"zoomer\" data-ga_label=\"aggrandir image\" href=\"https:\/\/cdn-s-www.estrepublicain.fr\/images\/F18A6988-E1B8-4E1E-B0B4-A5F0FBE5006B\/NW_raw\/neuves-maisons-le-groupe-amaro-en-pleine-action-1750596495.jpg\" title=\"Neuves-Maisons : le groupe Amaro en pleine action\" target=\"_blank\" rel=\"noopener\">&#13;<br \/>\n                            <img decoding=\"async\" src=\"https:\/\/www.europesays.com\/fr\/wp-content\/uploads\/2025\/06\/neuves-maisons-le-groupe-amaro-en-pleine-action-1750596495.jpg\"   alt=\"Neuves-Maisons : le groupe Amaro en pleine action\" loading=\"lazy\" fetchpriority=\"low\" data-mobile=\"NW_detail_M|1750596495\" data-base=\"NW_detail|1750596495\"\/>&#13;<br \/>\n                        <\/a>&#13;<\/p>\n<p>Neuves-Maisons : le groupe Amaro en pleine action<\/p>\n<p>                        &#13;<br \/>\n                                           &#13;\n                <\/li>\n<p>&#13;<br \/>\n            &#13;<\/p>\n<li class=\"carousel-wrapper__slides--slide item\" id=\"slide-14\">&#13;<br \/>\n                                    &#13;<br \/>\n                        <a class=\"chocolat-image GA-tracking\" data-ga_type=\"click\" data-ga_category=\"D\u00e9tail\" data-ga_action=\"zoomer\" data-ga_label=\"aggrandir image\" href=\"https:\/\/cdn-s-www.estrepublicain.fr\/images\/C03C6067-541F-4C37-B972-2CD183407FF4\/NW_raw\/seichamps-belle-reussite-pour-la-fete-de-la-musique-samedi-soir-le-public-a-repondu-a-l-invitation-du-comite-des-fetes-qui-avait-installe-les-stands-de-restauration-et-buvette-derriere-le-centre-socioculturel-sur-le-podium-se-succedaient-acoustic-black-crash-twist-et-les-fuzzibles-a-la-tombee-de-la-nuit-une-centaine-d-enfants-participaient-avec-ravissement-au-defile-aux-lampions-de-la-place-de-l-eglise-jusqu-au-parc-schuman-ou-s-embrasait-la-chavande-des-feux-de-la-saint-jean-pour-feter-le-solstice-d-ete-1750602484.jpg\" title=\"Seichamps. Belle r\u00e9ussite pour la f\u00eate de la musique samedi soir. Le public a r\u00e9pondu \u00e0 l&#039;invitation du comit\u00e9 des f\u00eates qui avait install\u00e9 les stands de restauration et buvette derri\u00e8re le centre socioculturel. Sur le podium, se succ\u00e9daient Acoustic Black, Crash Twist et les Fuzzibles. A la tomb\u00e9e de la nuit, une centaine d&#039;enfants participaient avec ravissement au d\u00e9fil\u00e9 aux lampions de la place de l&#039;Eglise jusqu&#039;au parc Schuman o\u00f9 s&#039;embrasait la chavande des feux de la Saint-Jean pour f\u00eater le solstice d&#039;\u00e9t\u00e9.\" target=\"_blank\" rel=\"noopener\">&#13;<br \/>\n                            <img decoding=\"async\" src=\"https:\/\/www.europesays.com\/fr\/wp-content\/uploads\/2025\/06\/seichamps-belle-reussite-pour-la-fete-de-la-musique-samedi-soir-le-public-a-repondu-a-l-invitation-d.jpeg\"   alt=\"Seichamps. Belle r\u00e9ussite pour la f\u00eate de la musique samedi soir. Le public a r\u00e9pondu \u00e0 l'invitation du comit\u00e9 des f\u00eates qui avait install\u00e9 les stands de restauration et buvette derri\u00e8re le centre socioculturel. Sur le podium, se succ\u00e9daient Acoustic Black, Crash Twist et les Fuzzibles. A la tomb\u00e9e de la nuit, une centaine d'enfants participaient avec ravissement au d\u00e9fil\u00e9 aux lampions de la place de l'Eglise jusqu'au parc Schuman o\u00f9 s'embrasait la chavande des feux de la Saint-Jean pour f\u00eater le solstice d'\u00e9t\u00e9.\" loading=\"lazy\" fetchpriority=\"low\" data-mobile=\"NW_detail_M|1750602484\" data-base=\"NW_detail|1750602484\"\/>&#13;<br \/>\n                        <\/a>&#13;<\/p>\n<p>Seichamps. Belle r\u00e9ussite pour la f\u00eate de la musique samedi soir. Le public a r\u00e9pondu \u00e0 l&rsquo;invitation du comit\u00e9 des f\u00eates qui avait install\u00e9 les stands de restauration et buvette derri\u00e8re le centre socioculturel. Sur le podium, se succ\u00e9daient Acoustic Black, Crash Twist et les Fuzzibles. A la tomb\u00e9e de la nuit, une centaine d&rsquo;enfants participaient avec ravissement au d\u00e9fil\u00e9 aux lampions de la place de l&rsquo;Eglise jusqu&rsquo;au parc Schuman o\u00f9 s&#8217;embrasait la chavande des feux de la Saint-Jean pour f\u00eater le solstice d&rsquo;\u00e9t\u00e9.<\/p>\n<p>                        &#13;<br \/>\n                                           &#13;\n                <\/li>\n<p>&#13;<br \/>\n            &#13;<\/p>\n<li class=\"carousel-wrapper__slides--slide item\" id=\"slide-15\">&#13;<br \/>\n                                    &#13;<br \/>\n                        <a class=\"chocolat-image GA-tracking\" data-ga_type=\"click\" data-ga_category=\"D\u00e9tail\" data-ga_action=\"zoomer\" data-ga_label=\"aggrandir image\" href=\"https:\/\/cdn-s-www.estrepublicain.fr\/images\/D5099CD3-5A35-46AE-BAD7-B52604D71086\/NW_raw\/seichamps-belle-reussite-pour-la-fete-de-la-musique-samedi-soir-le-public-a-repondu-a-l-invitation-du-comite-des-fetes-qui-avait-installe-les-stands-de-restauration-et-buvette-derriere-le-centre-socioculturel-sur-le-podium-se-succedaient-acoustic-black-crash-twist-et-les-fuzzibles-a-la-tombee-de-la-nuit-une-centaine-d-enfants-participaient-avec-ravissement-au-defile-aux-lampions-de-la-place-de-l-eglise-jusqu-au-parc-schuman-ou-s-embrasait-la-chavande-des-feux-de-la-saint-jean-pour-feter-le-solstice-d-ete-1750602484.jpg\" title=\"Seichamps. Belle r\u00e9ussite pour la f\u00eate de la musique samedi soir. Le public a r\u00e9pondu \u00e0 l&#039;invitation du comit\u00e9 des f\u00eates qui avait install\u00e9 les stands de restauration et buvette derri\u00e8re le centre socioculturel. Sur le podium, se succ\u00e9daient Acoustic Black, Crash Twist et les Fuzzibles. A la tomb\u00e9e de la nuit, une centaine d&#039;enfants participaient avec ravissement au d\u00e9fil\u00e9 aux lampions de la place de l&#039;Eglise jusqu&#039;au parc Schuman o\u00f9 s&#039;embrasait la chavande des feux de la Saint-Jean pour f\u00eater le solstice d&#039;\u00e9t\u00e9.\" target=\"_blank\" rel=\"noopener\">&#13;<br \/>\n                            <img decoding=\"async\" src=\"https:\/\/www.europesays.com\/fr\/wp-content\/uploads\/2025\/06\/1750618252_9_seichamps-belle-reussite-pour-la-fete-de-la-musique-samedi-soir-le-public-a-repondu-a-l-invitation-d.jpeg\"   alt=\"Seichamps. Belle r\u00e9ussite pour la f\u00eate de la musique samedi soir. Le public a r\u00e9pondu \u00e0 l'invitation du comit\u00e9 des f\u00eates qui avait install\u00e9 les stands de restauration et buvette derri\u00e8re le centre socioculturel. Sur le podium, se succ\u00e9daient Acoustic Black, Crash Twist et les Fuzzibles. A la tomb\u00e9e de la nuit, une centaine d'enfants participaient avec ravissement au d\u00e9fil\u00e9 aux lampions de la place de l'Eglise jusqu'au parc Schuman o\u00f9 s'embrasait la chavande des feux de la Saint-Jean pour f\u00eater le solstice d'\u00e9t\u00e9.\" loading=\"lazy\" fetchpriority=\"low\" data-mobile=\"NW_detail_M|1750602484\" data-base=\"NW_detail|1750602484\"\/>&#13;<br \/>\n                        <\/a>&#13;<\/p>\n<p>Seichamps. Belle r\u00e9ussite pour la f\u00eate de la musique samedi soir. Le public a r\u00e9pondu \u00e0 l&rsquo;invitation du comit\u00e9 des f\u00eates qui avait install\u00e9 les stands de restauration et buvette derri\u00e8re le centre socioculturel. Sur le podium, se succ\u00e9daient Acoustic Black, Crash Twist et les Fuzzibles. A la tomb\u00e9e de la nuit, une centaine d&rsquo;enfants participaient avec ravissement au d\u00e9fil\u00e9 aux lampions de la place de l&rsquo;Eglise jusqu&rsquo;au parc Schuman o\u00f9 s&#8217;embrasait la chavande des feux de la Saint-Jean pour f\u00eater le solstice d&rsquo;\u00e9t\u00e9.<\/p>\n<p>                        &#13;<br \/>\n                                           &#13;\n                <\/li>\n<p>&#13;<br \/>\n            &#13;<\/p>\n<li class=\"carousel-wrapper__slides--slide item\" id=\"slide-16\">&#13;<br \/>\n                                    &#13;<br \/>\n                        <a class=\"chocolat-image GA-tracking\" data-ga_type=\"click\" data-ga_category=\"D\u00e9tail\" data-ga_action=\"zoomer\" data-ga_label=\"aggrandir image\" href=\"https:\/\/cdn-s-www.estrepublicain.fr\/images\/A3FE8D6B-066D-4892-835C-D74E7B000222\/NW_raw\/rosieres-aux-salines-le-groupe-petocask-de-purs-rosierois-a-anime-le-debut-de-soiree-sur-des-cadences-plutot-rock-bien-connues-1750603093.jpg\" title=\"Rosi\u00e8res-aux-Salines. Le groupe Petocask, de purs Rosi\u00e9rois, a anim\u00e9 le d\u00e9but de soir\u00e9e sur des cadences plut\u00f4t rock bien connues.\" target=\"_blank\" rel=\"noopener\">&#13;<br \/>\n                            <img decoding=\"async\" src=\"https:\/\/www.europesays.com\/fr\/wp-content\/uploads\/2025\/06\/rosieres-aux-salines-le-groupe-petocask-de-purs-rosierois-a-anime-le-debut-de-soiree-sur-des-cadence.jpeg\"   alt=\"Rosi\u00e8res-aux-Salines. Le groupe Petocask, de purs Rosi\u00e9rois, a anim\u00e9 le d\u00e9but de soir\u00e9e sur des cadences plut\u00f4t rock bien connues.\" loading=\"lazy\" fetchpriority=\"low\" data-mobile=\"NW_detail_M|1750603093\" data-base=\"NW_detail|1750603093\"\/>&#13;<br \/>\n                        <\/a>&#13;<\/p>\n<p>Rosi\u00e8res-aux-Salines. Le groupe Petocask, de purs Rosi\u00e9rois, a anim\u00e9 le d\u00e9but de soir\u00e9e sur des cadences plut\u00f4t rock bien connues.<\/p>\n<p>                        &#13;<br \/>\n                                           &#13;\n                <\/li>\n<p>&#13;<br \/>\n            &#13;\n                <\/ul>\n","protected":false},"excerpt":{"rendered":"&#13; L&rsquo;Est R\u00e9publicain &#8211; &#13; &#13; Aujourd&rsquo;hui \u00e0 14:49&#13; &#13; | mis \u00e0 jour aujourd&rsquo;hui \u00e0 16:38&#13; &#8211;&hellip;\n","protected":false},"author":2,"featured_media":196457,"comment_status":"","ping_status":"","sticky":false,"template":"","format":"standard","meta":{"footnotes":""},"categories":[9635],"tags":[1111,11,23797,1687,1704,1777,674,1011,27,2798,775,19913,1702,9847,12,11073,25,10870,16937,13654],"class_list":{"0":"post-196456","1":"post","2":"type-post","3":"status-publish","4":"format-standard","5":"has-post-thumbnail","7":"category-nancy","8":"tag-actu","9":"tag-actualites","10":"tag-chaligny","11":"tag-culture-loisirs","12":"tag-edition-nancy-et-agglomeration","13":"tag-eu","14":"tag-europe","15":"tag-fr","16":"tag-france","17":"tag-galerie-photo","18":"tag-grand-est","19":"tag-heillecourt","20":"tag-nancy","21":"tag-neuves-maisons","22":"tag-news","23":"tag-pompey","24":"tag-republique-francaise","25":"tag-rosieres-aux-salines","26":"tag-saint-max","27":"tag-seichamps"},"share_on_mastodon":{"url":"https:\/\/pubeurope.com\/@fr\/114728526823805911","error":""},"_links":{"self":[{"href":"https:\/\/www.europesays.com\/fr\/wp-json\/wp\/v2\/posts\/196456","targetHints":{"allow":["GET"]}}],"collection":[{"href":"https:\/\/www.europesays.com\/fr\/wp-json\/wp\/v2\/posts"}],"about":[{"href":"https:\/\/www.europesays.com\/fr\/wp-json\/wp\/v2\/types\/post"}],"author":[{"embeddable":true,"href":"https:\/\/www.europesays.com\/fr\/wp-json\/wp\/v2\/users\/2"}],"replies":[{"embeddable":true,"href":"https:\/\/www.europesays.com\/fr\/wp-json\/wp\/v2\/comments?post=196456"}],"version-history":[{"count":0,"href":"https:\/\/www.europesays.com\/fr\/wp-json\/wp\/v2\/posts\/196456\/revisions"}],"wp:featuredmedia":[{"embeddable":true,"href":"https:\/\/www.europesays.com\/fr\/wp-json\/wp\/v2\/media\/196457"}],"wp:attachment":[{"href":"https:\/\/www.europesays.com\/fr\/wp-json\/wp\/v2\/media?parent=196456"}],"wp:term":[{"taxonomy":"category","embeddable":true,"href":"https:\/\/www.europesays.com\/fr\/wp-json\/wp\/v2\/categories?post=196456"},{"taxonomy":"post_tag","embeddable":true,"href":"https:\/\/www.europesays.com\/fr\/wp-json\/wp\/v2\/tags?post=196456"}],"curies":[{"name":"wp","href":"https:\/\/api.w.org\/{rel}","templated":true}]}}