{"id":19647,"date":"2025-04-12T10:48:21","date_gmt":"2025-04-12T10:48:21","guid":{"rendered":"https:\/\/www.europesays.com\/fr\/19647\/"},"modified":"2025-04-12T10:48:21","modified_gmt":"2025-04-12T10:48:21","slug":"en-allemagne-le-nouveau-bundestag-est-plus-divise-que-jamais","status":"publish","type":"post","link":"https:\/\/www.europesays.com\/fr\/19647\/","title":{"rendered":"En Allemagne, le nouveau Bundestag est plus divis\u00e9 que jamais"},"content":{"rendered":"\n<p>\u201cPlus petit, plus \u00e0 droite, plus masculin et un peu plus jeune \u2013\u00a0voil\u00e0 de quoi a l\u2019air le nouveau Bundestag qui se r\u00e9unit aujourd\u2019hui pour la premi\u00e8re fois depuis les \u00e9lections\u201d, <a class=\"ithalc\" data-ithal=\"lien_externe\" data-ithalc=\"[nav_article]\" target=\"_blank\" href=\"https:\/\/www.spiegel.de\/politik\/deutschland\/news-konstituierende-sitzung-des-bundestags-prozess-gegen-ex-raf-frau-daniela-klette-us-kriegsplaene-im-gruppenchat-a-324b4a9f-9e59-454c-9c87-bc9170afd54c\" rel=\"noopener\">annonce <strong>Der Spiegel<\/strong><\/a><strong> <\/strong>mardi 25\u00a0mars. Pr\u00e8s d\u2019un mois apr\u00e8s les derni\u00e8res \u00e9lections l\u00e9gislatives, 630\u00a0parlementaires \u2013\u00a0dont un peu plus de 32\u00a0% de femmes\u00a0\u2013 ont int\u00e9gr\u00e9 la chambre basse allemande, d\u00e9sormais dirig\u00e9e par l\u2019ancienne ministre conservatrice Julia Kl\u00f6ckner.<\/p>\n<p>Les nouveaux parlementaires sont issus des rangs de la droite chr\u00e9tienne (CDU-CSU), de l\u2019extr\u00eame droite (AfD), des sociaux-d\u00e9mocrates (SPD), des Verts, de la gauche radicale (Die Linke) et d\u2019un parti r\u00e9gional danois du Schleswig-Holstein (SSW). Et leur mission est essentielle\u00a0: ils votent les lois, d\u00e9cident des interventions de l\u2019arm\u00e9e \u00e0 l\u2019\u00e9tranger, \u00e9lisent le chancelier et surveillent l\u2019action du gouvernement.<\/p>\n<p> \u201cVisage sympathique du national-socialisme\u201d <\/p>\n<p><a class=\"ithalc\" data-ithal=\"lien_externe\" data-ithalc=\"[nav_article]\" target=\"_blank\" href=\"https:\/\/www.faz.net\/aktuell\/politik\/inland\/neuer-bundestag-mit-brandmauer-die-republik-veraendert-sich-110377041.html\" rel=\"noopener\">Mais selon la <strong>Frankfurter Allgemeine Zeitung<\/strong><\/a><strong>, <\/strong>la chambre basse du Parlement allemand risque de rapidement s\u2019emp\u00eatr<\/p>\n","protected":false},"excerpt":{"rendered":"\u201cPlus petit, plus \u00e0 droite, plus masculin et un peu plus jeune \u2013\u00a0voil\u00e0 de quoi a l\u2019air le&hellip;\n","protected":false},"author":2,"featured_media":19648,"comment_status":"","ping_status":"","sticky":false,"template":"","format":"standard","meta":{"footnotes":""},"categories":[1587],"tags":[11,672,1804,1805,1803,1777,674,6429,7610,1801,12,316,1802,7609],"class_list":{"0":"post-19647","1":"post","2":"type-post","3":"status-publish","4":"format-standard","5":"has-post-thumbnail","7":"category-allemagne","8":"tag-actualites","9":"tag-allemagne","10":"tag-bundesrepublik-deutschland","11":"tag-de","12":"tag-deutschland","13":"tag-eu","14":"tag-europe","15":"tag-extru00eame-droite","16":"tag-extru00eame-droite-en-allemagne","17":"tag-germany","18":"tag-news","19":"tag-politique","20":"tag-republique-federale-dallemagne","21":"tag-u00e9lections-en-allemagne"},"share_on_mastodon":{"url":"https:\/\/pubeurope.com\/@fr\/114324603101399523","error":""},"_links":{"self":[{"href":"https:\/\/www.europesays.com\/fr\/wp-json\/wp\/v2\/posts\/19647","targetHints":{"allow":["GET"]}}],"collection":[{"href":"https:\/\/www.europesays.com\/fr\/wp-json\/wp\/v2\/posts"}],"about":[{"href":"https:\/\/www.europesays.com\/fr\/wp-json\/wp\/v2\/types\/post"}],"author":[{"embeddable":true,"href":"https:\/\/www.europesays.com\/fr\/wp-json\/wp\/v2\/users\/2"}],"replies":[{"embeddable":true,"href":"https:\/\/www.europesays.com\/fr\/wp-json\/wp\/v2\/comments?post=19647"}],"version-history":[{"count":0,"href":"https:\/\/www.europesays.com\/fr\/wp-json\/wp\/v2\/posts\/19647\/revisions"}],"wp:featuredmedia":[{"embeddable":true,"href":"https:\/\/www.europesays.com\/fr\/wp-json\/wp\/v2\/media\/19648"}],"wp:attachment":[{"href":"https:\/\/www.europesays.com\/fr\/wp-json\/wp\/v2\/media?parent=19647"}],"wp:term":[{"taxonomy":"category","embeddable":true,"href":"https:\/\/www.europesays.com\/fr\/wp-json\/wp\/v2\/categories?post=19647"},{"taxonomy":"post_tag","embeddable":true,"href":"https:\/\/www.europesays.com\/fr\/wp-json\/wp\/v2\/tags?post=19647"}],"curies":[{"name":"wp","href":"https:\/\/api.w.org\/{rel}","templated":true}]}}