{"id":196470,"date":"2025-06-22T18:59:11","date_gmt":"2025-06-22T18:59:11","guid":{"rendered":"https:\/\/www.europesays.com\/fr\/196470\/"},"modified":"2025-06-22T18:59:11","modified_gmt":"2025-06-22T18:59:11","slug":"les-centaures-ont-perdu-la-finale-du-casque-dor","status":"publish","type":"post","link":"https:\/\/www.europesays.com\/fr\/196470\/","title":{"rendered":"les Centaures ont perdu la finale du casque d\u2019or"},"content":{"rendered":"<p>Les Centaures de Grenoble ont perdu la finale du casque d\u2019or du championnat de France D2 du football am\u00e9ricain, face aux M\u00e9t\u00e9ores de Fontenay-sous-Bois (21-34), sur la pelouse du stade Lesdigui\u00e8res le samedi 21\u00a0juin.<\/p>\n<p>\u00c0 noter que les Centaures de Grenoble ont disput\u00e9 la deuxi\u00e8me finale nationale \u00e0 domicile en deux saisons cons\u00e9cutives. Ils n\u2019ont pas r\u00e9ussi \u00e0 conserver leur titre de champion de France face aux M\u00e9t\u00e9ores de Fontenay-sous-Bois (Val-de-Marne).<\/p>\n","protected":false},"excerpt":{"rendered":"Les Centaures de Grenoble ont perdu la finale du casque d\u2019or du championnat de France D2 du football&hellip;\n","protected":false},"author":2,"featured_media":196471,"comment_status":"","ping_status":"","sticky":false,"template":"","format":"standard","meta":{"footnotes":""},"categories":[9566],"tags":[1111,11,2430,112,1777,674,1011,27,2731,2732,12,25,517],"class_list":{"0":"post-196470","1":"post","2":"type-post","3":"status-publish","4":"format-standard","5":"has-post-thumbnail","7":"category-grenoble","8":"tag-actu","9":"tag-actualites","10":"tag-auvergne-rhone-alpes","11":"tag-edition-grenoble-agglomeration","12":"tag-eu","13":"tag-europe","14":"tag-fr","15":"tag-france","16":"tag-grenoble","17":"tag-grenoble-bassin","18":"tag-news","19":"tag-republique-francaise","20":"tag-sport"},"share_on_mastodon":{"url":"https:\/\/pubeurope.com\/@fr\/114728557800169219","error":""},"_links":{"self":[{"href":"https:\/\/www.europesays.com\/fr\/wp-json\/wp\/v2\/posts\/196470","targetHints":{"allow":["GET"]}}],"collection":[{"href":"https:\/\/www.europesays.com\/fr\/wp-json\/wp\/v2\/posts"}],"about":[{"href":"https:\/\/www.europesays.com\/fr\/wp-json\/wp\/v2\/types\/post"}],"author":[{"embeddable":true,"href":"https:\/\/www.europesays.com\/fr\/wp-json\/wp\/v2\/users\/2"}],"replies":[{"embeddable":true,"href":"https:\/\/www.europesays.com\/fr\/wp-json\/wp\/v2\/comments?post=196470"}],"version-history":[{"count":0,"href":"https:\/\/www.europesays.com\/fr\/wp-json\/wp\/v2\/posts\/196470\/revisions"}],"wp:featuredmedia":[{"embeddable":true,"href":"https:\/\/www.europesays.com\/fr\/wp-json\/wp\/v2\/media\/196471"}],"wp:attachment":[{"href":"https:\/\/www.europesays.com\/fr\/wp-json\/wp\/v2\/media?parent=196470"}],"wp:term":[{"taxonomy":"category","embeddable":true,"href":"https:\/\/www.europesays.com\/fr\/wp-json\/wp\/v2\/categories?post=196470"},{"taxonomy":"post_tag","embeddable":true,"href":"https:\/\/www.europesays.com\/fr\/wp-json\/wp\/v2\/tags?post=196470"}],"curies":[{"name":"wp","href":"https:\/\/api.w.org\/{rel}","templated":true}]}}