{"id":196493,"date":"2025-06-22T19:14:11","date_gmt":"2025-06-22T19:14:11","guid":{"rendered":"https:\/\/www.europesays.com\/fr\/196493\/"},"modified":"2025-06-22T19:14:11","modified_gmt":"2025-06-22T19:14:11","slug":"a-lille-les-fans-ded-sheeran-ont-eu-droit-a-un-invite-surprise-pour-son-concert-pierre-garnier-2","status":"publish","type":"post","link":"https:\/\/www.europesays.com\/fr\/196493\/","title":{"rendered":"\u00c0 Lille, les fans d\u2019Ed Sheeran ont eu droit \u00e0 un invit\u00e9 surprise pour son concert, Pierre Garnier"},"content":{"rendered":"<p>MUSIQUE &#8211; Un duo de r\u00eave pour le public lillois. Samedi 21\u00a0juin, la journ\u00e9e de nombreux Fran\u00e7ais a \u00e9t\u00e9 rythm\u00e9e par <a href=\"https:\/\/fr.news.yahoo.com\/beyonc%C3%A9-f%C3%AAte-musique-hellfest-guide-054105921.html\" data-ylk=\"slk:la F\u00eate de la musique;elm:context_link;itc:0;sec:content-canvas;outcm:mb_qualified_link;_E:mb_qualified_link;ct:story;\" class=\"link  yahoo-link\" target=\"_blank\" rel=\"noopener\">la F\u00eate de la musique<\/a>. \u00c0 Lille, les amateurs d\u2019<a href=\"https:\/\/fr.news.yahoo.com\/ed-sheeran-appris-persian-snap-072913358.html\" data-ylk=\"slk:Ed Sheeran;elm:context_link;itc:0;sec:content-canvas;outcm:mb_qualified_link;_E:mb_qualified_link;ct:story;\" class=\"link  yahoo-link\" target=\"_blank\" rel=\"noopener\">Ed Sheeran<\/a> s\u2019\u00e9taient eux donn\u00e9 rendez-vous au <a href=\"https:\/\/www.huffingtonpost.fr\/sport\/article\/le-stade-de-lille-rebaptise-decathlon-arena-stade-pierre-mauroy_197693.html\" rel=\"nofollow noopener\" target=\"_blank\" data-ylk=\"slk:Stade Pierre-Mauroy;elm:context_link;itc:0;sec:content-canvas\" class=\"link \">Stade Pierre-Mauroy<\/a> pour une nouvelle \u00e9tape fran\u00e7aise du <a href=\"https:\/\/fr.news.yahoo.com\/ed-sheeran-encourag%C3%A9-britannique-faisant-160251170.html\" data-ylk=\"slk:Mathematics Tour\u00a0de l\u2019artiste britannique;elm:context_link;itc:0;sec:content-canvas;outcm:mb_qualified_link;_E:mb_qualified_link;ct:story;\" class=\"link  yahoo-link\" target=\"_blank\" rel=\"noopener\">Mathematics Tour\u00a0de l\u2019artiste britannique<\/a>.<\/p>\n<p>Un show devant 66\u00a0000\u00a0personnes, qui se souviendront sans doute longtemps de la surprise concoct\u00e9e par Ed Sheeran. Il faut dire que l\u2019interpr\u00e8te de Shape of You a pour habitude de surprendre son public en invitant des artistes locaux lors de ses concerts \u00e0 l\u2019\u00e9tranger. Et apr\u00e8s le rappeur marseillais Soprano, <a href=\"https:\/\/fr.news.yahoo.com\/bad-bunny-concert-%C3%A0-paris-133022829.html\" data-ylk=\"slk:invit\u00e9 au stade V\u00e9lodrome de Marseille en d\u00e9but du mois;elm:context_link;itc:0;sec:content-canvas;outcm:mb_qualified_link;_E:mb_qualified_link;ct:story;\" class=\"link  yahoo-link\" target=\"_blank\" rel=\"noopener\">invit\u00e9 au stade V\u00e9lodrome de Marseille en d\u00e9but du mois<\/a>, c\u2019est un artiste normand qui est mont\u00e9 sur sc\u00e8ne\u00a0: <a href=\"https:\/\/fr.news.yahoo.com\/pierre-garnier-gagnant-star-academy-100800433.html\" data-ylk=\"slk:Pierre Garnier;elm:context_link;itc:0;sec:content-canvas;outcm:mb_qualified_link;_E:mb_qualified_link;ct:story;\" class=\"link  yahoo-link\" target=\"_blank\" rel=\"noopener\">Pierre Garnier<\/a>, le gagnant de <a href=\"https:\/\/fr.news.yahoo.com\/pierre-garnier-gagnant-star-academy-134928719.html\" data-ylk=\"slk:l\u2019\u00e9dition 2023\u00a0de la Star Academy;elm:context_link;itc:0;sec:content-canvas;outcm:mb_qualified_link;_E:mb_qualified_link;ct:story;\" class=\"link  yahoo-link\" target=\"_blank\" rel=\"noopener\">l\u2019\u00e9dition 2023\u00a0de la Star Academy<\/a>.<\/p>\n<p><a href=\"https:\/\/fr.news.yahoo.com\/soprano-fait-visiter-marseille-%C3%A0-191511082.html\" data-ylk=\"slk:Soprano a fait visiter Marseille \u00e0 Ed Sheeran, et ils ont \u00e9videmment jou\u00e9 \u00e0 la p\u00e9tanque;elm:context_link;itc:0;sec:content-canvas;outcm:mb_qualified_link;_E:mb_qualified_link;ct:story;\" class=\"link  yahoo-link\" target=\"_blank\" rel=\"noopener\"> Soprano a fait visiter Marseille \u00e0 Ed Sheeran, et ils ont \u00e9videmment jou\u00e9 \u00e0 la p\u00e9tanque <\/a><\/p>\n<p>Et ensemble, les deux artistes ont repris en version acoustique le titre <a href=\"https:\/\/fr.news.yahoo.com\/pierre-garnier-star-academy-chante-213714663.html\" data-ylk=\"slk:Ceux qu\u2019on \u00e9tait;elm:context_link;itc:0;sec:content-canvas;outcm:mb_qualified_link;_E:mb_qualified_link;ct:story;\" class=\"link  yahoo-link\" target=\"_blank\" rel=\"noopener\">Ceux qu\u2019on \u00e9tait<\/a>, en fran\u00e7ais.<\/p>\n<p>\u00ab\u00a0Le meilleur jour de ma vie\u00a0\u00bb<\/p>\n<p>Sur sc\u00e8ne, l\u2019artiste fran\u00e7ais de 23\u00a0ans semblait le premier \u00e0 avoir du mal \u00e0 r\u00e9aliser le moment qu\u2019il \u00e9tait en train de vivre avec son idole. \u00ab\u00a0Vraiment le meilleur jour de ma vie, c\u2019\u00e9tait fou\u00a0\u00bb, a-t-il d\u2019ailleurs comment\u00e9 sur Instagram, repartageant un extrait vid\u00e9o du moment.<\/p>\n<p>De son c\u00f4t\u00e9, Ed Sheeran a confi\u00e9 son \u00ab\u00a0plaisir d\u2019avoir Pierre Garnier sur sc\u00e8ne\u00a0\u00bb, \u00ab\u00a0mais aussi pour discuter avec lui avant le spectacle\u00a0\u00bb, encensant m\u00eame le jeune chanteur\u00a0: \u00ab\u00a0quel talent, quel type adorable. Je dirais que mon fran\u00e7ais a besoin d\u2019\u00eatre am\u00e9lior\u00e9, non\u00a0? J\u2019ai rat\u00e9 mon GCSE (un dipl\u00f4me g\u00e9n\u00e9ralement obtenu \u00e0 16\u00a0ans dans certains pays anglo-saxons, NDLR) d\u2019allemand, je n\u2019ai m\u00eame pas pris de fran\u00e7ais, mais on y est, mon pote. Merci Pierre, merci Lille\u00a0\u00bb.<\/p>\n<p>L\u2019admiration est r\u00e9ciproque entre les deux hommes. En d\u00e9cembre, Pierre Garnier avait parl\u00e9 d\u2019Ed Sheeran sur le plateau de C \u00e0 Vous, comme le rappelle <a href=\"https:\/\/www.leparisien.fr\/culture-loisirs\/musique\/le-meilleur-jour-de-ma-vie-pierre-garnier-a-rejoint-ed-sheeran-sur-scene-a-lille-22-06-2025-OEONOXBKVJA3DCXTIHF5JJRHPE.php\" rel=\"nofollow noopener\" target=\"_blank\" data-ylk=\"slk:Le Parisien;elm:context_link;itc:0;sec:content-canvas\" class=\"link \">Le Parisien<\/a>, l\u00e2chant qu\u2019il s\u2019agissait de son \u00ab\u00a0idole\u00a0\u00bb. Une raison pour laquelle il a pris l\u2019habitude de reprendre son morceau Bloodstream sur sc\u00e8ne lors de ses propres concerts. \u00ab\u00a0Il fait tout tout seul. Il \u00e9crit, il compose, il fait ses concerts aussi tout seul. C\u2019est quelqu\u2019un d\u2019extraordinaire qui a l\u2019air de rester simple et c\u2019est \u00e7a que j\u2019aime aussi\u00a0\u00bb, avait-il confi\u00e9.<\/p>\n<p><a href=\"https:\/\/fr.news.yahoo.com\/sabrina-carpenter-pense-%C3%A0-nouvelle-120003962.html\" data-ylk=\"slk:Sabrina Carpenter pense \u00e0 cette nouvelle r\u00e8gle qui\u00a0va \u00ab\u00a0faire rager les fans\u00a0\u00bb lors de ses prochains concerts;elm:context_link;itc:0;sec:content-canvas;outcm:mb_qualified_link;_E:mb_qualified_link;ct:story;\" class=\"link  yahoo-link\" target=\"_blank\" rel=\"noopener\"> Sabrina Carpenter pense \u00e0 cette nouvelle r\u00e8gle qui\u00a0va \u00ab\u00a0faire rager les fans\u00a0\u00bb lors de ses prochains concerts <\/a><\/p>\n<p><a href=\"https:\/\/fr.news.yahoo.com\/montres-connect%C3%A9es-devaient-%C3%AAtre-%C3%A9teintes-113012441.html\" data-ylk=\"slk:Les montres connect\u00e9es devaient \u00eatre \u00e9teintes au Download Festival, et pour une bonne raison;elm:context_link;itc:0;sec:content-canvas;outcm:mb_qualified_link;_E:mb_qualified_link;ct:story;\" class=\"link  yahoo-link\" target=\"_blank\" rel=\"noopener\"> Les montres connect\u00e9es devaient \u00eatre \u00e9teintes au Download Festival, et pour une bonne raison <\/a><\/p>\n","protected":false},"excerpt":{"rendered":"MUSIQUE &#8211; Un duo de r\u00eave pour le public lillois. Samedi 21\u00a0juin, la journ\u00e9e de nombreux Fran\u00e7ais a&hellip;\n","protected":false},"author":2,"featured_media":196494,"comment_status":"","ping_status":"","sticky":false,"template":"","format":"standard","meta":{"footnotes":""},"categories":[2815],"tags":[1111,11,9472,1777,674,25885,1011,27,811,12420,1307,12,5096,25],"class_list":{"0":"post-196493","1":"post","2":"type-post","3":"status-publish","4":"format-standard","5":"has-post-thumbnail","7":"category-lille","8":"tag-actu","9":"tag-actualites","10":"tag-ed-sheeran","11":"tag-eu","12":"tag-europe","13":"tag-fete-de-la-musique","14":"tag-fr","15":"tag-france","16":"tag-hauts-de-france","17":"tag-lartiste","18":"tag-lille","19":"tag-news","20":"tag-pierre-garnier","21":"tag-republique-francaise"},"share_on_mastodon":{"url":"https:\/\/pubeurope.com\/@fr\/114728616899194801","error":""},"_links":{"self":[{"href":"https:\/\/www.europesays.com\/fr\/wp-json\/wp\/v2\/posts\/196493","targetHints":{"allow":["GET"]}}],"collection":[{"href":"https:\/\/www.europesays.com\/fr\/wp-json\/wp\/v2\/posts"}],"about":[{"href":"https:\/\/www.europesays.com\/fr\/wp-json\/wp\/v2\/types\/post"}],"author":[{"embeddable":true,"href":"https:\/\/www.europesays.com\/fr\/wp-json\/wp\/v2\/users\/2"}],"replies":[{"embeddable":true,"href":"https:\/\/www.europesays.com\/fr\/wp-json\/wp\/v2\/comments?post=196493"}],"version-history":[{"count":0,"href":"https:\/\/www.europesays.com\/fr\/wp-json\/wp\/v2\/posts\/196493\/revisions"}],"wp:featuredmedia":[{"embeddable":true,"href":"https:\/\/www.europesays.com\/fr\/wp-json\/wp\/v2\/media\/196494"}],"wp:attachment":[{"href":"https:\/\/www.europesays.com\/fr\/wp-json\/wp\/v2\/media?parent=196493"}],"wp:term":[{"taxonomy":"category","embeddable":true,"href":"https:\/\/www.europesays.com\/fr\/wp-json\/wp\/v2\/categories?post=196493"},{"taxonomy":"post_tag","embeddable":true,"href":"https:\/\/www.europesays.com\/fr\/wp-json\/wp\/v2\/tags?post=196493"}],"curies":[{"name":"wp","href":"https:\/\/api.w.org\/{rel}","templated":true}]}}