{"id":196503,"date":"2025-06-22T19:21:09","date_gmt":"2025-06-22T19:21:09","guid":{"rendered":"https:\/\/www.europesays.com\/fr\/196503\/"},"modified":"2025-06-22T19:21:09","modified_gmt":"2025-06-22T19:21:09","slug":"avec-les-90-cavaliers-qui-ont-arpente-les-rues-de-paris-jusqua-la-tour-eiffel-jen-ai-la-chair-de-poule","status":"publish","type":"post","link":"https:\/\/www.europesays.com\/fr\/196503\/","title":{"rendered":"Avec les 90 cavaliers qui ont arpent\u00e9 les rues de Paris jusqu\u2019\u00e0 la tour Eiffel\u00a0: \u00ab\u00a0J\u2019en ai la chair de poule\u00a0\u00bb"},"content":{"rendered":"<p class=\"paragraph text_align_left lp-f-body-02\">\u00ab En rentrant sur la piste, j\u2019ai eu envie de pleurer \u00bb, l\u00e2che une femme, encore sous le coup de l\u2019\u00e9motion. Elle n\u2019est pas la seule \u00e0 avoir eu les larmes aux yeux, et le sentiment de ne jamais revivre un tel moment.<\/p>\n<p class=\"paragraph text_align_left lp-f-body-02\">Ce dimanche 22 juin, \u00e0 13h45, \u00e0 cheval ou tir\u00e9s par une cal\u00e8che, 90 cavaliers de loisirs ont foul\u00e9 pour tr\u00e8s certainement l\u2019unique fois de leur vie la piste d\u2019un concours de <a href=\"https:\/\/www.leparisien.fr\/jo-paris-2024\/sports-equestres\/ma-selection-aux-jo-etait-indiscutable-les-confidences-de-julien-epaillard-favori-en-saut-dobstacles-05-08-2024-AFTJVY3ZXZHSBPPR5HW2QBEZWY.php\" target=\"_blank\" rel=\"noreferrer nofollow noopener\">saut international<\/a> officiel 5 \u00e9toiles, soit le plus haut niveau dans le monde \u00e9questre avec des barres \u00e0 1,55 m de hauteur.<\/p>\n","protected":false},"excerpt":{"rendered":"\u00ab En rentrant sur la piste, j\u2019ai eu envie de pleurer \u00bb, l\u00e2che une femme, encore sous le&hellip;\n","protected":false},"author":2,"featured_media":196504,"comment_status":"","ping_status":"","sticky":false,"template":"","format":"standard","meta":{"footnotes":""},"categories":[1888],"tags":[1111,1928,11,1927,1777,674,1011,27,1944,12,1926,626,1925,25],"class_list":{"0":"post-196503","1":"post","2":"type-post","3":"status-publish","4":"format-standard","5":"has-post-thumbnail","7":"category-paris","8":"tag-actu","9":"tag-actu-paris","10":"tag-actualites","11":"tag-actualites-paris","12":"tag-eu","13":"tag-europe","14":"tag-fr","15":"tag-france","16":"tag-ma-ville","17":"tag-news","18":"tag-news-paris","19":"tag-paris","20":"tag-paris-news","21":"tag-republique-francaise"},"share_on_mastodon":{"url":"https:\/\/pubeurope.com\/@fr\/114728644429532893","error":""},"_links":{"self":[{"href":"https:\/\/www.europesays.com\/fr\/wp-json\/wp\/v2\/posts\/196503","targetHints":{"allow":["GET"]}}],"collection":[{"href":"https:\/\/www.europesays.com\/fr\/wp-json\/wp\/v2\/posts"}],"about":[{"href":"https:\/\/www.europesays.com\/fr\/wp-json\/wp\/v2\/types\/post"}],"author":[{"embeddable":true,"href":"https:\/\/www.europesays.com\/fr\/wp-json\/wp\/v2\/users\/2"}],"replies":[{"embeddable":true,"href":"https:\/\/www.europesays.com\/fr\/wp-json\/wp\/v2\/comments?post=196503"}],"version-history":[{"count":0,"href":"https:\/\/www.europesays.com\/fr\/wp-json\/wp\/v2\/posts\/196503\/revisions"}],"wp:featuredmedia":[{"embeddable":true,"href":"https:\/\/www.europesays.com\/fr\/wp-json\/wp\/v2\/media\/196504"}],"wp:attachment":[{"href":"https:\/\/www.europesays.com\/fr\/wp-json\/wp\/v2\/media?parent=196503"}],"wp:term":[{"taxonomy":"category","embeddable":true,"href":"https:\/\/www.europesays.com\/fr\/wp-json\/wp\/v2\/categories?post=196503"},{"taxonomy":"post_tag","embeddable":true,"href":"https:\/\/www.europesays.com\/fr\/wp-json\/wp\/v2\/tags?post=196503"}],"curies":[{"name":"wp","href":"https:\/\/api.w.org\/{rel}","templated":true}]}}