{"id":196505,"date":"2025-06-22T19:22:13","date_gmt":"2025-06-22T19:22:13","guid":{"rendered":"https:\/\/www.europesays.com\/fr\/196505\/"},"modified":"2025-06-22T19:22:13","modified_gmt":"2025-06-22T19:22:13","slug":"miley-cyrus-claque-plus-de-400-000-euros-pour-se-loger-a-paris","status":"publish","type":"post","link":"https:\/\/www.europesays.com\/fr\/196505\/","title":{"rendered":"Miley Cyrus claque plus de 400.000 euros pour se loger \u00e0 Paris"},"content":{"rendered":"<p><strong>\u00c7a, c\u2019est palace &#8211; Venue \u00e0 Paris pour chanter lors du premier concert de Beyonc\u00e9 au Stade de France, Miley Cyrus a pris ses aises au Lutetia pour trois semaines. La vie de palace\u00a0!<\/strong><\/p>\n<p>A la magie des <a href=\"https:\/\/www.20minutes.fr\/dossier\/reseaux_sociaux?at_medium=RSS%20feed&amp;at_campaign=ynews&amp;utm_source=yahoo&amp;utm_medium=rss&amp;utm_campaign=news_feed&amp;utm_content=in_article_link\" rel=\"nofollow noopener\" target=\"_blank\" data-ylk=\"slk:r\u00e9seaux sociaux;elm:context_link;itc:0;sec:content-canvas\" class=\"link \">r\u00e9seaux sociaux<\/a> (ou pas). Ils permettent de dire \u00ab\u00a0Coucou, je suis l\u00e0\u00a0\u00bb \u00e0 l\u2019image de <a href=\"https:\/\/www.20minutes.fr\/arts-stars\/people\/miley_cyrus\/?at_medium=RSS%20feed&amp;at_campaign=ynews&amp;utm_source=yahoo&amp;utm_medium=rss&amp;utm_campaign=news_feed&amp;utm_content=in_article_link\" rel=\"nofollow noopener\" target=\"_blank\" data-ylk=\"slk:Miley Cyrus;elm:context_link;itc:0;sec:content-canvas\" class=\"link \">Miley Cyrus<\/a> qui sur <a href=\"https:\/\/www.instagram.com\/mileycyrus\/?at_medium=RSS%20feed&amp;at_campaign=ynews&amp;utm_source=yahoo&amp;utm_medium=rss&amp;utm_campaign=news_feed&amp;utm_content=in_article_link\" rel=\"nofollow noopener\" target=\"_blank\" data-ylk=\"slk:Instagram;elm:context_link;itc:0;sec:content-canvas\" class=\"link \">Instagram<\/a> d\u00e9clare sa flamme \u00e0 la capitale parisienne &#8211; \u00ab\u00a0Paris is the place for me\u2026 I love you all\u00a0\u00bb sur sa chanson Give Me Love (\u00ab Paris est le lieu pour moi\u2026 Je vous aime tous\u00a0\u00bb) &#8211; lors de sa venue pour le premier concert de <a href=\"https:\/\/www.20minutes.fr\/arts-stars\/insolite\/4156131-20250530-beyonce-revele-deux-fans-sexe-futur-bebe-lors-concert-tournee-cowboy-carter?at_medium=RSS%20feed&amp;at_campaign=ynews&amp;utm_source=yahoo&amp;utm_medium=rss&amp;utm_campaign=news_feed&amp;utm_content=in_article_link\" rel=\"nofollow noopener\" target=\"_blank\" data-ylk=\"slk:Beyonc\u00e9;elm:context_link;itc:0;sec:content-canvas\" class=\"link \">Beyonc\u00e9<\/a> au Stade de France. Et ils permettent aux fans de savoir facilement o\u00f9 logent les stars. C\u2019est le cas pour la chanteuse am\u00e9ricaine.<\/p>\n<p>Ses suiveurs n\u2019ont eu qu\u2019\u00e0 suivre ses posts pour savoir qu\u2019elle \u00e9tait au Lutetia (6e\u00a0arrondissement). Dans l\u2019un, elle pose sur une terrasse surplombant Paris avec en arri\u00e8re plan le square Boucicaut. Dans un autre, elle entre dans le palace et ses fans pr\u00e9sents sont pr\u00e9sents pour lui offrir des fleurs.<\/p>\n<blockquote placeholder=\"\" data-theme=\"light\" class=\"instagram-media\" data-instgrm-captioned=\"\" data-instgrm-permalink=\"https:\/\/www.instagram.com\/p\/DLBAm_BsQP-\">\n<p><a href=\"https:\/\/www.instagram.com\/p\/DLBAm_BsQP-\/?utm_source=ig_embed&amp;utm_campaign=loading\" rel=\"nofollow noopener\" target=\"_blank\" data-ylk=\"slk:View this post on Instagram;elm:context_link;itc:0;sec:content-canvas\" class=\"link \">     <\/p>\n<p>View this post on Instagram<\/p>\n<p>    <\/a><\/p>\n<p><a href=\"https:\/\/www.instagram.com\/p\/DLBAm_BsQP-\/?utm_source=ig_embed&amp;utm_campaign=loading\" rel=\"nofollow noopener\" target=\"_blank\" data-ylk=\"slk:A post shared by Miley Cyrus (@mileycyrus);elm:context_link;itc:0;sec:content-canvas\" class=\"link \">A post shared by Miley Cyrus (@mileycyrus)<\/a><\/p>\n<\/blockquote>\n<p><a href=\"https:\/\/www.leparisien.fr\/politique\/lautomne-international-de-bardella-la-suite-de-luxe-de-miley-cyrus-les-defiles-delus-a-bercy-nos-indiscretions-de-la-semaine-22-06-2025-DR67MOPYUFDMHM5IRS4C6FSN3I.php?at_medium=RSS%20feed&amp;at_campaign=ynews&amp;utm_source=yahoo&amp;utm_medium=rss&amp;utm_campaign=news_feed&amp;utm_content=in_article_link\" rel=\"nofollow noopener\" target=\"_blank\" data-ylk=\"slk:Le Parisien;elm:context_link;itc:0;sec:content-canvas\" class=\"link \">Le Parisien<\/a> r\u00e9v\u00e8le qu\u2019elle s\u2019est install\u00e9e pour trois semaines dans la suite la plus luxueuse du Lutetia. Plus de 20.000 euros la nuit\u00a0! A ce prix-l\u00e0, on esp\u00e8re qu\u2019elle dormira bien.<\/p>\n<p><a href=\"https:\/\/www.20minutes.fr\/arts-stars\/people\/4159805-20250622-miley-cyrus-claque-plus-400-000-euros-loger-paris?at_medium=RSS%20feed&amp;at_campaign=ynews&amp;utm_source=yahoo&amp;utm_medium=rss&amp;utm_campaign=news_feed&amp;utm_content=read_more_link&quot;\" rel=\"nofollow noopener\" target=\"_blank\" data-ylk=\"slk:Lire la suite sur 20minutes;elm:context_link;itc:0;sec:content-canvas\" class=\"link \">Lire la suite sur 20minutes<\/a><\/p>\n<p>\u00c0 lire aussi :<br \/><a href=\"https:\/\/www.20minutes.fr\/vie-pro\/4159598-20250620-droit-travail-beyonce-droit-faire-monter-filles-mineures-scene?at_medium=RSS%20feed&amp;at_campaign=ynews&amp;utm_source=yahoo&amp;utm_medium=rss&amp;utm_campaign=news_feed&amp;utm_content=related_content_link\" rel=\"nofollow noopener\" target=\"_blank\" data-ylk=\"slk:Droit du travail\u00a0: Beyonc\u00e9 a-t-elle le droit de faire monter ses filles mineures sur sc\u00e8ne\u00a0?;elm:context_link;itc:0;sec:content-canvas\" class=\"link \">Droit du travail\u00a0: Beyonc\u00e9 a-t-elle le droit de faire monter ses filles mineures sur sc\u00e8ne\u00a0?<\/a><br \/><a href=\"https:\/\/www.20minutes.fr\/arts-stars\/people\/4158230-20250615-miley-cyrus-bien-viree-hotel-transylvania-avoir-offert-gateau-forme-penis-liam-hemsworth?at_medium=RSS%20feed&amp;at_campaign=ynews&amp;utm_source=yahoo&amp;utm_medium=rss&amp;utm_campaign=news_feed&amp;utm_content=related_content_link\" rel=\"nofollow noopener\" target=\"_blank\" data-ylk=\"slk:Miley Cyrus a bien \u00e9t\u00e9 vir\u00e9e d\u2019\u00ab\u00a0Hotel Transylvania\u00a0\u00bb pour avoir offert un g\u00e2teau en forme de p\u00e9nis \u00e0 Liam Hemsworth;elm:context_link;itc:0;sec:content-canvas\" class=\"link \">Miley Cyrus a bien \u00e9t\u00e9 vir\u00e9e d\u2019\u00ab\u00a0Hotel Transylvania\u00a0\u00bb pour avoir offert un g\u00e2teau en forme de p\u00e9nis \u00e0 Liam Hemsworth<\/a><\/p>\n<p><script async src=\"\/\/www.instagram.com\/embed.js\"><\/script><\/p>\n","protected":false},"excerpt":{"rendered":"\u00c7a, c\u2019est palace &#8211; Venue \u00e0 Paris pour chanter lors du premier concert de Beyonc\u00e9 au Stade de&hellip;\n","protected":false},"author":2,"featured_media":196506,"comment_status":"","ping_status":"","sticky":false,"template":"","format":"standard","meta":{"footnotes":""},"categories":[1888],"tags":[1111,1928,11,1927,7362,1777,674,1011,27,4287,25476,12,1926,626,1925,25,14478],"class_list":{"0":"post-196505","1":"post","2":"type-post","3":"status-publish","4":"format-standard","5":"has-post-thumbnail","7":"category-paris","8":"tag-actu","9":"tag-actu-paris","10":"tag-actualites","11":"tag-actualites-paris","12":"tag-beyonce","13":"tag-eu","14":"tag-europe","15":"tag-fr","16":"tag-france","17":"tag-lutetia","18":"tag-miley-cyrus","19":"tag-news","20":"tag-news-paris","21":"tag-paris","22":"tag-paris-news","23":"tag-republique-francaise","24":"tag-stade-de-france"},"share_on_mastodon":{"url":"https:\/\/pubeurope.com\/@fr\/114728648425766829","error":""},"_links":{"self":[{"href":"https:\/\/www.europesays.com\/fr\/wp-json\/wp\/v2\/posts\/196505","targetHints":{"allow":["GET"]}}],"collection":[{"href":"https:\/\/www.europesays.com\/fr\/wp-json\/wp\/v2\/posts"}],"about":[{"href":"https:\/\/www.europesays.com\/fr\/wp-json\/wp\/v2\/types\/post"}],"author":[{"embeddable":true,"href":"https:\/\/www.europesays.com\/fr\/wp-json\/wp\/v2\/users\/2"}],"replies":[{"embeddable":true,"href":"https:\/\/www.europesays.com\/fr\/wp-json\/wp\/v2\/comments?post=196505"}],"version-history":[{"count":0,"href":"https:\/\/www.europesays.com\/fr\/wp-json\/wp\/v2\/posts\/196505\/revisions"}],"wp:featuredmedia":[{"embeddable":true,"href":"https:\/\/www.europesays.com\/fr\/wp-json\/wp\/v2\/media\/196506"}],"wp:attachment":[{"href":"https:\/\/www.europesays.com\/fr\/wp-json\/wp\/v2\/media?parent=196505"}],"wp:term":[{"taxonomy":"category","embeddable":true,"href":"https:\/\/www.europesays.com\/fr\/wp-json\/wp\/v2\/categories?post=196505"},{"taxonomy":"post_tag","embeddable":true,"href":"https:\/\/www.europesays.com\/fr\/wp-json\/wp\/v2\/tags?post=196505"}],"curies":[{"name":"wp","href":"https:\/\/api.w.org\/{rel}","templated":true}]}}