{"id":196510,"date":"2025-06-22T19:25:12","date_gmt":"2025-06-22T19:25:12","guid":{"rendered":"https:\/\/www.europesays.com\/fr\/196510\/"},"modified":"2025-06-22T19:25:12","modified_gmt":"2025-06-22T19:25:12","slug":"en-estonie-avec-des-soldats-caches-dans-les-bois-prets-a-braver-la-menace-russe","status":"publish","type":"post","link":"https:\/\/www.europesays.com\/fr\/196510\/","title":{"rendered":"En Estonie, avec des soldats cach\u00e9s dans les bois, pr\u00eats \u00e0 braver la menace russe"},"content":{"rendered":"<p>              <a tabindex=\"-1\" title=\"Val\u00e9rie de Graffenried\" href=\"https:\/\/www.letemps.ch\/profil\/valerie-de-graffenried\" target=\"_blank\" rel=\"noopener\"><\/p>\n<p>                    <img decoding=\"async\" src=\"https:\/\/www.europesays.com\/fr\/wp-content\/uploads\/2025\/04\/1744793291_698_small.jpeg\" class=\"lazy\" alt=\"\"\/><\/p>\n<p><\/a>              <a tabindex=\"-1\" title=\"Camille Pagella\" href=\"https:\/\/www.letemps.ch\/profil\/camille-pagella\" target=\"_blank\" rel=\"noopener\"><\/p>\n<p>                    <img decoding=\"async\" src=\"https:\/\/www.europesays.com\/fr\/wp-content\/uploads\/2025\/05\/1747779493_166_small.jpeg\" class=\"lazy\" alt=\"\"\/><\/p>\n<p><\/a>        <\/p>\n<p>    Publi\u00e9 le 22 juin 2025 \u00e0 20:49. \/ Modifi\u00e9 le 22 juin 2025 \u00e0 20:55.<\/p>\n<p> 11 min. de lecture<\/p>\n<p>    Au c\u0153ur des pays baltes, sur le front est de l\u2019Europe<\/p>\n<p>Ils sont aux avant-postes, victimes de la guerre hybride de Moscou. Depuis l\u2019invasion de l\u2019Ukraine, la Lituanie, la Lettonie et l\u2019Estonie, trois ex-r\u00e9publiques sovi\u00e9tiques devenues membres de l\u2019UE et de l\u2019OTAN, augmentent leurs d\u00e9penses militaires, renforcent leurs fronti\u00e8res et se retirent des conventions qui bannissent les mines antipersonnel et les bombes \u00e0 sous-munitions.\u00a0Le Temps\u00a0a arpent\u00e9 le front est de l\u2019Europe, l\u00e0 o\u00f9 la menace se fait le plus ressentir.<\/p>\n<p><strong>Premier \u00e9pisode:<\/strong> <a href=\"https:\/\/www.letemps.ch\/monde\/en-lituanie-une-prison-secrete-de-la-cia-dans-un-coin-perdu-symbole-des-relations-complexes-avec-les-etats-unis\" rel=\"nofollow noopener\" target=\"_blank\">En Lituanie, une prison secr\u00e8te de la CIA dans un coin perdu, symbole des relations complexes avec les Etats-Unis<\/a><\/p>\n<p><strong>Deuxi\u00e8me \u00e9pisode:<\/strong> <a href=\"https:\/\/www.letemps.ch\/monde\/europe\/nous-sommes-des-citoyens-de-seconde-zone-en-lettonie-la-vie-tourmentee-des-russophones?srsltid=AfmBOooV-nBc9gecJYgGS9ov2S277yRVg7MDrlm_QEKjaN0gEBZbALJV\" rel=\"nofollow noopener\" target=\"_blank\">\u00abNous sommes des citoyens de seconde zone\u00bb: en Lettonie, la vie tourment\u00e9e des russophones<\/a><\/p>\n<p>Metsavaim est \u00e2g\u00e9, il a la barbe n\u00e9glig\u00e9e, recouverte de mousse. Dans la mythologie estonienne, il est l\u2019esprit des bois. Celui qui veille sur la for\u00eat, fiert\u00e9 nationale qui s\u2019\u00e9tend sur plus de la moiti\u00e9 du territoire de cet Etat balte grand par la taille mais dont la population ne d\u00e9passe pas 1,3\u00a0million d\u2019habitants. Ici, la for\u00eat est sacr\u00e9e, protectrice, un refuge. Mais ce jeudi matin de mai, alors que quelques flocons de neige tombent mollement sur les cimes des pins et des bouleaux qui s\u2019alignent \u00e0 perte de vue, une activit\u00e9 inhabituelle l\u2019agite.<\/p>\n<p>Des silhouettes camoufl\u00e9es de vert s\u2019affairent \u00e0 retourner la terre orange. Elles creusent des tranch\u00e9es de combat et des foxholes permettant de prot\u00e9ger un soldat en position de tir. Deux hommes s\u2019approchent: le caporal Erik Joonas Juhandi, sp\u00e9cialiste des syst\u00e8mes de soutien des transmissions, et le commandant de peloton Karl T\u00f5ntsu. Lourdement \u00e9quip\u00e9s, le visage barbouill\u00e9 de peinture de camouflage oscillant du kaki au brun, un couvre casque fait de lambeaux de tissus imitant des feuilles. On dirait presque des buissons sur pattes.<\/p>\n","protected":false},"excerpt":{"rendered":"Publi\u00e9 le 22 juin 2025 \u00e0 20:49. \/ Modifi\u00e9 le 22 juin 2025 \u00e0 20:55. 11 min. de&hellip;\n","protected":false},"author":2,"featured_media":196511,"comment_status":"","ping_status":"","sticky":false,"template":"","format":"standard","meta":{"footnotes":""},"categories":[1591],"tags":[11,1887,12,136,301,1885,1886,132,656,220,364,135,134],"class_list":{"0":"post-196510","1":"post","2":"type-post","3":"status-publish","4":"format-standard","5":"has-post-thumbnail","7":"category-russie","8":"tag-actualites","9":"tag-federation-de-russie","10":"tag-news","11":"tag-otan","12":"tag-premium","13":"tag-russia","14":"tag-russian-federation","15":"tag-russie","16":"tag-securite","17":"tag-ukraine","18":"tag-union-europeenne","19":"tag-vladimir-poutine","20":"tag-volodymyr-zelensky"},"share_on_mastodon":{"url":"https:\/\/pubeurope.com\/@fr\/114728660171972217","error":""},"_links":{"self":[{"href":"https:\/\/www.europesays.com\/fr\/wp-json\/wp\/v2\/posts\/196510","targetHints":{"allow":["GET"]}}],"collection":[{"href":"https:\/\/www.europesays.com\/fr\/wp-json\/wp\/v2\/posts"}],"about":[{"href":"https:\/\/www.europesays.com\/fr\/wp-json\/wp\/v2\/types\/post"}],"author":[{"embeddable":true,"href":"https:\/\/www.europesays.com\/fr\/wp-json\/wp\/v2\/users\/2"}],"replies":[{"embeddable":true,"href":"https:\/\/www.europesays.com\/fr\/wp-json\/wp\/v2\/comments?post=196510"}],"version-history":[{"count":0,"href":"https:\/\/www.europesays.com\/fr\/wp-json\/wp\/v2\/posts\/196510\/revisions"}],"wp:featuredmedia":[{"embeddable":true,"href":"https:\/\/www.europesays.com\/fr\/wp-json\/wp\/v2\/media\/196511"}],"wp:attachment":[{"href":"https:\/\/www.europesays.com\/fr\/wp-json\/wp\/v2\/media?parent=196510"}],"wp:term":[{"taxonomy":"category","embeddable":true,"href":"https:\/\/www.europesays.com\/fr\/wp-json\/wp\/v2\/categories?post=196510"},{"taxonomy":"post_tag","embeddable":true,"href":"https:\/\/www.europesays.com\/fr\/wp-json\/wp\/v2\/tags?post=196510"}],"curies":[{"name":"wp","href":"https:\/\/api.w.org\/{rel}","templated":true}]}}