{"id":196519,"date":"2025-06-22T19:30:21","date_gmt":"2025-06-22T19:30:21","guid":{"rendered":"https:\/\/www.europesays.com\/fr\/196519\/"},"modified":"2025-06-22T19:30:21","modified_gmt":"2025-06-22T19:30:21","slug":"le-plaidoyer-demmanuel-macron-pour-relancer-leurope-spatiale","status":"publish","type":"post","link":"https:\/\/www.europesays.com\/fr\/196519\/","title":{"rendered":"Le plaidoyer d&rsquo;Emmanuel Macron pour relancer l\u2019Europe spatiale"},"content":{"rendered":"<p>&#13;<br \/>\n\t\u00abCe qui s\u2019est pass\u00e9 en Ukraine et \u00e0 Mayotte, cela doit \u00eatre un r\u00e9veil strat\u00e9gique dont on doit tirer toutes les cons\u00e9quences\u00bb, a d\u2019embl\u00e9e rappel\u00e9 le pr\u00e9sident de la R\u00e9publique. Dans ces deux cas, que ce soit pour aider un pays alli\u00e9 en pleine guerre ou une population victime d\u2019une catastrophe naturelle, l\u2019Europe s\u2019\u00e9tait montr\u00e9 incapable d\u2019apporter une solution spatiale, laissant le champ libre \u00e0 l\u2019am\u00e9ricain SpaceX et ses services de t\u00e9l\u00e9communications Starlink.<\/p>\n<p>&#13;<br \/>\n\tQuitte \u00e9galement \u00e0 faire aussi grimacer le patron de l\u2019agence spatiale europ\u00e9enne (ESA), Josef Aschbacher, qui assistait \u00e0 son discours, le chef de l&rsquo;Etat n\u2019a pas h\u00e9sit\u00e9 \u00e0 souligner les rat\u00e9s de l\u2019Europe spatiale. Rappelant notamment qu\u2019elle a failli perdre son acc\u00e8s autonome \u00e0 l\u2019espace, <a href=\"https:\/\/www.usinenouvelle.com\/article\/avec-ariane-6-l-europe-spatiale-redecolle.N2217679\" target=\"_blank\" rel=\"nofollow noopener\">faute de lanceur<\/a>, et perdu plusieurs batailles comme celle de la r\u00e9duction des co\u00fbts des lanceurs, de la r\u00e9utilisabilit\u00e9, du recours \u00e0 l\u2019innovation priv\u00e9e\u2026<\/p>\n<p>&#13;<br \/>\n\tEutelsat \u00abun tr\u00e9sor strat\u00e9gique\u00bb<\/p>\n<p>&#13;<br \/>\n\tPour rivaliser avec les <a title=\"Toute l&#039;information \u00e9conomique et industrielle aux Etats-Unis\" href=\"https:\/\/www.usinenouvelle.com\/etats-unis\/\" rel=\"nofollow noopener\" target=\"\" class=\"lien-contextuel\">Etats-Unis<\/a>, la <a title=\"Info et actu \u00e9conomique et industrielle en Chine\" href=\"https:\/\/www.usinenouvelle.com\/chine\/\" rel=\"nofollow noopener\" target=\"\" class=\"lien-contextuel\">Chine<\/a> et la Russie, Emmanuel Macron estime que l\u2019Europe doit tout d\u2019abord doit choisir ses combats. Parmi les priorit\u00e9s : les constellations t\u00e9l\u00e9com en orbite basse, le spatial militaire, l\u2019observation et l\u2019exploration spatiales&#8230; \u00abAvec Eutelsat et OneWeb, on a le monopole de la constellation ni am\u00e9ricaine ni chinoise. C\u2019est un tr\u00e9sor strat\u00e9gique\u00bb, estime Emmanuel Macron. Il appelle ainsi les partenaires de la France \u00e0 participer \u00e0 l\u2019augmentation massive de capital de l&rsquo;op\u00e9rateur, <a href=\"https:\/\/www.usinenouvelle.com\/article\/trois-questions-sur-un-potentiel-remplacement-de-starlink-par-eutelsat-en-ukraine.N2228581\" target=\"_blank\" rel=\"nofollow noopener\">alternative \u00e0 Starlink<\/a>, pour acc\u00e9l\u00e9rer le d\u00e9ploiement des satellites et des infrastructures au sol. La France veut \u00e9galement ouvrir cette constellation \u00e0 des partenaires non europ\u00e9ens de confiance : les Emirats arabes unis, le Canada et l\u2019<a title=\"Info \u00e9conomique et industrielle en Inde\" href=\"https:\/\/www.usinenouvelle.com\/inde\/\" rel=\"nofollow noopener\" target=\"\" class=\"lien-contextuel\">Inde<\/a>. Pas seulement en tant que client, mais en v\u00e9ritables partenaires.<\/p>\n<p>&#13;<br \/>\n\tLa France milite \u00e9galement pour une coop\u00e9ration europ\u00e9enne sur le volet militaire, dans les domaines de la surveillance spatiale, du commandement des op\u00e9rations, du d\u00e9couragement de l\u2019ennemi\u2026 Pour Emmanuel Macron, il faut avant tout changer d\u2019approche. \u00abOn est le seul espace \u00e0 se penser comme un march\u00e9 et pas comme une puissance, analyse-t-il. La comp\u00e9tition entre Europ\u00e9ens, partout dans des secteurs o\u00f9 l\u2019on est en danger, c\u2019est une faute strat\u00e9gique\u2026 C\u2019est une folie.\u00bb Pour pallier cela, il indique vouloir faire converger les strat\u00e9gies spatiales de la France, du Royaume-Uni, de l\u2019Allemagne et de l\u2019<a title=\"Informations et actualit\u00e9s \u00e9conomiques et industrielles en Italie\" href=\"https:\/\/www.usinenouvelle.com\/italie\/\" rel=\"nofollow noopener\" target=\"\" class=\"lien-contextuel\">Italie<\/a>.<\/p>\n<p>&#13;<br \/>\n\tCette approche de coop\u00e9ration vaut \u00e9galement pour les industriels, estime le pr\u00e9sident. Qui se prononce donc en faveur du rapprochement initi\u00e9 par les principaux fabricants europ\u00e9ens de satellites, malmen\u00e9s par la concurrence mondiale. \u00ab<a href=\"https:\/\/www.usinenouvelle.com\/article\/les-entreprises-spatiales-europeennes-envisagent-une-alliance-pour-concurrencer-starlink.N2223606\" target=\"_blank\" rel=\"nofollow noopener\">Le mouvement lanc\u00e9 par Airbus, Thales et Leonardo<\/a> est essentiel pour construire un champion europ\u00e9en des satellites comp\u00e9titif. C\u2019est le sens de l\u2019histoire, Ils ont notre plein soutien\u00bb, b\u00e9nit-il. <\/p>\n<p>&#13;<br \/>\n\tLa fin du retour g\u00e9ographique ?<\/p>\n<p>&#13;<br \/>\n\tParis veut aller encore plus loin en mati\u00e8re industrielle et mettre un terme \u00e0 la r\u00e8gle \u00abmortif\u00e8re\u00bb du retour g\u00e9ographique, mise en place par l\u2019ESA. Celle-ci impose aux ma\u00eetres d\u2019oeuvres industriels d\u2019un programme de trouver ses partenaires et sous-traitants dans les diff\u00e9rents pays qui financent leur programme et en leur accordant une part de la charge industrielle en proportion du financement de leur pays. Selon Emmanuel Macron, les missiles, les satellites, les \u00e9l\u00e9ments des lanceurs doivent traverser cinq ou six fois les fronti\u00e8res du continent quand un SpaceX concentre quasiment toute son activit\u00e9 industrielle en un seul endroit. \u00abOn a mis un boulet au pied \u00e0 Ariane et \u00e0 MBDA avec le &lsquo;georeturn&rsquo;\u00bb, estime-t-il. <\/p>\n<p>&#13;<br \/>\n\tMais il n\u2019y a aura pas de v\u00e9ritables changements sans nouveaux financements \u00e0 la hauteur. Et l\u00e0, le b\u00e2t blesse. Pour son budget spatial, l\u2019Europe d\u00e9pense 32 euros par habitant par an, contre&#8230; 200 euros pour les Am\u00e9ricains. Emmanuel Macron appelle donc ses partenaires \u00e0 augmenter leurs budgets spatiaux. La France mobilisera plusieurs v\u00e9hicules pour soutenir son industrie et sa recherche spatiales : les lois de programmation de la recherche et militaire, ainsi que les fonds d\u00e9di\u00e9s \u00e0 l\u2019espace de Bpifrance et de France 2030. Enfin Emmanuel Macron a annonc\u00e9 un sommet international sur l\u2019Espace en d\u00e9but d\u2019ann\u00e9e prochaine \u00e0 Paris de la m\u00eame envergure que les manifestations Choose France ou encore le sommet pour l\u2019action sur l\u2019IA. <\/p>\n","protected":false},"excerpt":{"rendered":"&#13; \u00abCe qui s\u2019est pass\u00e9 en Ukraine et \u00e0 Mayotte, cela doit \u00eatre un r\u00e9veil strat\u00e9gique dont on&hellip;\n","protected":false},"author":2,"featured_media":196520,"comment_status":"","ping_status":"","sticky":false,"template":"","format":"standard","meta":{"footnotes":""},"categories":[1586],"tags":[11,670,554,1777,674,1011,27,12,25,32145,671],"class_list":{"0":"post-196519","1":"post","2":"type-post","3":"status-publish","4":"format-standard","5":"has-post-thumbnail","7":"category-europe","8":"tag-actualites","9":"tag-aero-spatial","10":"tag-defense","11":"tag-eu","12":"tag-europe","13":"tag-fr","14":"tag-france","15":"tag-news","16":"tag-republique-francaise","17":"tag-salon-du-bourget","18":"tag-spatial"},"share_on_mastodon":{"url":"https:\/\/pubeurope.com\/@fr\/114728679734170837","error":""},"_links":{"self":[{"href":"https:\/\/www.europesays.com\/fr\/wp-json\/wp\/v2\/posts\/196519","targetHints":{"allow":["GET"]}}],"collection":[{"href":"https:\/\/www.europesays.com\/fr\/wp-json\/wp\/v2\/posts"}],"about":[{"href":"https:\/\/www.europesays.com\/fr\/wp-json\/wp\/v2\/types\/post"}],"author":[{"embeddable":true,"href":"https:\/\/www.europesays.com\/fr\/wp-json\/wp\/v2\/users\/2"}],"replies":[{"embeddable":true,"href":"https:\/\/www.europesays.com\/fr\/wp-json\/wp\/v2\/comments?post=196519"}],"version-history":[{"count":0,"href":"https:\/\/www.europesays.com\/fr\/wp-json\/wp\/v2\/posts\/196519\/revisions"}],"wp:featuredmedia":[{"embeddable":true,"href":"https:\/\/www.europesays.com\/fr\/wp-json\/wp\/v2\/media\/196520"}],"wp:attachment":[{"href":"https:\/\/www.europesays.com\/fr\/wp-json\/wp\/v2\/media?parent=196519"}],"wp:term":[{"taxonomy":"category","embeddable":true,"href":"https:\/\/www.europesays.com\/fr\/wp-json\/wp\/v2\/categories?post=196519"},{"taxonomy":"post_tag","embeddable":true,"href":"https:\/\/www.europesays.com\/fr\/wp-json\/wp\/v2\/tags?post=196519"}],"curies":[{"name":"wp","href":"https:\/\/api.w.org\/{rel}","templated":true}]}}