{"id":196523,"date":"2025-06-22T19:32:11","date_gmt":"2025-06-22T19:32:11","guid":{"rendered":"https:\/\/www.europesays.com\/fr\/196523\/"},"modified":"2025-06-22T19:32:11","modified_gmt":"2025-06-22T19:32:11","slug":"un-attentat-dans-une-eglise-de-damas-fait-au-moins-20-morts-et-52-blesses-lauteur-lie-a-letat-islamique","status":"publish","type":"post","link":"https:\/\/www.europesays.com\/fr\/196523\/","title":{"rendered":"un attentat dans une \u00e9glise de Damas fait au moins 20 morts et 52 bless\u00e9s, l&rsquo;auteur li\u00e9 \u00e0 l&rsquo;\u00c9tat islamique"},"content":{"rendered":"<p>\u00abUn kamikaze affili\u00e9 au groupe terroriste Daech est entr\u00e9 dans l\u2019\u00e9glise Saint-Elie, a ouvert le feu et s\u2019est fait exploser avec une ceinture explosive,\u00bb a d\u00e9clar\u00e9 le minist\u00e8re syrien de l\u2019Int\u00e9rieur dans un communiqu\u00e9.<\/p>\n<p class=\"fig-paragraph\">Le minist\u00e8re syrien de l\u2019Int\u00e9rieur a affirm\u00e9 dimanche qu&rsquo;un membre du groupe djihadiste \u00c9tat islamique \u00e9tait \u00e0 l&rsquo;origine d&rsquo;un attentat suicide dans une \u00e9glise de Damas. \u00abLe nombre de victimes de l\u2019attaque terroriste qui a vis\u00e9 l\u2019\u00e9glise Saint-Elie dans le quartier de Dwelaa \u00e0 Damas est mont\u00e9 \u00e0 20 morts et 52 bless\u00e9s\u00bb, a indiqu\u00e9 le minist\u00e8re dans un communiqu\u00e9 publi\u00e9 par l\u2019agence de presse officielle Sana. Un pr\u00e9c\u00e9dent bilan de la d\u00e9fense civile faisait \u00e9tat de 15 morts. \u00abUn kamikaze affili\u00e9 au groupe terroriste Daech est entr\u00e9 dans l&rsquo;\u00e9glise Saint-Elie, a ouvert le feu et s&rsquo;est fait exploser avec une ceinture explosive,\u00bb a d\u00e9clar\u00e9 le minist\u00e8re dans un communiqu\u00e9.<\/p>\n<p class=\"fig-paragraph\">Il s\u2019agit de la premi\u00e8re attaque de ce genre dans la capitale syrienne depuis que des forces dirig\u00e9es par des islamistes ont renvers\u00e9 l\u2019ex-pr\u00e9sident Bachar al-Assad le 8 d\u00e9cembre, alors que la s\u00e9curit\u00e9 reste l\u2019un des plus grands d\u00e9fis pour les nouvelles autorit\u00e9s.<\/p>\n<p class=\"fig-paragraph\">Des correspondants de l\u2019AFP sur place ont vu les secouristes \u00e9vacuer des gens apr\u00e8s cet attentat, qui a \u00e9galement endommag\u00e9 l\u2019\u00e9glise o\u00f9 des d\u00e9bris de bois et des ic\u00f4nes \u00e9taient \u00e9parpill\u00e9s au sol, jonch\u00e9 de flaques de sang. Un homme \u00e0 l\u2019ext\u00e9rieur de l\u2019\u00e9glise a d\u00e9clar\u00e9 \u00e0 l\u2019AFP que \u00abquelqu\u2019un est entr\u00e9 en portant une arme\u00bb et a ouvert le feu, ajoutant que des gens \u00abavaient tent\u00e9 de l\u2019arr\u00eater avant qu\u2019il ne se fasse exploser\u00bb. Un homme de 40 ans, pr\u00e9nomm\u00e9 Ziad, qui se trouvait dans un magasin en face de l\u2019\u00e9glise, a d\u00e9clar\u00e9 avoir entendu des coups de feu puis une explosion. \u00abNous avons vu du feu dans l\u2019\u00e9glise et des morceaux de bancs en bois projet\u00e9s jusqu\u2019\u00e0 l\u2019entr\u00e9e\u00bb, a-t-il ajout\u00e9.<\/p>\n","protected":false},"excerpt":{"rendered":"\u00abUn kamikaze affili\u00e9 au groupe terroriste Daech est entr\u00e9 dans l\u2019\u00e9glise Saint-Elie, a ouvert le feu et s\u2019est&hellip;\n","protected":false},"author":2,"featured_media":196524,"comment_status":"","ping_status":"","sticky":false,"template":"","format":"standard","meta":{"footnotes":""},"categories":[2],"tags":[259,11,260,5581,12336,1011,27,14,261,12,262,25,32],"class_list":{"0":"post-196523","1":"post","2":"type-post","3":"status-publish","4":"format-standard","5":"has-post-thumbnail","7":"category-actualites","8":"tag-actualite-internationale","9":"tag-actualites","10":"tag-affaires-etrangeres","11":"tag-attentat","12":"tag-eglise","13":"tag-fr","14":"tag-france","15":"tag-international","16":"tag-ministere-des-affaires-etrangeres","17":"tag-news","18":"tag-politique-etrangere","19":"tag-republique-francaise","20":"tag-syrie"},"share_on_mastodon":{"url":"https:\/\/pubeurope.com\/@fr\/114728687636997435","error":""},"_links":{"self":[{"href":"https:\/\/www.europesays.com\/fr\/wp-json\/wp\/v2\/posts\/196523","targetHints":{"allow":["GET"]}}],"collection":[{"href":"https:\/\/www.europesays.com\/fr\/wp-json\/wp\/v2\/posts"}],"about":[{"href":"https:\/\/www.europesays.com\/fr\/wp-json\/wp\/v2\/types\/post"}],"author":[{"embeddable":true,"href":"https:\/\/www.europesays.com\/fr\/wp-json\/wp\/v2\/users\/2"}],"replies":[{"embeddable":true,"href":"https:\/\/www.europesays.com\/fr\/wp-json\/wp\/v2\/comments?post=196523"}],"version-history":[{"count":0,"href":"https:\/\/www.europesays.com\/fr\/wp-json\/wp\/v2\/posts\/196523\/revisions"}],"wp:featuredmedia":[{"embeddable":true,"href":"https:\/\/www.europesays.com\/fr\/wp-json\/wp\/v2\/media\/196524"}],"wp:attachment":[{"href":"https:\/\/www.europesays.com\/fr\/wp-json\/wp\/v2\/media?parent=196523"}],"wp:term":[{"taxonomy":"category","embeddable":true,"href":"https:\/\/www.europesays.com\/fr\/wp-json\/wp\/v2\/categories?post=196523"},{"taxonomy":"post_tag","embeddable":true,"href":"https:\/\/www.europesays.com\/fr\/wp-json\/wp\/v2\/tags?post=196523"}],"curies":[{"name":"wp","href":"https:\/\/api.w.org\/{rel}","templated":true}]}}