{"id":196541,"date":"2025-06-22T19:43:09","date_gmt":"2025-06-22T19:43:09","guid":{"rendered":"https:\/\/www.europesays.com\/fr\/196541\/"},"modified":"2025-06-22T19:43:09","modified_gmt":"2025-06-22T19:43:09","slug":"psg-illya-zabarnyi-parti-pour-rester-en-premier-league","status":"publish","type":"post","link":"https:\/\/www.europesays.com\/fr\/196541\/","title":{"rendered":"PSG, Illya Zabarnyi parti pour rester en Premier League ?"},"content":{"rendered":"<p data-testid=\"article-teaser\">Priorit\u00e9 du PSG en d\u00e9fense, Illya Zabarnyi pourrait finalement poursuivre son aventure en Premier League, cet \u00e9t\u00e9.<\/p>\n<p>Le Paris Saint-Germain s\u2019active en coulisses pendant la Coupe du monde des clubs, diffus\u00e9e en int\u00e9gralit\u00e9 et gratuitement sur DAZN. Parmi les priorit\u00e9s du mercato figure un nom : Illya Zabarnyi, solide d\u00e9fenseur et d\u00e9j\u00e0 convoit\u00e9 par toute l\u2019Europe. Si le PSG semble bien plac\u00e9 sur ce dossier, la situation pourrait rapidement lui \u00e9chapper. Face aux exigences financi\u00e8res de son club, l\u2019international ukrainien pourrait bien poursuivre son aventure en Premier League, malgr\u00e9 ses pr\u00e9f\u00e9rences.<\/p>\n<p>L&rsquo;article continue ci-dessous<\/p>\n","protected":false},"excerpt":{"rendered":"Priorit\u00e9 du PSG en d\u00e9fense, Illya Zabarnyi pourrait finalement poursuivre son aventure en Premier League, cet \u00e9t\u00e9. Le&hellip;\n","protected":false},"author":2,"featured_media":196542,"comment_status":"","ping_status":"","sticky":false,"template":"","format":"standard","meta":{"footnotes":""},"categories":[1410],"tags":[17618,18645,28918,63,1011,27,28400,66,1434,91,70,33582,33583,60,28401],"class_list":{"0":"post-196541","1":"post","2":"type-post","3":"status-publish","4":"format-standard","5":"has-post-thumbnail","7":"category-football","8":"tag-bournemouth","9":"tag-coupe-du-monde-des-clubs-fifa","10":"tag-fifa-club-world-cup","11":"tag-football","12":"tag-fr","13":"tag-france","14":"tag-i-zabarnyi","15":"tag-ligue-1","16":"tag-mercato","17":"tag-paris-saint-germain","18":"tag-premier-league","19":"tag-seattle-sounders-fc","20":"tag-seattle-sounders-fc-vs-paris-saint-germain","21":"tag-sports","22":"tag-transfers"},"share_on_mastodon":{"url":"https:\/\/pubeurope.com\/@fr\/114728730904921385","error":""},"_links":{"self":[{"href":"https:\/\/www.europesays.com\/fr\/wp-json\/wp\/v2\/posts\/196541","targetHints":{"allow":["GET"]}}],"collection":[{"href":"https:\/\/www.europesays.com\/fr\/wp-json\/wp\/v2\/posts"}],"about":[{"href":"https:\/\/www.europesays.com\/fr\/wp-json\/wp\/v2\/types\/post"}],"author":[{"embeddable":true,"href":"https:\/\/www.europesays.com\/fr\/wp-json\/wp\/v2\/users\/2"}],"replies":[{"embeddable":true,"href":"https:\/\/www.europesays.com\/fr\/wp-json\/wp\/v2\/comments?post=196541"}],"version-history":[{"count":0,"href":"https:\/\/www.europesays.com\/fr\/wp-json\/wp\/v2\/posts\/196541\/revisions"}],"wp:featuredmedia":[{"embeddable":true,"href":"https:\/\/www.europesays.com\/fr\/wp-json\/wp\/v2\/media\/196542"}],"wp:attachment":[{"href":"https:\/\/www.europesays.com\/fr\/wp-json\/wp\/v2\/media?parent=196541"}],"wp:term":[{"taxonomy":"category","embeddable":true,"href":"https:\/\/www.europesays.com\/fr\/wp-json\/wp\/v2\/categories?post=196541"},{"taxonomy":"post_tag","embeddable":true,"href":"https:\/\/www.europesays.com\/fr\/wp-json\/wp\/v2\/tags?post=196541"}],"curies":[{"name":"wp","href":"https:\/\/api.w.org\/{rel}","templated":true}]}}