{"id":196545,"date":"2025-06-22T19:45:14","date_gmt":"2025-06-22T19:45:14","guid":{"rendered":"https:\/\/www.europesays.com\/fr\/196545\/"},"modified":"2025-06-22T19:45:14","modified_gmt":"2025-06-22T19:45:14","slug":"a-quoi-ressemblera-chambord-demain-un-vaste-projet-pour-redonner-vie-au-chateau","status":"publish","type":"post","link":"https:\/\/www.europesays.com\/fr\/196545\/","title":{"rendered":"\u00c0 quoi ressemblera Chambord demain ? Un vaste projet pour redonner vie au ch\u00e2teau"},"content":{"rendered":"<p><a href=\"https:\/\/www.latribune.fr\/entreprises-finance\/transitions-ecologiques\/la-belle-foret-va-vendre-des-credits-carbones-made-in-chambord-953579.html\" rel=\"nofollow noopener\" target=\"_blank\">Chambord<\/a>, le ch\u00e2teau de la d\u00e9mesure. Quatre mille m\u00e8tres carr\u00e9s de surface habitable, 156\u202fm\u00e8tres de fa\u00e7ade, 282\u202fchemin\u00e9es, 5.000 hectares de for\u00eat clos par un mur d&rsquo;enceinte de 32\u202fkilom\u00e8tres. Et surtout, une architecture Renaissance, reconnaissable entre toutes, qui fait la renomm\u00e9e mondiale de l&rsquo;\u00e9difice situ\u00e9 dans le Loir-et-Cher.<\/p>\n<p>En 2024, quelque 2\u202fmillions de visiteurs se sont ainsi press\u00e9s au domaine national de Chambord, ce qui le place \u00e0 la deuxi\u00e8me marche du podium des ch\u00e2teaux les plus visit\u00e9s de France apr\u00e8s <a href=\"https:\/\/www.latribune.fr\/economie\/france\/colere-des-agriculteurs-l-arc-de-triomphe-chateau-de-versailles-991795.html\" rel=\"nofollow noopener\" target=\"_blank\">Versailles<\/a>. Cependant, non meubl\u00e9, Chambord p\u00e2tit d&rsquo;une image un peu froide avec son int\u00e9rieur \u00ab\u202fvide\u202f\u00bb, et reste finalement peu associ\u00e9 \u00e0 la Renaissance dont il est pourtant la plus grande repr\u00e9sentation europ\u00e9enne.<\/p>\n<p>Son parc, o\u00f9 \u00e9voluent en libert\u00e9 cerfs et sangliers notamment, repr\u00e9sente un atout majeur encore sous-exploit\u00e9, faute de plan r\u00e9ellement organis\u00e9. \u00ab\u202fNotre projet d&rsquo;\u00e9tablissement 2025-2030, baptis\u00e9 <a href=\"https:\/\/cdn1.chambord.org\/fr\/wp-content\/uploads\/sites\/2\/2024\/05\/Dossier-de-pr%C3%A9sentation-Chambord-2024-WEB.pdf\" target=\"_blank\" rel=\"nofollow noopener\">Renaissance et r\u00e9volutions<\/a>, souhaite r\u00e9pondre \u00e0 ce double enjeu, explique Pierre Dubreuil, directeur g\u00e9n\u00e9ral du domaine national de Chambord depuis 2023.\u00a0Il s&rsquo;agit de replacer l&rsquo;int\u00e9rieur du ch\u00e2teau au c\u0153ur de son \u00e9poque, la Renaissance, mais aussi le d\u00e9but du r\u00e8gne de Louis\u202fXIV. L&rsquo;aile Fran\u00e7ois\u202fIer qui symbolise cette p\u00e9riode, n&rsquo;est plus ouverte au public pour des questions de s\u00e9curit\u00e9. Elle sera enti\u00e8rement restaur\u00e9e. Et, un nouveau plan d&rsquo;am\u00e9nagement de la for\u00eat est aussi au programme.\u202f\u00bb<\/p>\n","protected":false},"excerpt":{"rendered":"Chambord, le ch\u00e2teau de la d\u00e9mesure. Quatre mille m\u00e8tres carr\u00e9s de surface habitable, 156\u202fm\u00e8tres de fa\u00e7ade, 282\u202fchemin\u00e9es, 5.000&hellip;\n","protected":false},"author":2,"featured_media":196546,"comment_status":"","ping_status":"","sticky":false,"template":"","format":"standard","meta":{"footnotes":""},"categories":[1358],"tags":[17,1348,1384,1385,23958,12351,1386,58,59,1011,27,3102,471,1095,5577,33584,15512],"class_list":{"0":"post-196545","1":"post","2":"type-post","3":"status-publish","4":"format-standard","5":"has-post-thumbnail","7":"category-arts-et-design","8":"tag-17","9":"tag-arts","10":"tag-arts-and-design","11":"tag-arts-et-design","12":"tag-chambord","13":"tag-demain","14":"tag-design","15":"tag-divertissement","16":"tag-entertainment","17":"tag-fr","18":"tag-france","19":"tag-la-tribune-dimanche","20":"tag-pour","21":"tag-projet","22":"tag-quoi","23":"tag-ressemblera","24":"tag-vaste"},"share_on_mastodon":{"url":"https:\/\/pubeurope.com\/@fr\/114728738789670962","error":""},"_links":{"self":[{"href":"https:\/\/www.europesays.com\/fr\/wp-json\/wp\/v2\/posts\/196545","targetHints":{"allow":["GET"]}}],"collection":[{"href":"https:\/\/www.europesays.com\/fr\/wp-json\/wp\/v2\/posts"}],"about":[{"href":"https:\/\/www.europesays.com\/fr\/wp-json\/wp\/v2\/types\/post"}],"author":[{"embeddable":true,"href":"https:\/\/www.europesays.com\/fr\/wp-json\/wp\/v2\/users\/2"}],"replies":[{"embeddable":true,"href":"https:\/\/www.europesays.com\/fr\/wp-json\/wp\/v2\/comments?post=196545"}],"version-history":[{"count":0,"href":"https:\/\/www.europesays.com\/fr\/wp-json\/wp\/v2\/posts\/196545\/revisions"}],"wp:featuredmedia":[{"embeddable":true,"href":"https:\/\/www.europesays.com\/fr\/wp-json\/wp\/v2\/media\/196546"}],"wp:attachment":[{"href":"https:\/\/www.europesays.com\/fr\/wp-json\/wp\/v2\/media?parent=196545"}],"wp:term":[{"taxonomy":"category","embeddable":true,"href":"https:\/\/www.europesays.com\/fr\/wp-json\/wp\/v2\/categories?post=196545"},{"taxonomy":"post_tag","embeddable":true,"href":"https:\/\/www.europesays.com\/fr\/wp-json\/wp\/v2\/tags?post=196545"}],"curies":[{"name":"wp","href":"https:\/\/api.w.org\/{rel}","templated":true}]}}