{"id":196559,"date":"2025-06-22T19:53:09","date_gmt":"2025-06-22T19:53:09","guid":{"rendered":"https:\/\/www.europesays.com\/fr\/196559\/"},"modified":"2025-06-22T19:53:09","modified_gmt":"2025-06-22T19:53:09","slug":"des-telescopes-ont-capte-la-premiere-lumiere-de-lunivers-depuis-la-terre","status":"publish","type":"post","link":"https:\/\/www.europesays.com\/fr\/196559\/","title":{"rendered":"Des t\u00e9lescopes ont capt\u00e9 la premi\u00e8re lumi\u00e8re de l\u2019univers&#8230; depuis la Terre !"},"content":{"rendered":"<p data-start=\"336\" data-end=\"772\"><strong>Et si l\u2019on pouvait<br \/>\nobserver l\u2019univers tel qu\u2019il \u00e9tait\u2026 il y a plus de 13 milliards<br \/>\nd\u2019ann\u00e9es ? C\u2019est pr\u00e9cis\u00e9ment ce qu\u2019une \u00e9quipe d\u2019astrophysiciens<br \/>\nvient de r\u00e9ussir, gr\u00e2ce \u00e0 un t\u00e9lescope terrestre perch\u00e9 dans les<br \/>\nAndes chiliennes.Pour la premi\u00e8re fois depuis le sol, des<br \/>\nchercheurs ont mesur\u00e9 l\u2019empreinte laiss\u00e9e par les premi\u00e8res \u00e9toiles<br \/>\nsur le rayonnement fossile du <a href=\"https:\/\/sciencepost.fr\/et-si-le-big-bang-navait-jamais-eu-lieu-une-nouvelle-theorie-explosive-reecrit-lhistoire-de-lunivers\/\" target=\"_blank\" rel=\"noopener nofollow\">Big Bang<\/a> \u2014 un exploit que l\u2019on<br \/>\ncroyait jusqu\u2019ici r\u00e9serv\u00e9 aux satellites.<\/strong><\/p>\n<p>CLASS, le t\u00e9lescope qui regarde<br \/>\nplus loin que l\u2019horizon<\/p>\n<p data-start=\"838\" data-end=\"1295\">Nich\u00e9 \u00e0 plus de 5 000 m\u00e8tres<br \/>\nd\u2019altitude, le t\u00e9lescope CLASS (Cosmology Large Angular Scale<br \/>\nSurveyor) scrute le ciel depuis les hauteurs du d\u00e9sert d\u2019Atacama.<br \/>\nSa mission : d\u00e9tecter les infimes variations dans le rayonnement<br \/>\nmicro-onde fossile de l\u2019univers, plus connu sous le nom de fond<br \/>\ndiffus cosmologique. Ce rayonnement est le vestige de la toute<br \/>\npremi\u00e8re lumi\u00e8re \u00e9mise apr\u00e8s le Big Bang, un peu moins de 400 000<br \/>\nans apr\u00e8s cet \u00e9v\u00e9nement fondateur.<\/p>\n<p data-start=\"1297\" data-end=\"1698\">Or, cette lumi\u00e8re a \u00e9t\u00e9<br \/>\nmodifi\u00e9e plus tard dans l\u2019histoire de l\u2019univers \u2014 notamment lors de<br \/>\nl\u2019Aube cosmique, une p\u00e9riode encore largement myst\u00e9rieuse, o\u00f9 les<br \/>\npremi\u00e8res \u00e9toiles se sont form\u00e9es. C\u2019est cette p\u00e9riode-charni\u00e8re<br \/>\nque CLASS a r\u00e9ussi \u00e0 sonder, en captant un signal faible mais<br \/>\nsignificatif : la polarisation de cette lumi\u00e8re ancienne,<br \/>\nr\u00e9v\u00e9latrice d\u2019un univers en pleine transformation.<\/p>\n<p>L\u2019univers enfant vu \u00e0 travers<br \/>\nun \u00ab brouillard d\u2019\u00e9lectrons \u00bb<\/p>\n<p data-start=\"1768\" data-end=\"2247\">Revenons un instant sur<br \/>\nl\u2019histoire cosmique. Juste apr\u00e8s le Big Bang, l\u2019univers \u00e9tait<br \/>\nchaud, dense, et surtout opaque. Les \u00e9lectrons libres emp\u00eachaient<br \/>\ntoute lumi\u00e8re de circuler. Puis, en se refroidissant, les \u00e9lectrons<br \/>\nse sont combin\u00e9s avec les protons pour former des atomes<br \/>\nd\u2019hydrog\u00e8ne : c\u2019est la recombinaison. \u00c0 ce moment-l\u00e0, la lumi\u00e8re a<br \/>\npu se propager librement. Ce rayonnement \u2014 l\u2019un des plus anciens<br \/>\nque nous puissions observer \u2014 est le fond diffus cosmologique.<\/p>\n<p data-start=\"2249\" data-end=\"2640\">Mais ce calme apparent a \u00e9t\u00e9<br \/>\nboulevers\u00e9 quelques centaines de millions d\u2019ann\u00e9es plus tard. Les<br \/>\npremi\u00e8res \u00e9toiles se sont allum\u00e9es, inondant l\u2019univers de leur<br \/>\n\u00e9nergie. Cette lumi\u00e8re stellaire a r\u00e9ionis\u00e9 l\u2019hydrog\u00e8ne neutre,<br \/>\nrecr\u00e9ant temporairement un environnement de particules libres. En<br \/>\ninteragissant avec ce gaz ionis\u00e9, la lumi\u00e8re fossile a \u00e9t\u00e9 d\u00e9vi\u00e9e,<br \/>\ndiffus\u00e9e, polaris\u00e9e.<\/p>\n<p data-start=\"2642\" data-end=\"2768\">C\u2019est cette polarisation,<br \/>\nextraordinairement faible, que les chercheurs de Johns Hopkins ont<br \/>\nr\u00e9ussi \u00e0 mesurer depuis la Terre.<\/p>\n<p>Une prouesse rendue longtemps<br \/>\nimpossible<\/p>\n<p data-start=\"2819\" data-end=\"3232\">Observer ce signal depuis<br \/>\nnotre plan\u00e8te \u00e9tait consid\u00e9r\u00e9 comme presque impossible. D\u2019abord \u00e0<br \/>\ncause de sa faiblesse intrins\u00e8que \u2014 il est un million de fois plus<br \/>\nt\u00e9nu que les signaux radio que nous \u00e9mettons au quotidien. Ensuite,<br \/>\nparce que l\u2019atmosph\u00e8re terrestre et les \u00e9missions humaines (radars,<br \/>\nt\u00e9l\u00e9phonie, satellites\u2026) g\u00e9n\u00e8rent un bruit de fond qui masque les<br \/>\npr\u00e9cieuses micro-ondes venues du cosmos.<\/p>\n<p data-start=\"3234\" data-end=\"3532\">Jusqu\u2019ici, seuls des<br \/>\nt\u00e9lescopes spatiaux comme WMAP (NASA) ou Planck (ESA) \u00e9taient<br \/>\nparvenus \u00e0 d\u00e9tecter ces signaux. Mais les progr\u00e8s des instruments,<br \/>\ncombin\u00e9s \u00e0 une implantation dans l\u2019un des lieux les plus secs et<br \/>\nisol\u00e9s du monde, ont permis \u00e0 CLASS de briser ce plafond<br \/>\ntechnologique.<\/p>\n<p><img loading=\"lazy\" data-lazyloaded=\"1\" decoding=\"async\" class=\"size-full wp-image-311600\" src=\"https:\/\/www.europesays.com\/fr\/wp-content\/uploads\/2025\/06\/frfr.jpg\" alt=\"lumi\u00e8re univers\" width=\"700\" height=\"394\"  data-\/><br \/>\nLes t\u00e9lescopes CLASS peuvent d\u00e9tecter les signaux de lumi\u00e8re<br \/>\nmicro-ondes cosmiques provenant de Comic Dawn. Cr\u00e9dit<br \/>Deniz Valle et Jullianna CoutoPolarisation : le code secret<br \/>\nde l\u2019univers primitif<\/p>\n<p data-start=\"3594\" data-end=\"3888\">Le signal mesur\u00e9 est celui de<br \/>\nla polarisation E, une empreinte laiss\u00e9e lorsque la lumi\u00e8re<br \/>\ninteragit avec un milieu ionis\u00e9. C\u2019est comme si l\u2019univers nous<br \/>\nenvoyait un reflet affaibli de ses jeunes ann\u00e9es \u2014 une lumi\u00e8re qui<br \/>\na rebondi sur les premi\u00e8res \u00e9toiles et le gaz qu\u2019elles ont<br \/>\nionis\u00e9.<\/p>\n<p data-start=\"3890\" data-end=\"4158\">En recoupant les donn\u00e9es CLASS<br \/>\navec celles de Planck et WMAP, les chercheurs ont pu confirmer<br \/>\nl\u2019authenticit\u00e9 de ce signal. R\u00e9sultat : une carte plus pr\u00e9cise de<br \/>\nl\u2019univers au moment de sa \u00ab r\u00e9ionisation \u00bb, entre 500 millions et 1<br \/>\nmilliard d\u2019ann\u00e9es apr\u00e8s le Big Bang.<\/p>\n<p>Et maintenant ?<\/p>\n<p data-start=\"4184\" data-end=\"4546\">Ces nouvelles mesures<br \/>\npermettent d\u2019affiner notre compr\u00e9hension du cosmos primitif, mais<br \/>\nelles ouvrent surtout la voie \u00e0 d\u2019autres grandes questions :<br \/>\ncomment les premi\u00e8res structures se sont-elles form\u00e9es ? Quel r\u00f4le<br \/>\nont jou\u00e9 les neutrinos, ces particules fantomatiques ? Et surtout :<br \/>\nque nous disent ces observations sur l\u2019\u00e9nigmatique mati\u00e8re noire<br \/>\n?<\/p>\n<p data-start=\"4548\" data-end=\"4748\">Pour Tobias Marriage, chef du<br \/>\nprojet, c\u2019est un tournant : \u00ab On pensait que c\u2019\u00e9tait impossible<br \/>\ndepuis le sol. Ce que nous avons accompli avec CLASS ouvre une<br \/>\nnouvelle \u00e8re dans l\u2019observation cosmique. \u00bb<\/p>\n<p data-start=\"4755\" data-end=\"5034\"><strong data-start=\"4755\" data-end=\"4770\">En r\u00e9sum\u00e9 :<\/strong> L\u2019univers nous parle encore \u2014<br \/>\nil suffit d\u2019avoir les bons instruments pour l\u2019\u00e9couter. Gr\u00e2ce au<br \/>\nt\u00e9lescope CLASS, c\u2019est depuis la Terre que nous avons per\u00e7u l\u2019\u00e9cho<br \/>\naffaibli des premi\u00e8res \u00e9toiles. Et cette lumi\u00e8re d\u2019un autre temps<br \/>\nn\u2019a pas fini de r\u00e9v\u00e9ler ses secrets.<\/p>\n<p data-start=\"4755\" data-end=\"5034\">Les d\u00e9tails de l\u2019\u00e9tude sont<br \/>\npubli\u00e9s dans <a href=\"http:\/\/dx.doi.org\/10.3847\/1538-4357\/adc723\" target=\"_blank\" rel=\"noopener nofollow\">The Astrophysical Journal.<\/a><\/p>\n","protected":false},"excerpt":{"rendered":"Et si l\u2019on pouvait observer l\u2019univers tel qu\u2019il \u00e9tait\u2026 il y a plus de 13 milliards d\u2019ann\u00e9es ?&hellip;\n","protected":false},"author":2,"featured_media":196560,"comment_status":"","ping_status":"","sticky":false,"template":"","format":"standard","meta":{"footnotes":""},"categories":[7],"tags":[1011,27,43,40,41,39,42,44],"class_list":{"0":"post-196559","1":"post","2":"type-post","3":"status-publish","4":"format-standard","5":"has-post-thumbnail","7":"category-sciences-et-technologies","8":"tag-fr","9":"tag-france","10":"tag-science","11":"tag-science-and-technology","12":"tag-sciences","13":"tag-sciences-et-technologies","14":"tag-technologies","15":"tag-technology"},"share_on_mastodon":{"url":"https:\/\/pubeurope.com\/@fr\/114728770245149654","error":""},"_links":{"self":[{"href":"https:\/\/www.europesays.com\/fr\/wp-json\/wp\/v2\/posts\/196559","targetHints":{"allow":["GET"]}}],"collection":[{"href":"https:\/\/www.europesays.com\/fr\/wp-json\/wp\/v2\/posts"}],"about":[{"href":"https:\/\/www.europesays.com\/fr\/wp-json\/wp\/v2\/types\/post"}],"author":[{"embeddable":true,"href":"https:\/\/www.europesays.com\/fr\/wp-json\/wp\/v2\/users\/2"}],"replies":[{"embeddable":true,"href":"https:\/\/www.europesays.com\/fr\/wp-json\/wp\/v2\/comments?post=196559"}],"version-history":[{"count":0,"href":"https:\/\/www.europesays.com\/fr\/wp-json\/wp\/v2\/posts\/196559\/revisions"}],"wp:featuredmedia":[{"embeddable":true,"href":"https:\/\/www.europesays.com\/fr\/wp-json\/wp\/v2\/media\/196560"}],"wp:attachment":[{"href":"https:\/\/www.europesays.com\/fr\/wp-json\/wp\/v2\/media?parent=196559"}],"wp:term":[{"taxonomy":"category","embeddable":true,"href":"https:\/\/www.europesays.com\/fr\/wp-json\/wp\/v2\/categories?post=196559"},{"taxonomy":"post_tag","embeddable":true,"href":"https:\/\/www.europesays.com\/fr\/wp-json\/wp\/v2\/tags?post=196559"}],"curies":[{"name":"wp","href":"https:\/\/api.w.org\/{rel}","templated":true}]}}