{"id":196570,"date":"2025-06-22T20:01:33","date_gmt":"2025-06-22T20:01:33","guid":{"rendered":"https:\/\/www.europesays.com\/fr\/196570\/"},"modified":"2025-06-22T20:01:33","modified_gmt":"2025-06-22T20:01:33","slug":"conference-musicale-consacree-au-personnage-de-martin-de-tours","status":"publish","type":"post","link":"https:\/\/www.europesays.com\/fr\/196570\/","title":{"rendered":"Conf\u00e9rence musicale consacr\u00e9e au personnage de Martin de Tours"},"content":{"rendered":"<p>Jean-Pierre Couteau, le maire de Villey-Saint-Etienne et pr\u00e9sident de Terres touloises, vient de cr\u00e9er la Route touristique et patrimoniale Saint-Martin en Lorraine. Le but de l\u2019association est de relier les communes lorraines qui poss\u00e8dent une \u00e9glise d\u00e9di\u00e9e \u00e0 saint Martin, abritant un patrimoine artistique remarquable et accessible.<\/p>\n<p>Ainsi, l\u2019association organise en partenariat avec Connaissance et renaissance du vieux Bouxi\u00e8res et la commune de Bouxi\u00e8res-aux-Dames, une conf\u00e9rence de Jean-Pierre Couteau consacr\u00e9e au personnage de Martin de Tours au cours de laquelle on pourra entendre des pi\u00e8ces musicales anciennes, inspir\u00e9es par ce grand homme du IVe\u00a0si\u00e8cle. La partie musicale sera assur\u00e9e par l\u2019ensemble \u00ab\u00a0Les voix de Melpom\u00e8ne\u00a0\u00bb sous la direction de Vincent Tricarri.<\/p>\n<p class=\"note\">Vendredi 27\u00a0juin \u00e0 l\u2019\u00e9glise Saint-Martin de Bouxi\u00e8res-aux-Dames. 18\u00a0h\u00a0: visite comment\u00e9e de l\u2019\u00e9glise\u00a0; 18\u00a0h\u00a045\u00a0: Inauguration signal\u00e9tique de la Route Saint-Martin\u00a0; 19\u00a0h\u00a0: conf\u00e9rence musicale. Entr\u00e9e libre.<\/p>\n","protected":false},"excerpt":{"rendered":"Jean-Pierre Couteau, le maire de Villey-Saint-Etienne et pr\u00e9sident de Terres touloises, vient de cr\u00e9er la Route touristique et&hellip;\n","protected":false},"author":2,"featured_media":196571,"comment_status":"","ping_status":"","sticky":false,"template":"","format":"standard","meta":{"footnotes":""},"categories":[9635],"tags":[1111,11,19709,13561,1687,1704,1777,674,1011,27,775,1702,12,25],"class_list":{"0":"post-196570","1":"post","2":"type-post","3":"status-publish","4":"format-standard","5":"has-post-thumbnail","7":"category-nancy","8":"tag-actu","9":"tag-actualites","10":"tag-bouxieres-aux-dames","11":"tag-cc-du-bassin-de-pompey-54b2","12":"tag-culture-loisirs","13":"tag-edition-nancy-et-agglomeration","14":"tag-eu","15":"tag-europe","16":"tag-fr","17":"tag-france","18":"tag-grand-est","19":"tag-nancy","20":"tag-news","21":"tag-republique-francaise"},"share_on_mastodon":{"url":"https:\/\/pubeurope.com\/@fr\/114728801561513148","error":""},"_links":{"self":[{"href":"https:\/\/www.europesays.com\/fr\/wp-json\/wp\/v2\/posts\/196570","targetHints":{"allow":["GET"]}}],"collection":[{"href":"https:\/\/www.europesays.com\/fr\/wp-json\/wp\/v2\/posts"}],"about":[{"href":"https:\/\/www.europesays.com\/fr\/wp-json\/wp\/v2\/types\/post"}],"author":[{"embeddable":true,"href":"https:\/\/www.europesays.com\/fr\/wp-json\/wp\/v2\/users\/2"}],"replies":[{"embeddable":true,"href":"https:\/\/www.europesays.com\/fr\/wp-json\/wp\/v2\/comments?post=196570"}],"version-history":[{"count":0,"href":"https:\/\/www.europesays.com\/fr\/wp-json\/wp\/v2\/posts\/196570\/revisions"}],"wp:featuredmedia":[{"embeddable":true,"href":"https:\/\/www.europesays.com\/fr\/wp-json\/wp\/v2\/media\/196571"}],"wp:attachment":[{"href":"https:\/\/www.europesays.com\/fr\/wp-json\/wp\/v2\/media?parent=196570"}],"wp:term":[{"taxonomy":"category","embeddable":true,"href":"https:\/\/www.europesays.com\/fr\/wp-json\/wp\/v2\/categories?post=196570"},{"taxonomy":"post_tag","embeddable":true,"href":"https:\/\/www.europesays.com\/fr\/wp-json\/wp\/v2\/tags?post=196570"}],"curies":[{"name":"wp","href":"https:\/\/api.w.org\/{rel}","templated":true}]}}