{"id":196581,"date":"2025-06-22T20:09:11","date_gmt":"2025-06-22T20:09:11","guid":{"rendered":"https:\/\/www.europesays.com\/fr\/196581\/"},"modified":"2025-06-22T20:09:11","modified_gmt":"2025-06-22T20:09:11","slug":"montbonnot-saint-martin-un-stage-de-poterie-du-7-au-11-juillet","status":"publish","type":"post","link":"https:\/\/www.europesays.com\/fr\/196581\/","title":{"rendered":"Montbonnot-Saint-Martin. Un stage de poterie du 7 au 11\u00a0juillet"},"content":{"rendered":"<p>D lundi\u00a07 au vendredi 11\u00a0juillet, l\u2019association Imaginaire et cr\u00e9ation propose une semaine de stage de poterie avec Sylvia Pison, pour les enfants de 4 \u00e0 14\u2002ans. Rendez-vous est donn\u00e9 tous les jours de 9\u00a0h\u00a030 \u00e0 11\u00a0h\u00a030, \u00e0 la Maison des arts (espace Andr\u00e9-Eymery). Cr\u00e9ation, cuisson, \u00e9maillage\u00a0: toutes les techniques seront abord\u00e9es dans une ambiance calme et ludique.<\/p>\n<p class=\"note\">Tarifs\u00a0: 80\u00a0\u20ac la semaine, plus adh\u00e9sion \u00e0 l\u2019association de 5\u00a0\u20ac par famille. Contact\u00a0: imaginaireetcreation@gmail.com ou 04\u00a076\u00a052\u00a037\u00a033 et 06\u00a089\u00a070\u00a061\u00a048. Site web\u00a0: imaginaireetcreation.free.fr<\/p>\n","protected":false},"excerpt":{"rendered":"D lundi\u00a07 au vendredi 11\u00a0juillet, l\u2019association Imaginaire et cr\u00e9ation propose une semaine de stage de poterie avec Sylvia&hellip;\n","protected":false},"author":2,"featured_media":196582,"comment_status":"","ping_status":"","sticky":false,"template":"","format":"standard","meta":{"footnotes":""},"categories":[9566],"tags":[1111,11,2430,1687,113,1777,674,2271,1011,27,2731,26950,28171,12,25],"class_list":{"0":"post-196581","1":"post","2":"type-post","3":"status-publish","4":"format-standard","5":"has-post-thumbnail","7":"category-grenoble","8":"tag-actu","9":"tag-actualites","10":"tag-auvergne-rhone-alpes","11":"tag-culture-loisirs","12":"tag-edition-gresivaudan-oisans","13":"tag-eu","14":"tag-europe","15":"tag-exposition-arts-plastiques","16":"tag-fr","17":"tag-france","18":"tag-grenoble","19":"tag-montbonnot-saint-martin","20":"tag-montbonnot-saint-martin-et-autour","21":"tag-news","22":"tag-republique-francaise"},"share_on_mastodon":{"url":"https:\/\/pubeurope.com\/@fr\/114728833199637719","error":""},"_links":{"self":[{"href":"https:\/\/www.europesays.com\/fr\/wp-json\/wp\/v2\/posts\/196581","targetHints":{"allow":["GET"]}}],"collection":[{"href":"https:\/\/www.europesays.com\/fr\/wp-json\/wp\/v2\/posts"}],"about":[{"href":"https:\/\/www.europesays.com\/fr\/wp-json\/wp\/v2\/types\/post"}],"author":[{"embeddable":true,"href":"https:\/\/www.europesays.com\/fr\/wp-json\/wp\/v2\/users\/2"}],"replies":[{"embeddable":true,"href":"https:\/\/www.europesays.com\/fr\/wp-json\/wp\/v2\/comments?post=196581"}],"version-history":[{"count":0,"href":"https:\/\/www.europesays.com\/fr\/wp-json\/wp\/v2\/posts\/196581\/revisions"}],"wp:featuredmedia":[{"embeddable":true,"href":"https:\/\/www.europesays.com\/fr\/wp-json\/wp\/v2\/media\/196582"}],"wp:attachment":[{"href":"https:\/\/www.europesays.com\/fr\/wp-json\/wp\/v2\/media?parent=196581"}],"wp:term":[{"taxonomy":"category","embeddable":true,"href":"https:\/\/www.europesays.com\/fr\/wp-json\/wp\/v2\/categories?post=196581"},{"taxonomy":"post_tag","embeddable":true,"href":"https:\/\/www.europesays.com\/fr\/wp-json\/wp\/v2\/tags?post=196581"}],"curies":[{"name":"wp","href":"https:\/\/api.w.org\/{rel}","templated":true}]}}