{"id":196583,"date":"2025-06-22T20:10:11","date_gmt":"2025-06-22T20:10:11","guid":{"rendered":"https:\/\/www.europesays.com\/fr\/196583\/"},"modified":"2025-06-22T20:10:11","modified_gmt":"2025-06-22T20:10:11","slug":"hockey-sur-glace-ligue-magnus-un-international-francais-continue-avec-grenoble","status":"publish","type":"post","link":"https:\/\/www.europesays.com\/fr\/196583\/","title":{"rendered":"Hockey sur glace &#8211; Ligue Magnus. Un international fran\u00e7ais continue avec Grenoble"},"content":{"rendered":"<p>C\u2019\u00e9tait dans les petits papiers, c\u2019est maintenant officiel. L\u2019international fran\u00e7ais Guillaume Leclerc continue avec les <a href=\"https:\/\/www.ledauphine.com\/sport\/hockey-sur-glace\" target=\"_blank\" rel=\"noopener\">Br\u00fbleurs de loups la saison prochaine.<\/a> Arriv\u00e9 l\u2019an pass\u00e9 depuis la Hongrie, l\u2019attaquant a v\u00e9cu une saison en demi-teinte avec Grenoble sous les ordres de <a href=\"https:\/\/www.ledauphine.com\/p\/per-hanberg\" target=\"_blank\" rel=\"noopener\">Per Hanberg<\/a>. La saison 2024\/2025, il a jou\u00e9 38 matchs de saison r\u00e9guli\u00e8re o\u00f9 il a marqu\u00e9 27 points (6 buts, 21 assistances).<\/p>\n<p>En play-offs, il a jou\u00e9 neuf rencontres sur les 14 possibles avec cinq points au compteur. Il a \u00e9t\u00e9 d\u00e9terminant notamment contre Amiens en demi-finale, avec des points d\u00e9cisifs. \u00ab\u00a0Nous avons plusieurs comp\u00e9titions l\u2019an prochain, et notamment la CHL qui arrive rapidement, avec en ligne de mire de performer dans cette comp\u00e9tition internationale et ensuite chercher les titres nationaux\u00a0\u00bb, a d\u00e9clar\u00e9 Leclerc sur le site officiel.<\/p>\n","protected":false},"excerpt":{"rendered":"C\u2019\u00e9tait dans les petits papiers, c\u2019est maintenant officiel. L\u2019international fran\u00e7ais Guillaume Leclerc continue avec les Br\u00fbleurs de loups&hellip;\n","protected":false},"author":2,"featured_media":196584,"comment_status":"","ping_status":"","sticky":false,"template":"","format":"standard","meta":{"footnotes":""},"categories":[9566],"tags":[1111,11,2430,112,1777,674,1701,1011,27,2731,2732,4133,10145,108,10146,1985,12,25,517],"class_list":{"0":"post-196583","1":"post","2":"type-post","3":"status-publish","4":"format-standard","5":"has-post-thumbnail","7":"category-grenoble","8":"tag-actu","9":"tag-actualites","10":"tag-auvergne-rhone-alpes","11":"tag-edition-grenoble-agglomeration","12":"tag-eu","13":"tag-europe","14":"tag-fil-info-sport","15":"tag-fr","16":"tag-france","17":"tag-grenoble","18":"tag-grenoble-bassin","19":"tag-hockey-sur-glace","20":"tag-hockey-sur-glace-grenoble","21":"tag-isere","22":"tag-ligue-magnus-hockey-sur-glace","23":"tag-metropole-de-grenoble","24":"tag-news","25":"tag-republique-francaise","26":"tag-sport"},"share_on_mastodon":{"url":"https:\/\/pubeurope.com\/@fr\/114728837097519809","error":""},"_links":{"self":[{"href":"https:\/\/www.europesays.com\/fr\/wp-json\/wp\/v2\/posts\/196583","targetHints":{"allow":["GET"]}}],"collection":[{"href":"https:\/\/www.europesays.com\/fr\/wp-json\/wp\/v2\/posts"}],"about":[{"href":"https:\/\/www.europesays.com\/fr\/wp-json\/wp\/v2\/types\/post"}],"author":[{"embeddable":true,"href":"https:\/\/www.europesays.com\/fr\/wp-json\/wp\/v2\/users\/2"}],"replies":[{"embeddable":true,"href":"https:\/\/www.europesays.com\/fr\/wp-json\/wp\/v2\/comments?post=196583"}],"version-history":[{"count":0,"href":"https:\/\/www.europesays.com\/fr\/wp-json\/wp\/v2\/posts\/196583\/revisions"}],"wp:featuredmedia":[{"embeddable":true,"href":"https:\/\/www.europesays.com\/fr\/wp-json\/wp\/v2\/media\/196584"}],"wp:attachment":[{"href":"https:\/\/www.europesays.com\/fr\/wp-json\/wp\/v2\/media?parent=196583"}],"wp:term":[{"taxonomy":"category","embeddable":true,"href":"https:\/\/www.europesays.com\/fr\/wp-json\/wp\/v2\/categories?post=196583"},{"taxonomy":"post_tag","embeddable":true,"href":"https:\/\/www.europesays.com\/fr\/wp-json\/wp\/v2\/tags?post=196583"}],"curies":[{"name":"wp","href":"https:\/\/api.w.org\/{rel}","templated":true}]}}