{"id":196585,"date":"2025-06-22T20:11:11","date_gmt":"2025-06-22T20:11:11","guid":{"rendered":"https:\/\/www.europesays.com\/fr\/196585\/"},"modified":"2025-06-22T20:11:11","modified_gmt":"2025-06-22T20:11:11","slug":"une-base-arriere-decouverte-six-hommes-de-20-a-33-ans-condamnes","status":"publish","type":"post","link":"https:\/\/www.europesays.com\/fr\/196585\/","title":{"rendered":"une base arri\u00e8re d\u00e9couverte, six hommes de 20 \u00e0 33 ans condamn\u00e9s"},"content":{"rendered":"<p>            Par<br \/>\n        <strong><br \/>\n            <a href=\"https:\/\/actu.fr\/auteur\/redaction-rennes\" title=\"Consulter tous les articles de R\u00e9daction Rennes\" target=\"_blank\" rel=\"noopener\">R\u00e9daction Rennes<\/a><br \/>\n        <\/strong><\/p>\n<p>        Publi\u00e9 le<\/p>\n<p>            22 juin 2025 \u00e0 21h10        <\/p>\n<p>Apr\u00e8s les fusillades qui ont marqu\u00e9 le quartier du <a href=\"https:\/\/actu.fr\/tag\/le-blosne\" target=\"_blank\" rel=\"noopener\">Blosne<\/a> en\u00a02023 et\u00a02024, l\u2019heure est venue \u00e0 la justice de faire son travail. Et <strong>chaque nouveau proc\u00e8s permet de comprendre petit \u00e0 petit mieux l\u2019organisation du narcotrafic<\/strong> et sa guerre de territoires \u00e0 <a href=\"https:\/\/actu.fr\/rennes\/\" target=\"_blank\" rel=\"noopener\">Rennes<\/a>. Mercredi 18\u00a0juin 2025, plusieurs hommes \u00e9taient pr\u00e9sents au tribunal correctionnel de la capitale bretonne afin d\u2019\u00eatre jug\u00e9s dans le cadre de leur participation au trafic de drogues et aux fusillades qui ont eu lieu en d\u00e9cembre\u00a02023 en particulier.<\/p>\n<p>Peine lourde pour le principal protagoniste<\/p>\n<p class=\" wall-content\">Ainsi, la justice a prononc\u00e9 <strong>huit ans de prison ferme<\/strong> \u00e0 l\u2019encontre de <strong>Ralph, u<\/strong>n jeune de 24\u00a0ans de Pontoise (Val-d\u2019Oise), accus\u00e9 d\u2019\u00eatre le <strong>principal protagoniste des fusillades<\/strong> qui avaient \u00e9clat\u00e9 dans le quartier du Blosne, \u00e0 Rennes (Ille-et-Vilaine), entre le 6 et le 9\u00a0d\u00e9cembre 2023.<\/p>\n<p class=\" wall-content\">Pour rappel, <strong>plusieurs fusillades successives<\/strong> avaient frapp\u00e9 le quartier\u2009:<a href=\"https:\/\/actu.fr\/bretagne\/rennes_35238\/coups-de-feu-a-rennes-un-reglement-de-comptes-sur-fonds-de-trafic-de-drogues_60432273.html\" target=\"_blank\" rel=\"noopener\"> les hostilit\u00e9s avaient commenc\u00e9 le 6\u00a0d\u00e9cembre 2023 vers 22h10<\/a> quand des coups de feu avaient \u00e9t\u00e9 tir\u00e9s en direction d\u2019un v\u00e9hicule stationn\u00e9 square de Galicie. Cinq minutes apr\u00e8s, un v\u00e9hicule suspect\u00e9 d\u2019avoir transport\u00e9 les tireurs \u00e9tait d\u00e9couvert \u00e0 Noyal-Ch\u00e2tillon-sur-Seiche, \u00e0 6\u00a0km de l\u00e0.<\/p>\n<p class=\" wall-content\"><strong>Trois jours plus tard,<\/strong><a href=\"https:\/\/actu.fr\/bretagne\/rennes_35238\/rennes-coups-de-feu-armes-de-guerre-nouvelles-violences-au-blosne_60441996.html\" target=\"_blank\" rel=\"noopener\"> les d\u00e9tonations de gros calibre avaient r\u00e9sonn\u00e9 en d\u00e9but de soir\u00e9e, aux abords du n\u00b02 de la place du Banat<\/a>, en plein c\u0153ur du quartier. <strong>Le 18\u00a0d\u00e9cembre 2023,<\/strong> cette fois-ci sur le temps de la pause d\u00e9jeuner, <a href=\"https:\/\/actu.fr\/bretagne\/rennes_35238\/rennes-un-individu-recherche-par-la-police-des-eleves-barricades-dans-leurs-classes_60470982.html\" target=\"_blank\" rel=\"noopener\">un individu avait \u00e9t\u00e9 signal\u00e9 aux abords du coll\u00e8ge des Hautes-Ourmes<\/a>\u2009: il se baladait avec \u00ab\u2009une kalachnikov\u2009\u00bb et avait m\u00eame<strong> \u00ab\u2009pris le bus\u2009\u00bb avec l\u2019arme \u00ab\u2009contre la poitrine\u2009\u00bb\u2026<\/strong><\/p>\n<p>Elle d\u00e9pose plainte pour violences conjugales et aide fortement les enqu\u00eateurs<\/p>\n<p class=\" wall-content\"><strong>L\u2019enqu\u00eate<\/strong> avait alors <strong>consid\u00e9rablement avanc\u00e9<\/strong> quand une <strong>jeune femme<\/strong> s\u2019\u00e9tait pr\u00e9sent\u00e9e au <strong>commissariat de Lens<\/strong> (Pas-de-Calais) pour d\u00e9poser plainte pour des faits de \u00ab\u2009violences conjugales\u2009\u00bb contre son ex-compagnon Clairian. Elle avait en fait expliqu\u00e9 aux policiers que ce <strong>jeune de 27\u00a0ans<\/strong> de Mouvaux (Nord) lui avait <strong>confi\u00e9 \u00eatre \u00ab\u2009impliqu\u00e9\u2009\u00bb<\/strong> dans la <strong>fusillade<\/strong> survenue le <strong>6\u00a0d\u00e9cembre 2023 \u00e0 Rennes<\/strong> apr\u00e8s \u00eatre rentr\u00e9 chez elle \u00ab\u2009dans la nuit\u2009\u00bb habill\u00e9 \u00ab\u2009tout en noir\u2009\u00bb et muni d\u2019une \u00ab\u2009cagoule\u2009\u00bb.<\/p>\n<p class=\" wall-content\">Selon elle, il avait \u00e9t\u00e9 r\u00e9mun\u00e9r\u00e9 <strong>\u00ab\u2009200\u00a0\u20ac la journ\u00e9e\u2009\u00bb<\/strong> pour un \u00ab\u2009travail de gardien\u2009\u00bb, c\u2019est-\u00e0-dire \u00ab\u2009se battre\u2009\u00bb pour \u00ab\u2009r\u00e9cup\u00e9rer des territoires\u2009\u00bb. Clairian \u00e9tait ensuite <strong>retourn\u00e9 \u00e0 Rennes entre le 12 et le 15\u00a0d\u00e9cembre<\/strong> 2023. Ce mercredi 18\u00a0juin 2025, l\u2019int\u00e9ress\u00e9 a donc \u00e9cop\u00e9 de <strong>six ans de prison,<\/strong> tout comme Antoine et Adam, deux de ses copr\u00e9venus. Au total, <strong>six hommes de 20 \u00e0 33\u00a0ans<\/strong> \u2013 dont certains avaient trouv\u00e9 refuge dans un logement lou\u00e9 \u00e0 Argentr\u00e9-du-Plessis (Ille-et-Vilaine), pr\u00e8s de Vitr\u00e9 \u2013 avaient \u00e9t\u00e9 identifi\u00e9s.<\/p>\n<p>Des \u00e9quipes venues de l\u2019autre bout de la France<\/p>\n<p class=\" wall-content\">En fin de journ\u00e9e, mardi 17\u00a0juin 2025, la procureure de la R\u00e9publique avait insist\u00e9 sur le <strong>caract\u00e8re \u00ab\u2009in\u00e9dit\u2009\u00bb de cette affaire \u00ab\u2009complexe\u2009\u00bb<\/strong> pour les avocats de la d\u00e9fense. \u00ab\u2009On voit appara\u00eetre sur ce point de deal rennais le recrutement d\u2019\u00e9quipes ext\u00e9rieures et structur\u00e9es\u2009\u00bb, avait-elle soulign\u00e9. La plupart des pr\u00e9venus n\u2019\u00e9taient en effet pas originaires de la r\u00e9gion rennaise\u2009: ils ont juste <strong>r\u00e9pondu \u00e0 une \u00ab\u2009annonce\u2009\u00bb sur le r\u00e9seau crypt\u00e9 \u00ab\u2009Telegram\u2009\u00bb<\/strong>.<\/p>\n<p class=\" wall-content\">La<strong> r\u00e9cup\u00e9ration du point de deal<\/strong> de la place du Banat<strong> impliquait<\/strong> ainsi le <strong>\u00ab\u2009recrutement\u2009\u00bb<\/strong> d\u2019un ensemble d\u2019acteurs allant <strong>du simple \u00ab\u2009guetteur\u2009\u00bb \u00e0 \u00ab\u2009l\u2019approvisionneur\u2009\u00bb de nourriture<\/strong> et de cigarettes, pour au moins \u00ab\u2009170\u00a0\u20ac par jour\u2009\u00bb, comme l\u2019ont eux-m\u00eames expliqu\u00e9 certains pr\u00e9venus.<\/p>\n<p>Une base arri\u00e8re \u00e0 la p\u00e9riph\u00e9rie de Rennes avec des navettes quotidiennes<\/p>\n<p class=\" wall-content\">Antoine \u2013 aujourd\u2019hui domicili\u00e9 \u00e0 Saint-Jacques-de-la-Lande (Ille-et-Vilaine) \u2013 avait pour sa part expliqu\u00e9 avoir <strong>mis \u00e0 disposition son logement<\/strong> d\u2019Argentr\u00e9-du-Plessis \u00e0 la <strong>demande d\u2019un \u00ab\u2009ami\u2009\u00bb<\/strong> pour h\u00e9berger un autre individu \u00ab\u2009\u00e0 sa sortie de prison\u2009\u00bb.<\/p>\n<p class=\" wall-content\">Plusieurs fois par jour, des <strong>\u00ab\u2009navettes\u2009\u00bb<\/strong> \u00e9taient donc assur\u00e9es par <strong>\u00ab\u2009divers chauffeurs\u2009\u00bb<\/strong> entre Argentr\u00e9-du-Plessis, le point de deal de Banat et l\u2019appartement du square des Hautes-Ourmes \u00e0 Rennes.<\/p>\n<p class=\" wall-content\"><strong>L\u2019un des chauffeurs, Aydin,<\/strong> a toutefois certifi\u00e9 qu\u2019il ne \u00ab\u2009connaissait pas\u2009\u00bb les autres protagonistes du dossier et ne pas avoir \u00e9t\u00e9 \u00ab\u2009mis au courant\u2009\u00bb de leurs projets. Il a \u00e9cop\u00e9 de la<strong> peine la plus basse<\/strong>, \u00e0 savoir un an de prison avec sursis.<\/p>\n<p class=\" wall-content\">L\u2019affaire, initialement ouverte sur la qualification criminelle de \u00ab\u2009tentative de meurtre en bande organis\u00e9e\u2009\u00bb, avait finalement \u00e9t\u00e9 orient\u00e9e vers des qualifications d\u00e9lictuelles. \u00ab\u2009Le tribunal n\u2019est pas saisi d\u2019un meurtre\u2009\u00bb bien que les faits soient \u00ab\u2009particuli\u00e8rement choquants\u2009\u00bb, avait soulign\u00e9 une avocate pour r\u00e9duire au maximum les peines prononc\u00e9es.<\/p>\n<p class=\" wall-content\">Au final, <strong>cinq des six pr\u00e9venus ont \u00e9t\u00e9 maintenus en d\u00e9tention<\/strong> pour purger de un \u00e0 huit ans de prison. Tous ont dix jours pour faire appel, tout comme le parquet de Rennes.<\/p>\n<p class=\" wall-content\"><strong>LB (PressPepper)<\/strong><\/p>\n<p class=\" wall-content\">Suivez toute l\u2019actualit\u00e9 de vos villes et m\u00e9dias favoris en vous inscrivant \u00e0 <a href=\"https:\/\/moncompte.actu.fr\" title=\"D\u00e9couvez Mon Actu\" rel=\"nofollow noopener\" data-trk=\"{&quot;cta&quot;:{&quot;action&quot;:&quot;https:\\\/\\\/moncompte.actu.fr&quot;,&quot;category&quot;:&quot;mon compte&quot;,&quot;from&quot;:&quot;article footer&quot;,&quot;name&quot;:&quot;Mon actu&quot;,&quot;type&quot;:&quot;cta&quot;}}\" target=\"_blank\">Mon Actu<\/a>.<\/p>\n","protected":false},"excerpt":{"rendered":"Par R\u00e9daction Rennes Publi\u00e9 le 22 juin 2025 \u00e0 21h10 Apr\u00e8s les fusillades qui ont marqu\u00e9 le quartier&hellip;\n","protected":false},"author":2,"featured_media":196586,"comment_status":"","ping_status":"","sticky":false,"template":"","format":"standard","meta":{"footnotes":""},"categories":[2821],"tags":[1111,11,829,1052,1777,674,118,1011,27,7905,813,12,584,25],"class_list":{"0":"post-196585","1":"post","2":"type-post","3":"status-publish","4":"format-standard","5":"has-post-thumbnail","7":"category-rennes","8":"tag-actu","9":"tag-actualites","10":"tag-bretagne","11":"tag-drogue","12":"tag-eu","13":"tag-europe","14":"tag-faits-divers","15":"tag-fr","16":"tag-france","17":"tag-le-blosne","18":"tag-narcotrafiquants","19":"tag-news","20":"tag-rennes","21":"tag-republique-francaise"},"share_on_mastodon":{"url":"https:\/\/pubeurope.com\/@fr\/114728841189632868","error":""},"_links":{"self":[{"href":"https:\/\/www.europesays.com\/fr\/wp-json\/wp\/v2\/posts\/196585","targetHints":{"allow":["GET"]}}],"collection":[{"href":"https:\/\/www.europesays.com\/fr\/wp-json\/wp\/v2\/posts"}],"about":[{"href":"https:\/\/www.europesays.com\/fr\/wp-json\/wp\/v2\/types\/post"}],"author":[{"embeddable":true,"href":"https:\/\/www.europesays.com\/fr\/wp-json\/wp\/v2\/users\/2"}],"replies":[{"embeddable":true,"href":"https:\/\/www.europesays.com\/fr\/wp-json\/wp\/v2\/comments?post=196585"}],"version-history":[{"count":0,"href":"https:\/\/www.europesays.com\/fr\/wp-json\/wp\/v2\/posts\/196585\/revisions"}],"wp:featuredmedia":[{"embeddable":true,"href":"https:\/\/www.europesays.com\/fr\/wp-json\/wp\/v2\/media\/196586"}],"wp:attachment":[{"href":"https:\/\/www.europesays.com\/fr\/wp-json\/wp\/v2\/media?parent=196585"}],"wp:term":[{"taxonomy":"category","embeddable":true,"href":"https:\/\/www.europesays.com\/fr\/wp-json\/wp\/v2\/categories?post=196585"},{"taxonomy":"post_tag","embeddable":true,"href":"https:\/\/www.europesays.com\/fr\/wp-json\/wp\/v2\/tags?post=196585"}],"curies":[{"name":"wp","href":"https:\/\/api.w.org\/{rel}","templated":true}]}}