{"id":19659,"date":"2025-04-12T10:59:11","date_gmt":"2025-04-12T10:59:11","guid":{"rendered":"https:\/\/www.europesays.com\/fr\/19659\/"},"modified":"2025-04-12T10:59:11","modified_gmt":"2025-04-12T10:59:11","slug":"moto-gp-voici-le-programme-tv-du-gp-des-ameriques-2025-2","status":"publish","type":"post","link":"https:\/\/www.europesays.com\/fr\/19659\/","title":{"rendered":"Moto GP &#8211; Voici le programme TV du GP des Am\u00e9riques 2025\u00a0"},"content":{"rendered":"<p itemprop=\"description\">Ici, vous retrouverez le programme TV complet pour le Grand-Prix des Am\u00e9riques 2025 en MotoGP, Moto 2 et Moto 3.<\/p>\n<p>Apr\u00e8s une semaine d\u2019absence, le championnat du monde de MotoGP nous donne rendez-vous ce week-end pour le Grand Prix des Am\u00e9riques sur le circuit d\u2019Austin au Texas. Nous avions quitt\u00e9 les 20 meilleurs pilotes du monde <strong>\u00e0 la fin du Grand Prix d\u2019Argentine<\/strong>.<\/p>\n<p>Lors de ce dernier week-end de course, nous avons une nouvelle fois assist\u00e9 \u00e0 une masterclass de la part des fr\u00e8res Marquez, qui sont une nouvelle fois arriv\u00e9s <strong>aux deux premi\u00e8res positions<\/strong> le dimanche lors de la course. Il faut dire qu\u2019au vu des deux premi\u00e8res courses de la saison, on se demande bien <strong>qui pourra d\u00e9loger Marc Marquez<\/strong> de la premi\u00e8re place du championnat. Prenons du recul en rappelant que nous ne sommes encore qu\u2019au tout d\u00e9but de la saison et qu\u2019il peut se passer encore \u00e9norm\u00e9ment de choses.<\/p>\n<p>N\u00e9anmoins, si Marc Marquez remporte une nouvelle fois toutes les \u00e9preuves ce week-end \u00e0 Austin, il risquerait d\u2019en d\u00e9courager plus d\u2019un <strong>pour la course au titre !<\/strong> C\u2019est pourquoi il serait dommage de ne pas regarder cette troisi\u00e8me \u00e9tape du championnat <strong>aux \u00c9tats-Unis<\/strong>.<\/p>\n<p>    <strong>Programme TV complet du GP d\u2019Austin<\/strong> <\/p>\n<p>Si nous \u00e9tions oblig\u00e9s de nous lever \u00e0 l\u2019aube pour suivre les deux premi\u00e8res \u00e9tapes du championnat du monde <strong>de MotoGP<\/strong>, cela ne serait pas le cas ce week-end. En effet, la majorit\u00e9 des \u00e9preuves auront lieu <strong>en d\u00e9but de soir\u00e9e et en soir\u00e9e<\/strong>.<\/p>\n<p>Toutes les \u00e9tapes de ce week-end seront r\u00e9unies sur une m\u00eame cha\u00eene,<strong> \u00e0 savoir Canal+ Sport 360<\/strong>. Alors, pour ne rien rater de ce nouveau week-end de course, voici le programme TV complet du <strong>Grand Prix des Am\u00e9riques<\/strong> :<\/p>\n<p><strong>Vendredi 28 mars<\/strong><\/p>\n<ul>\n<li>Essais Libres 1 Moto3 \u00e0 <strong>15 h 00<\/strong><\/li>\n<li>Essais Libres 1 Moto2 \u00e0 <strong>15 h 50<\/strong><\/li>\n<li>Essais Libres 1 MotoGP \u00e0 <strong>16 h 45<\/strong><\/li>\n<li>Essais Moto3 \u00e0 <strong>19 h 15<\/strong><\/li>\n<li>Essais Moto2 \u00e0 <strong>20 h 05<\/strong><\/li>\n<li>Essais MotoGP \u00e0 <strong>21 h 00<\/strong><\/li>\n<\/ul>\n<p><strong>Samedi 29 mars<\/strong><\/p>\n<ul>\n<li>Essais Libres 2 Moto3 \u00e0 <strong>14 h 40<\/strong><\/li>\n<li>Essais Libres 2 Moto2 \u00e0 <strong>15 h 25<\/strong><\/li>\n<li>Essais Libres 2 MotoGP \u00e0 <strong>16 h 10<\/strong><\/li>\n<li>Qualifications 1 MotoGP \u00e0 <strong>16 h 50<\/strong><\/li>\n<li>Qualifications 2 MotoGP \u00e0 <strong>17 h 15<\/strong><\/li>\n<li>Qualifications 1 Moto3 \u00e0 <strong>18 h 50<\/strong><\/li>\n<li>Qualifications 2 Moto3 \u00e0 <strong>19 h 15<\/strong><\/li>\n<li>Qualifications 1 Moto2 \u00e0 <strong>19 h 45<\/strong><\/li>\n<li>Qualifications 2 Moto2 \u00e0 <strong>20 h 10<\/strong><\/li>\n<li>Sprint MotoGP \u00e0 <strong>21 h 00<\/strong><\/li>\n<\/ul>\n<p><strong>Dimanche 30 mars<\/strong><\/p>\n<ul>\n<li>Warm-up MotoGP \u00e0 <strong>16 h 40<\/strong><\/li>\n<li>Course Moto3 \u00e0 <strong>18 h 00<\/strong><\/li>\n<li>Course Moto2 \u00e0 <strong>19 h 15<\/strong><\/li>\n<li><strong>Course MotoGP \u00e0 21 h 00<\/strong><\/li>\n<\/ul>\n","protected":false},"excerpt":{"rendered":"Ici, vous retrouverez le programme TV complet pour le Grand-Prix des Am\u00e9riques 2025 en MotoGP, Moto 2 et&hellip;\n","protected":false},"author":2,"featured_media":19660,"comment_status":"","ping_status":"","sticky":false,"template":"","format":"standard","meta":{"footnotes":""},"categories":[1413],"tags":[1011,27,1638,1457,1456,60],"class_list":{"0":"post-19659","1":"post","2":"type-post","3":"status-publish","4":"format-standard","5":"has-post-thumbnail","7":"category-moto","8":"tag-fr","9":"tag-france","10":"tag-has_diapo","11":"tag-moto","12":"tag-motocycle","13":"tag-sports"},"share_on_mastodon":{"url":"https:\/\/pubeurope.com\/@fr\/114324646381055448","error":""},"_links":{"self":[{"href":"https:\/\/www.europesays.com\/fr\/wp-json\/wp\/v2\/posts\/19659","targetHints":{"allow":["GET"]}}],"collection":[{"href":"https:\/\/www.europesays.com\/fr\/wp-json\/wp\/v2\/posts"}],"about":[{"href":"https:\/\/www.europesays.com\/fr\/wp-json\/wp\/v2\/types\/post"}],"author":[{"embeddable":true,"href":"https:\/\/www.europesays.com\/fr\/wp-json\/wp\/v2\/users\/2"}],"replies":[{"embeddable":true,"href":"https:\/\/www.europesays.com\/fr\/wp-json\/wp\/v2\/comments?post=19659"}],"version-history":[{"count":0,"href":"https:\/\/www.europesays.com\/fr\/wp-json\/wp\/v2\/posts\/19659\/revisions"}],"wp:featuredmedia":[{"embeddable":true,"href":"https:\/\/www.europesays.com\/fr\/wp-json\/wp\/v2\/media\/19660"}],"wp:attachment":[{"href":"https:\/\/www.europesays.com\/fr\/wp-json\/wp\/v2\/media?parent=19659"}],"wp:term":[{"taxonomy":"category","embeddable":true,"href":"https:\/\/www.europesays.com\/fr\/wp-json\/wp\/v2\/categories?post=19659"},{"taxonomy":"post_tag","embeddable":true,"href":"https:\/\/www.europesays.com\/fr\/wp-json\/wp\/v2\/tags?post=19659"}],"curies":[{"name":"wp","href":"https:\/\/api.w.org\/{rel}","templated":true}]}}