{"id":196595,"date":"2025-06-22T20:16:13","date_gmt":"2025-06-22T20:16:13","guid":{"rendered":"https:\/\/www.europesays.com\/fr\/196595\/"},"modified":"2025-06-22T20:16:13","modified_gmt":"2025-06-22T20:16:13","slug":"avec-ce-drapeau-israelien-sur-le-fronton-de-la-mairie-de-nice-christian-estrosi-divise-la-population-un-rassemblement-ce-dimanche-pour-reclamer-le-retrait-du-drapeau-de-letat-hebreu","status":"publish","type":"post","link":"https:\/\/www.europesays.com\/fr\/196595\/","title":{"rendered":"\u00ab\u00a0Avec ce drapeau isra\u00e9lien sur le fronton de la mairie de Nice, Christian Estrosi divise la population\u00a0\u00bb: un rassemblement ce dimanche pour r\u00e9clamer le retrait du drapeau de l\u2019Etat h\u00e9breu"},"content":{"rendered":"<p>\u00ab\u00a0Nous exigeons le retrait de ce drapeau isra\u00e9lien sur la mairie de Nice. Nous le demandons depuis octobre 2023, depuis que le maire Christian Estrosi a d\u00e9cid\u00e9 de le hisser malgr\u00e9 les protestations\u00a0\u00bb, mart\u00e8le Hager Barkous, pr\u00e9sidente de l\u2019association Les Amis de la Palestine 06. Ils \u00e9taient une cinquantaine \u00e0 se joindre au mouvement, devant l\u2019h\u00f4tel de ville, dimanche 22 juin 2025.<\/p>\n<p>Et s\u2019ils se rassemblent chaque semaine, souvent sur la place Garibaldi, ce dernier rendez-vous avait presque une saveur de victoire.<\/p>\n<p>\u00ab\u00a0Le nouveau pr\u00e9fet des Alpes-Maritimes [Laurent Hottiaux][16 juin] pour lui dire de retirer ces drapeaux au nom du principe de neutralit\u00e9 du service public. Mais Christian Estrosi a d\u00e9j\u00e0 r\u00e9pondu qu\u2019il ne comptait pas s\u2019y conformer, enrage Hager Barkous. Cela nous pose probl\u00e8me parce que cela montre qu\u2019il se croit au-dessus de la loi. C\u2019est de la provocation et c\u2019est vraiment probl\u00e9matique parce qu\u2019il repr\u00e9sente la Ville de Nice. Et en agissant tel qu\u2019il le fait, il divise la population.<\/p>\n<p>Rendez-vous mardi au tribunal administratif<\/p>\n<p>              <img ci-src=\"https:\/\/www.nicematin.com\/conflits\/protec\/DATA_ART_15768306-tkLctPUx.jpg?vh=d55876&amp;ci_seal=47fc47ec3c\" alt=\"\"\/><br \/>\n         <strong>Photo Fran\u00e7ois Vignola.<\/strong> <\/p>\n<p>Il pr\u00e9tend qu\u2019il les enl\u00e8vera quand nous aurons gagn\u00e9 la guerre. Je ne savais pas que la France \u00e9tait en guerre. On voit l\u00e0 des drapeaux qui repr\u00e9sentent un \u00c9tat dont le chef de gouvernement fait l\u2019objet d\u2019un mandat d\u2019arr\u00eat de la Cour p\u00e9nale internationale et une arm\u00e9e qui participe \u00e0 un g\u00e9nocide. Il faut arr\u00eater de semer la haine. \u00ab\u00a0<\/p>\n<p>La pr\u00e9sidente de l\u2019association Les Amis de la Palestine 06 se veut optimiste: \u00ab\u00a0Le tribunal administratif de Nice doit examiner notre requ\u00eate mardi [24 juin 2025]. Nous pensons qu\u2019il nous donnera raison.\u00a0\u00bb <\/p>\n<p>En attendant, les couleurs d\u2019Isra\u00ebl flottent toujours sur le fronton de la mairie.<\/p>\n<p>              <img ci-src=\"https:\/\/www.nicematin.com\/conflits\/protec\/DATA_ART_15768303-icGQ86i4.jpg?vh=c4f198&amp;ci_seal=86643641c7\" alt=\"\"\/><br \/>\n         <strong>Photo Fran\u00e7ois Vignola.<\/strong> <\/p>\n","protected":false},"excerpt":{"rendered":"\u00ab\u00a0Nous exigeons le retrait de ce drapeau isra\u00e9lien sur la mairie de Nice. Nous le demandons depuis octobre&hellip;\n","protected":false},"author":2,"featured_media":196596,"comment_status":"","ping_status":"","sticky":false,"template":"","format":"standard","meta":{"footnotes":""},"categories":[2819],"tags":[1111,11,10411,1777,674,1011,27,12,2401,882,25,3366],"class_list":{"0":"post-196595","1":"post","2":"type-post","3":"status-publish","4":"format-standard","5":"has-post-thumbnail","7":"category-nice","8":"tag-actu","9":"tag-actualites","10":"tag-conflits","11":"tag-eu","12":"tag-europe","13":"tag-fr","14":"tag-france","15":"tag-news","16":"tag-nice","17":"tag-provence-alpes-cote-dazur","18":"tag-republique-francaise","19":"tag-vie-locale"},"share_on_mastodon":{"url":"https:\/\/pubeurope.com\/@fr\/114728860592978137","error":""},"_links":{"self":[{"href":"https:\/\/www.europesays.com\/fr\/wp-json\/wp\/v2\/posts\/196595","targetHints":{"allow":["GET"]}}],"collection":[{"href":"https:\/\/www.europesays.com\/fr\/wp-json\/wp\/v2\/posts"}],"about":[{"href":"https:\/\/www.europesays.com\/fr\/wp-json\/wp\/v2\/types\/post"}],"author":[{"embeddable":true,"href":"https:\/\/www.europesays.com\/fr\/wp-json\/wp\/v2\/users\/2"}],"replies":[{"embeddable":true,"href":"https:\/\/www.europesays.com\/fr\/wp-json\/wp\/v2\/comments?post=196595"}],"version-history":[{"count":0,"href":"https:\/\/www.europesays.com\/fr\/wp-json\/wp\/v2\/posts\/196595\/revisions"}],"wp:featuredmedia":[{"embeddable":true,"href":"https:\/\/www.europesays.com\/fr\/wp-json\/wp\/v2\/media\/196596"}],"wp:attachment":[{"href":"https:\/\/www.europesays.com\/fr\/wp-json\/wp\/v2\/media?parent=196595"}],"wp:term":[{"taxonomy":"category","embeddable":true,"href":"https:\/\/www.europesays.com\/fr\/wp-json\/wp\/v2\/categories?post=196595"},{"taxonomy":"post_tag","embeddable":true,"href":"https:\/\/www.europesays.com\/fr\/wp-json\/wp\/v2\/tags?post=196595"}],"curies":[{"name":"wp","href":"https:\/\/api.w.org\/{rel}","templated":true}]}}