{"id":196600,"date":"2025-06-22T20:21:28","date_gmt":"2025-06-22T20:21:28","guid":{"rendered":"https:\/\/www.europesays.com\/fr\/196600\/"},"modified":"2025-06-22T20:21:28","modified_gmt":"2025-06-22T20:21:28","slug":"3-voiliers-emblematiques-amarres-dans-le-port-de-la-lune-pour-bordeaux-fete-le-vin-2025","status":"publish","type":"post","link":"https:\/\/www.europesays.com\/fr\/196600\/","title":{"rendered":"\u00a03 voiliers embl\u00e9matiques amarr\u00e9s dans le Port de la Lune pour Bordeaux f\u00eate le vin 2025"},"content":{"rendered":"<p style=\"text-align: left;\">L\u2019\u00e9v\u00e9nement qui se d\u00e9roule du 19 au 22 juin 2025, a transform\u00e9 les quais de Bordeaux, en un \u00e9crin d\u00e9di\u00e9 aux amateurs de vin et de patrimoine maritime.\u00a0<\/p>\n<p style=\"text-align: center;\"><img loading=\"lazy\" decoding=\"async\" src=\"https:\/\/www.europesays.com\/fr\/wp-content\/uploads\/2025\/06\/voilier-fete-du-vin-bordeaux-2025-6.webp.webp\" alt=\"voilier fete du vin bordeaux 2025\" width=\"710\" height=\"473\" style=\"display: block; margin-left: auto; margin-right: auto;\"\/>Cr\u00e9dit photos : Tous droits r\u00e9serv\u00e9s <strong>\u00a9\ufe0f<\/strong> <strong><a href=\"https:\/\/www.marccphotographies.com\" target=\"_blank\" rel=\"noopener\">Marc Chaillou<\/a><\/strong><\/p>\n<p>El galeon : un galion espagnol ressuscit\u00e9<\/p>\n<p>Long de 51 m\u00e8tres, El\u202fGaleon reproduit fid\u00e8lement les galions du XVII\u1d49 si\u00e8cle ayant fait le lien entre l\u2019Espagne et le Nouveau Monde.<\/p>\n<p><img loading=\"lazy\" decoding=\"async\" src=\"https:\/\/www.europesays.com\/fr\/wp-content\/uploads\/2025\/06\/voilier-fete-du-vin-bordeaux-2025-5.webp.webp\" alt=\"voilier fete du vin bordeaux 2025\" width=\"710\" height=\"473\" style=\"display: block; margin-left: auto; margin-right: auto;\"\/><\/p>\n<p>Le fran\u00e7ais, un trois-m\u00e2ts\u00a0barque d\u2019aventure\u00a0<\/p>\n<p>Construit en 1948 pour la p\u00eache, Le\u202fFran\u00e7ais s\u2019est reconverti en navire d\u2019exp\u00e9ditions scientifiques, sillonnant les oc\u00e9ans.<\/p>\n<p><img decoding=\"async\" src=\"https:\/\/www.europesays.com\/fr\/wp-content\/uploads\/2025\/06\/voilier-fete-du-vin-bordeaux-2025-4.webp.webp\" alt=\"voilier fete du vin bordeaux 2025\" width=\"710\" height=\"473\" style=\"display: block; margin-left: auto; margin-right: auto;\" loading=\"lazy\"\/><\/p>\n<p>Le Pascual flores, l\u2019invit\u00e9 m\u00e9connu mais surprenant<\/p>\n<p>Peu connu du grand public, le Pascual\u202fFlores naviguait autrefois en M\u00e9diterran\u00e9e et sur les c\u00f4tes africaines d\u00e8s 1928, apparaissant m\u00eame dans un film muet.<\/p>\n<p><img decoding=\"async\" src=\"https:\/\/www.europesays.com\/fr\/wp-content\/uploads\/2025\/06\/voilier-fete-du-vin-bordeaux-2025-3.webp.webp\" alt=\"voilier fete du vin bordeaux 2025\" width=\"710\" height=\"473\" style=\"display: block; margin-left: auto; margin-right: auto;\" loading=\"lazy\"\/><\/p>\n<p>Chaque voilier est accessible moyennant un tarif de 5\u202f\u20ac, gratuit pour les \u2013 6\u202fans, et propose des cr\u00e9neaux de visite de 11h15 \u00e0 16h45, selon la date et le navire. En foulant les planches, on per\u00e7oit le l\u00e9ger tangage du fleuve, on effleure bois et cordages, et on entend le bois craquer sous la coque.<\/p>\n<p>La mairie de Bordeaux pr\u00e9cise que fauteuils roulants et poussettes peuvent rencontrer des difficult\u00e9s \u00e0 bord : l\u2019acc\u00e8s est soumis \u00e0 l\u2019accord du capitaine et \u00e0 l\u2019\u00e9tat des coup\u00e9es, particuli\u00e8rement raides en mar\u00e9e basse (jusqu\u2019\u00e0 15\u202f%).<\/p>\n<p>Un rendez-vous port\u00e9 par le patrimoine et l\u2019\u0153notourisme<\/p>\n<p>L\u2019existence des voiliers rappelle l\u2019ancien r\u00f4le portuaire de Bordeaux, point de d\u00e9part des crus pour l\u2019export. Les voiliers viennent compl\u00e9ter l\u2019offre \u0153nologique de l\u2019\u00e9v\u00e9nement, qui inclut pavillons des appellations, Pass d\u00e9gustation et exp\u00e9riences sensorielles.\u00a0<\/p>\n<p>Le fleuve comme trait d\u2019union<\/p>\n<p>Sur ces m\u00eames quais, les visiteurs peuvent aussi vivre d\u2019autres temps forts : spectacles de drones, DJ sets, food\u2011trucks &amp; village gastronomique, et relations avec l\u2019offre locale.<\/p>\n<blockquote><p>&#13;<\/p>\n<p>Ces voiliers incarnent la m\u00e9moire bordelaise, rendant tangible l\u2019\u00e9pop\u00e9e des vins partant du port de la lune vers le monde\u201d\u00a0 organisateur bordeaux m\u00e9tropole<\/p>\n<p>&#13;\n<\/p><\/blockquote>\n<p>L\u2019ancrage de ces navires dans l\u2019\u00e9dition 2025 s\u2019inscrit dans la volont\u00e9 de valoriser simultan\u00e9ment le patrimoine maritime et la richesse du vignoble bordelais. L\u2019\u00e9v\u00e9nement, soutenu par la m\u00e9tropole, mise sur cette compl\u00e9mentarit\u00e9 pour renforcer son attractivit\u00e9 mondiale.<\/p>\n<p>\u00c0 terme, cet \u00e9quilibre entre festivit\u00e9s \u0153nologiques et immersion historique pourrait inspirer d\u2019autres manifestations portant l\u2019identit\u00e9 bordelaise, fa\u00e7onnant un tourisme culturel diff\u00e9renciant. et s\u00fbrement des surprises dans es prochaines ann\u00e9es !!!<\/p>\n<p><img decoding=\"async\" src=\"https:\/\/www.europesays.com\/fr\/wp-content\/uploads\/2025\/06\/voilier-fete-du-vin-bordeaux-2025-7.webp.webp\" alt=\"voilier fete du vin bordeaux 2025\" width=\"710\" height=\"473\" style=\"display: block; margin-left: auto; margin-right: auto;\" loading=\"lazy\"\/><\/p>\n<p>El\u202fGaleon, Le\u202fFran\u00e7ais et Pascual\u202fFlores incarnent trois \u00e9poques maritimes, trois histoires reli\u00e9es par la vigne bordelaise. Leur escale \u00e0 Bordeaux F\u00eate le Vin 2025 offre aux visiteurs une exp\u00e9rience globale, enrichie par une dimension historique et sensorielle unique.<\/p>\n<p>Informations pratiques<\/p>\n<ul>&#13;<\/p>\n<li>dates\u202f: 19\u201322\u00a0juin\u202f2025\u00a0<\/li>\n<p>&#13;<\/p>\n<li>lieu\u202f: quais de la Garonne, Bordeaux (entre Miroir d\u2019Eau et Bourse Maritime)<\/li>\n<p>&#13;<\/p>\n<li>tarif\u202f: 5\u202f\u20ac, gratuit \u20136\u202fans ; Pass d\u00e9gustation s\u00e9par\u00e9 pour vin<\/li>\n<p>&#13;<\/p>\n<li>programme d\u00e9taill\u00e9\u202f: site officiel <a href=\"https:\/\/www.bordeaux-fete-le-vin.com\" target=\"_blank\" rel=\"noopener\">Bordeaux F\u00eate le Vin<\/a><\/li>\n<p>&#13;\n<\/ul>\n<p><img decoding=\"async\" src=\"https:\/\/www.europesays.com\/fr\/wp-content\/uploads\/2025\/06\/favicon.png\" alt=\"\" width=\"60\" height=\"60\" data-alt=\"FAVICO\" loading=\"lazy\"\/>Sources de l&rsquo;article<\/p>\n<ul>&#13;<\/p>\n<li>site officiel Bordeaux F\u00eate le Vin \u2013 voiliers et programme\u00a0<\/li>\n<p>&#13;<\/p>\n<li>mairie de Bordeaux<\/li>\n<p>&#13;\n<\/ul>\n<p>\u00a0<\/p>\n","protected":false},"excerpt":{"rendered":"L\u2019\u00e9v\u00e9nement qui se d\u00e9roule du 19 au 22 juin 2025, a transform\u00e9 les quais de Bordeaux, en un&hellip;\n","protected":false},"author":2,"featured_media":196601,"comment_status":"","ping_status":"","sticky":false,"template":"","format":"standard","meta":{"footnotes":""},"categories":[2817],"tags":[1111,11,1997,13937,33587,1777,674,1011,27,33589,24558,12,2219,33588,25,33586],"class_list":{"0":"post-196600","1":"post","2":"type-post","3":"status-publish","4":"format-standard","5":"has-post-thumbnail","7":"category-bordeaux","8":"tag-actu","9":"tag-actualites","10":"tag-bordeaux","11":"tag-bordeaux-fete-le-vin","12":"tag-el-galeon","13":"tag-eu","14":"tag-europe","15":"tag-fr","16":"tag-france","17":"tag-grandes-coques","18":"tag-le-francais","19":"tag-news","20":"tag-nouvelle-aquitaine","21":"tag-pascual-flores","22":"tag-republique-francaise","23":"tag-voiliers"},"share_on_mastodon":{"url":"https:\/\/pubeurope.com\/@fr\/114728880538533446","error":""},"_links":{"self":[{"href":"https:\/\/www.europesays.com\/fr\/wp-json\/wp\/v2\/posts\/196600","targetHints":{"allow":["GET"]}}],"collection":[{"href":"https:\/\/www.europesays.com\/fr\/wp-json\/wp\/v2\/posts"}],"about":[{"href":"https:\/\/www.europesays.com\/fr\/wp-json\/wp\/v2\/types\/post"}],"author":[{"embeddable":true,"href":"https:\/\/www.europesays.com\/fr\/wp-json\/wp\/v2\/users\/2"}],"replies":[{"embeddable":true,"href":"https:\/\/www.europesays.com\/fr\/wp-json\/wp\/v2\/comments?post=196600"}],"version-history":[{"count":0,"href":"https:\/\/www.europesays.com\/fr\/wp-json\/wp\/v2\/posts\/196600\/revisions"}],"wp:featuredmedia":[{"embeddable":true,"href":"https:\/\/www.europesays.com\/fr\/wp-json\/wp\/v2\/media\/196601"}],"wp:attachment":[{"href":"https:\/\/www.europesays.com\/fr\/wp-json\/wp\/v2\/media?parent=196600"}],"wp:term":[{"taxonomy":"category","embeddable":true,"href":"https:\/\/www.europesays.com\/fr\/wp-json\/wp\/v2\/categories?post=196600"},{"taxonomy":"post_tag","embeddable":true,"href":"https:\/\/www.europesays.com\/fr\/wp-json\/wp\/v2\/tags?post=196600"}],"curies":[{"name":"wp","href":"https:\/\/api.w.org\/{rel}","templated":true}]}}