{"id":196608,"date":"2025-06-22T20:26:13","date_gmt":"2025-06-22T20:26:13","guid":{"rendered":"https:\/\/www.europesays.com\/fr\/196608\/"},"modified":"2025-06-22T20:26:13","modified_gmt":"2025-06-22T20:26:13","slug":"le-meilleur-jour-de-ma-vie-pierre-garnier-en-duo-avec-son-idole-ed-sheeran-a-lille","status":"publish","type":"post","link":"https:\/\/www.europesays.com\/fr\/196608\/","title":{"rendered":"\u00ab\u00a0Le meilleur jour de ma vie\u00a0\u00bb, Pierre Garnier en duo avec son idole Ed Sheeran \u00e0 Lille"},"content":{"rendered":"<p itemprop=\"description\"><strong>Ce samedi 21 juin, Ed Sheeran a marqu\u00e9 les esprits au stade Pierre-Mauroy en conviant une surprise de taille : Pierre Garnier, grand gagnant de la Star Academy 2023, pour un duo m\u00e9morable.<\/strong><\/p>\n<p>Ed Sheeran s\u2019est offert <strong>un double concert \u00e0 Lille<\/strong>, concluant en beaut\u00e9 ce samedi 21 juin \u00e0 l\u2019occasion de <strong>la F\u00eate de la musique<\/strong>. Alors qu&rsquo;il encha\u00eenait les tubes devant un stade Pierre-Mauroy complet, l\u2019artiste britannique a cr\u00e9\u00e9 la surprise en invitant <strong>Pierre Garnier<\/strong> \u00e0 le rejoindre sur sc\u00e8ne. Devant <strong>60 000 spectateurs<\/strong> en liesse, le vainqueur de la Star Academy 2023 a interpr\u00e9t\u00e9 \u00ab\u00a0Ceux qu\u2019on \u00e9tait\u00a0\u00bb, accompagn\u00e9 \u00e0 la guitare par <strong>Ed lui-m\u00eame<\/strong>. Sur les r\u00e9seaux, les vid\u00e9os du duo ont rapidement explos\u00e9, propulsant l\u2019\u00e9v\u00e9nement parmi <strong>les plus comment\u00e9s du week-end<\/strong>.<\/p>\n<p>\u00c0 peine descendu de sc\u00e8ne, Ed Sheeran a partag\u00e9 un extrait de la performance sur <strong>Instagram<\/strong>, accompagn\u00e9 d\u2019un message touchant :<\/p>\n<blockquote><p>&#13;<\/p>\n<p>\u00ab\u00a0C\u2019\u00e9tait un tel plaisir d\u2019avoir Pierre Garnier sur sc\u00e8ne ce soir, mais aussi juste de passer du temps avec lui avant le spectacle. Quel talent, un mec si charmant. Je dirais que mon fran\u00e7ais a besoin de travail quand m\u00eame hein. [&#8230;] Merci Pierre, merci Lille\u00a0\u00bb.<\/p>\n<p>&#13;\n<\/p><\/blockquote>\n<p><strong>Une d\u00e9claration sinc\u00e8re<\/strong>, qui confirme l\u2019admiration qu\u2019il porte au jeune artiste fran\u00e7ais. De son c\u00f4t\u00e9 Pierre, fan inconditionnel de l\u2019interpr\u00e8te de \u00ab\u00a0Shape of You\u00a0\u00bb, n&rsquo;a pas tard\u00e9 \u00e0 r\u00e9agir en story Instagram : \u201cLe meilleur jour de ma vie, c\u2019\u00e9tait fou\u201d. Une collaboration entre les deux artistes \u00e9tait pressentie <strong>depuis plusieurs semaines<\/strong>, aliment\u00e9e par <a href=\"https:\/\/mradio.fr\/news\/musique\/54978\/pierre-garnier-bientot-en-duo-avec-une-superstar-internationale-nous-sommes-en-contact\" target=\"_blank\" rel=\"noopener\">leurs \u00e9changes \u00e9logieux dans les m\u00e9dias<\/a>.<\/p>\n<p>Pour Pierre Garnier, <strong>ce duo avec Ed Sheeran<\/strong> repr\u00e9sente bien plus que l&rsquo;opportunit\u00e9 de jouer sur sc\u00e8ne <strong>avec son idole<\/strong> : c\u2019est une validation artistique internationale. \u00c0 seulement 22 ans, le chanteur confirme <a href=\"https:\/\/mradio.fr\/news\/musique\/54933\/pierre-garnier-bientot-un-nouvel-album-l-artiste-prepare-deja-la-suite\" target=\"_blank\" rel=\"noopener\">sa place dans le paysage musical fran\u00e7ais<\/a>. <strong>Une ascension fulgurante<\/strong>, marqu\u00e9e par ce moment de gr\u00e2ce que ni Pierre ni le public ne sont pr\u00eats d\u2019oublier.<\/p>\n<p>\u00a0<\/p>\n<blockquote class=\"instagram-media\" style=\"background: #FFF; border: 0; border-radius: 3px; box-shadow: 0 0 1px 0 rgba(0,0,0,0.5),0 1px 10px 0 rgba(0,0,0,0.15); margin: 1px; max-width: 540px; min-width: 326px; padding: 0; width: calc(100% - 2px);\" data-instgrm-captioned=\"\" data-instgrm-permalink=\"https:\/\/www.instagram.com\/reel\/DLLYrmmi05M\/?utm_source=ig_embed&amp;utm_campaign=loading\" data-instgrm-version=\"14\"><p>&#13;<br \/>\n&#13;\n<\/p><\/blockquote>\n<p>\t\t\t\t\t\t\t\t\t\t\t\t\t\t\t\t\t\t\t<script async src=\"\/\/www.instagram.com\/embed.js\"><\/script><\/p>\n","protected":false},"excerpt":{"rendered":"Ce samedi 21 juin, Ed Sheeran a marqu\u00e9 les esprits au stade Pierre-Mauroy en conviant une surprise de&hellip;\n","protected":false},"author":2,"featured_media":196609,"comment_status":"","ping_status":"","sticky":false,"template":"","format":"standard","meta":{"footnotes":""},"categories":[2815],"tags":[1111,11,3723,2937,1695,1697,1777,674,1011,26,27,811,1307,3722,3724,12,626,3725,1825,25],"class_list":{"0":"post-196608","1":"post","2":"type-post","3":"status-publish","4":"format-standard","5":"has-post-thumbnail","7":"category-lille","8":"tag-actu","9":"tag-actualites","10":"tag-actus","11":"tag-artistes","12":"tag-chanson","13":"tag-concert","14":"tag-eu","15":"tag-europe","16":"tag-fr","17":"tag-francaise","18":"tag-france","19":"tag-hauts-de-france","20":"tag-lille","21":"tag-mradio","22":"tag-musicale","23":"tag-news","24":"tag-paris","25":"tag-podcast","26":"tag-radio","27":"tag-republique-francaise"},"share_on_mastodon":{"url":"https:\/\/pubeurope.com\/@fr\/114728899954682649","error":""},"_links":{"self":[{"href":"https:\/\/www.europesays.com\/fr\/wp-json\/wp\/v2\/posts\/196608","targetHints":{"allow":["GET"]}}],"collection":[{"href":"https:\/\/www.europesays.com\/fr\/wp-json\/wp\/v2\/posts"}],"about":[{"href":"https:\/\/www.europesays.com\/fr\/wp-json\/wp\/v2\/types\/post"}],"author":[{"embeddable":true,"href":"https:\/\/www.europesays.com\/fr\/wp-json\/wp\/v2\/users\/2"}],"replies":[{"embeddable":true,"href":"https:\/\/www.europesays.com\/fr\/wp-json\/wp\/v2\/comments?post=196608"}],"version-history":[{"count":0,"href":"https:\/\/www.europesays.com\/fr\/wp-json\/wp\/v2\/posts\/196608\/revisions"}],"wp:featuredmedia":[{"embeddable":true,"href":"https:\/\/www.europesays.com\/fr\/wp-json\/wp\/v2\/media\/196609"}],"wp:attachment":[{"href":"https:\/\/www.europesays.com\/fr\/wp-json\/wp\/v2\/media?parent=196608"}],"wp:term":[{"taxonomy":"category","embeddable":true,"href":"https:\/\/www.europesays.com\/fr\/wp-json\/wp\/v2\/categories?post=196608"},{"taxonomy":"post_tag","embeddable":true,"href":"https:\/\/www.europesays.com\/fr\/wp-json\/wp\/v2\/tags?post=196608"}],"curies":[{"name":"wp","href":"https:\/\/api.w.org\/{rel}","templated":true}]}}