{"id":196610,"date":"2025-06-22T20:27:21","date_gmt":"2025-06-22T20:27:21","guid":{"rendered":"https:\/\/www.europesays.com\/fr\/196610\/"},"modified":"2025-06-22T20:27:21","modified_gmt":"2025-06-22T20:27:21","slug":"un-homme-tue-ce-samedi-a-marseille","status":"publish","type":"post","link":"https:\/\/www.europesays.com\/fr\/196610\/","title":{"rendered":"un homme tu\u00e9 ce samedi \u00e0 Marseille"},"content":{"rendered":"<p>Un quadrag\u00e9naire a \u00e9t\u00e9 tu\u00e9 par balles ce samedi matin, dans les quartiers populaires du nord de Marseille. Ce meurtre survient quelques heures apr\u00e8s un autre, vendredi en d\u00e9but de soir\u00e9e, par arme blanche, pr\u00e8s de la gare Saint-Charles.<\/p>\n<p>\u00ab On a voulu lui tirer sa sacoche\u00a0\u00bb<\/p>\n<p>Samedi, peu avant 8 h 00, un homme \u00ab d&rsquo;une quarantaine d&rsquo;ann\u00e9es \u00bb a \u00e9t\u00e9 tu\u00e9 par balles dans le 14e arrondissement, a confirm\u00e9 une source polici\u00e8re, contact\u00e9e auparavant par un t\u00e9moin de la sc\u00e8ne.<\/p>\n<p>D&rsquo;apr\u00e8s <a href=\"https:\/\/www.laprovence.com\/article\/faits-divers-justice\/1896346924818915\/info-la-provence-un-producteur-de-peches-tue-par-balles-au-min-de-marseille-ce-samedi\" target=\"_blank\" rel=\"noopener\">La Provence<\/a>, l&rsquo;homme \u00e9tait producteur de p\u00eache et les faits se sont d\u00e9roul\u00e9s au march\u00e9 d&rsquo;int\u00e9r\u00eat national des Arnavaux, dans le 14e arrondissement, pendant qu&rsquo;il d\u00e9chargeait ses fruits de mer.<\/p>\n<p>Selon une femme travaillant au march\u00e9 des Arnavaux, l&rsquo;homme de 41 ans a \u00e9t\u00e9 touch\u00e9 par balles \u00e0 la gorge et \u00e0 la t\u00eate. \u00ab On a voulu lui tirer sa sacoche, il a voulu r\u00e9sister, il s&rsquo;est pris deux balles \u00bb. L&rsquo;agresseur \u00e9tait arriv\u00e9 \u00e0 bord d&rsquo;une voiture, selon ce t\u00e9moignage. L&rsquo;enqu\u00eate a \u00e9t\u00e9 confi\u00e9e \u00e0 la division de la criminalit\u00e9 territoriale.<\/p>\n<p>Une rixe la veille<\/p>\n<p>La veille, vendredi en d\u00e9but de soir\u00e9e, un autre homme avait \u00e9t\u00e9 tu\u00e9 par arme blanche, a pr\u00e9cis\u00e9 une source polici\u00e8re, confirmant une information de <a href=\"https:\/\/www.laprovence.com\/article\/faits-divers-justice\/3134015171521314\/un-homme-tue-a-larme-blanche-dans-le-3e-arrondissement-de-marseille\" target=\"_blank\" rel=\"noopener\">La Provence<\/a>. Cet homicide s&rsquo;est d\u00e9roul\u00e9 lors d&rsquo;une rixe entre plusieurs individus, vers 19 h 30, dans un secteur tr\u00e8s proche de la gare Saint-Charles. L\u00e0 aussi l&rsquo;auteur des faits est en fuite. Cette enqu\u00eate a \u00e9t\u00e9 confi\u00e9e \u00e0 la division de la criminalit\u00e9 organis\u00e9e et sp\u00e9cialis\u00e9e.<\/p>\n<p>Selon La Provence, ces faits ont eu lieu boulevard National, un axe qui avait d\u00e9j\u00e0 \u00e9t\u00e9 le th\u00e9\u00e2tre d&rsquo;un homicide le 13 mai avec la mort d&rsquo;un homme d&rsquo;une vingtaine d&rsquo;ann\u00e9es. \u00ab La victime \u00e9tait connue de la justice pour des petites infractions mais pas li\u00e9es au trafic de stup\u00e9fiants \u00bb, avait expliqu\u00e9 le parquet de Marseille.<\/p>\n","protected":false},"excerpt":{"rendered":"Un quadrag\u00e9naire a \u00e9t\u00e9 tu\u00e9 par balles ce samedi matin, dans les quartiers populaires du nord de Marseille.&hellip;\n","protected":false},"author":2,"featured_media":196611,"comment_status":"","ping_status":"","sticky":false,"template":"","format":"standard","meta":{"footnotes":""},"categories":[2814],"tags":[1111,11,271,272,1777,674,274,107,1011,27,329,884,12,882,25,4520],"class_list":{"0":"post-196610","1":"post","2":"type-post","3":"status-publish","4":"format-standard","5":"has-post-thumbnail","7":"category-marseille","8":"tag-actu","9":"tag-actualites","10":"tag-crime","11":"tag-delit-et-contravention","12":"tag-eu","13":"tag-europe","14":"tag-faits-divers-justice","15":"tag-fil-info","16":"tag-fr","17":"tag-france","18":"tag-france-monde","19":"tag-marseille","20":"tag-news","21":"tag-provence-alpes-cote-dazur","22":"tag-republique-francaise","23":"tag-vaucluse"},"share_on_mastodon":{"url":"https:\/\/pubeurope.com\/@fr\/114728903938885379","error":""},"_links":{"self":[{"href":"https:\/\/www.europesays.com\/fr\/wp-json\/wp\/v2\/posts\/196610","targetHints":{"allow":["GET"]}}],"collection":[{"href":"https:\/\/www.europesays.com\/fr\/wp-json\/wp\/v2\/posts"}],"about":[{"href":"https:\/\/www.europesays.com\/fr\/wp-json\/wp\/v2\/types\/post"}],"author":[{"embeddable":true,"href":"https:\/\/www.europesays.com\/fr\/wp-json\/wp\/v2\/users\/2"}],"replies":[{"embeddable":true,"href":"https:\/\/www.europesays.com\/fr\/wp-json\/wp\/v2\/comments?post=196610"}],"version-history":[{"count":0,"href":"https:\/\/www.europesays.com\/fr\/wp-json\/wp\/v2\/posts\/196610\/revisions"}],"wp:featuredmedia":[{"embeddable":true,"href":"https:\/\/www.europesays.com\/fr\/wp-json\/wp\/v2\/media\/196611"}],"wp:attachment":[{"href":"https:\/\/www.europesays.com\/fr\/wp-json\/wp\/v2\/media?parent=196610"}],"wp:term":[{"taxonomy":"category","embeddable":true,"href":"https:\/\/www.europesays.com\/fr\/wp-json\/wp\/v2\/categories?post=196610"},{"taxonomy":"post_tag","embeddable":true,"href":"https:\/\/www.europesays.com\/fr\/wp-json\/wp\/v2\/tags?post=196610"}],"curies":[{"name":"wp","href":"https:\/\/api.w.org\/{rel}","templated":true}]}}