{"id":196615,"date":"2025-06-22T20:30:14","date_gmt":"2025-06-22T20:30:14","guid":{"rendered":"https:\/\/www.europesays.com\/fr\/196615\/"},"modified":"2025-06-22T20:30:14","modified_gmt":"2025-06-22T20:30:14","slug":"finale-de-la-coupe-de-lyon-et-du-rhone-lolympique-lyon-sud-soffre-une-belle-premiere-coupe","status":"publish","type":"post","link":"https:\/\/www.europesays.com\/fr\/196615\/","title":{"rendered":"Finale de la Coupe de Lyon et du Rh\u00f4ne. L\u2019Olympique Lyon Sud s\u2019offre une belle premi\u00e8re coupe"},"content":{"rendered":"<p>                     Olympique Lyon Sud \u2013 CS Neuville 4-0 <\/p>\n<p>C\u2019\u00e9tait bien le match de trop pour le CS Neuville, qui a referm\u00e9 le livre de cette saison termin\u00e9e difficilement aussi en championnat, par une large d\u00e9faite en finale de la Coupe de Lyon et du Rh\u00f4ne, face \u00e0 un adversaire du m\u00eame niveau (R2), l\u2019Olympique Lyon Sud, le club de Saint-Genis-Laval.<\/p>\n<p>S\u2019ils ont eu du r\u00e9pondant en premi\u00e8re p\u00e9riode, bien que les meilleures opportunit\u00e9s \u00e9taient d\u00e9j\u00e0 pour l\u2019adversaire, les joueurs d\u2019Herald Nougue, qui vivait son&#8230;<\/p>\n","protected":false},"excerpt":{"rendered":"Olympique Lyon Sud \u2013 CS Neuville 4-0 C\u2019\u00e9tait bien le match de trop pour le CS Neuville, qui&hellip;\n","protected":false},"author":2,"featured_media":196616,"comment_status":"","ping_status":"","sticky":false,"template":"","format":"standard","meta":{"footnotes":""},"categories":[1889],"tags":[1111,11,2430,2757,1777,674,63,1011,27,2428,2756,12,25,517],"class_list":{"0":"post-196615","1":"post","2":"type-post","3":"status-publish","4":"format-standard","5":"has-post-thumbnail","7":"category-lyon","8":"tag-actu","9":"tag-actualites","10":"tag-auvergne-rhone-alpes","11":"tag-edition-lyon-villeurbanne","12":"tag-eu","13":"tag-europe","14":"tag-football","15":"tag-fr","16":"tag-france","17":"tag-lyon","18":"tag-lyon-bassin","19":"tag-news","20":"tag-republique-francaise","21":"tag-sport"},"share_on_mastodon":{"url":"https:\/\/pubeurope.com\/@fr\/114728915621276281","error":""},"_links":{"self":[{"href":"https:\/\/www.europesays.com\/fr\/wp-json\/wp\/v2\/posts\/196615","targetHints":{"allow":["GET"]}}],"collection":[{"href":"https:\/\/www.europesays.com\/fr\/wp-json\/wp\/v2\/posts"}],"about":[{"href":"https:\/\/www.europesays.com\/fr\/wp-json\/wp\/v2\/types\/post"}],"author":[{"embeddable":true,"href":"https:\/\/www.europesays.com\/fr\/wp-json\/wp\/v2\/users\/2"}],"replies":[{"embeddable":true,"href":"https:\/\/www.europesays.com\/fr\/wp-json\/wp\/v2\/comments?post=196615"}],"version-history":[{"count":0,"href":"https:\/\/www.europesays.com\/fr\/wp-json\/wp\/v2\/posts\/196615\/revisions"}],"wp:featuredmedia":[{"embeddable":true,"href":"https:\/\/www.europesays.com\/fr\/wp-json\/wp\/v2\/media\/196616"}],"wp:attachment":[{"href":"https:\/\/www.europesays.com\/fr\/wp-json\/wp\/v2\/media?parent=196615"}],"wp:term":[{"taxonomy":"category","embeddable":true,"href":"https:\/\/www.europesays.com\/fr\/wp-json\/wp\/v2\/categories?post=196615"},{"taxonomy":"post_tag","embeddable":true,"href":"https:\/\/www.europesays.com\/fr\/wp-json\/wp\/v2\/tags?post=196615"}],"curies":[{"name":"wp","href":"https:\/\/api.w.org\/{rel}","templated":true}]}}