{"id":196617,"date":"2025-06-22T20:32:10","date_gmt":"2025-06-22T20:32:10","guid":{"rendered":"https:\/\/www.europesays.com\/fr\/196617\/"},"modified":"2025-06-22T20:32:10","modified_gmt":"2025-06-22T20:32:10","slug":"transports-en-ile-de-france-le-navigo-liberte-enfin-integre-a-liphone","status":"publish","type":"post","link":"https:\/\/www.europesays.com\/fr\/196617\/","title":{"rendered":"Transports en \u00cele-de-France : le Navigo Libert\u00e9+ enfin int\u00e9gr\u00e9 \u00e0 l\u2019iPhone"},"content":{"rendered":"<p>Dans les couloirs du m\u00e9tro parisien, un simple geste suffit d\u00e9sormais \u00e0 d\u00e9clencher un trajet. Sans ticket, sans borne, sans contact autre que celui d\u2019un iPhone sur un portique. Cette \u00e9volution n\u2019est pas le fruit du hasard mais l\u2019aboutissement d\u2019un long virage num\u00e9rique entam\u00e9 par \u00cele-de-France Mobilit\u00e9s. Le Navigo Libert\u00e9+ sur iPhone devient r\u00e9alit\u00e9, offrant aux usagers une alternative fluide et flexible aux titres classiques, dans une r\u00e9gion o\u00f9 chaque minute compte et o\u00f9 la mobilit\u00e9 se r\u00e9invente \u00e0 la vitesse d\u2019un tap sur \u00e9cran.<\/p>\n<p>D\u00e9j\u00e0 accessible sur carte physique depuis 2019, cette formule permet de voyager sans recharger ni planifier. Elle r\u00e9pond aux attentes d\u2019un public de plus en plus connect\u00e9, lass\u00e9 des files d\u2019attente aux bornes et des recharges manuelles. Avec la mise \u00e0 jour de l\u2019application \u00cele-de-France Mobilit\u00e9s, les utilisateurs peuvent d\u00e9sormais activer le pass en quelques clics, sans <a href=\"https:\/\/www.science-et-vie.com\/technos-et-futur\/ce-nouveau-forfait-mobile-concurrent-fait-fuir-tous-les-abonnes-de-bouygues-et-orange-201777.html\" target=\"_blank\" rel=\"noopener\">abonnement fixe<\/a> ni engagement pr\u00e9alable, comme le souligne <a href=\"https:\/\/www.numerama.com\/vroom\/1994135-le-navigo-liberte-est-disponible-sur-iphone-comment-creer-votre-carte.html\" target=\"_blank\" rel=\"nofollow noopener\">Numerama<\/a>.<\/p>\n<p><img decoding=\"async\" src=\"https:\/\/www.europesays.com\/fr\/wp-content\/uploads\/2025\/06\/1750624330_143_hqdefault.jpg\" width=\"100%\" height=\"auto\"\/><\/p>\n<p> Comment le Navigo Libert\u00e9+ sur iPhone change les habitudes de transport <\/p>\n<p>Pour les voyageurs occasionnels, cette offre transforme l\u2019exp\u00e9rience. Finie l\u2019anticipation. Il suffit de passer son <a href=\"https:\/\/www.science-et-vie.com\/technos-et-futur\/un-piratage-diphone-lui-a-valu-un-cdi-chez-apple-avant-de-se-faire-virer-a-cause-dune-erreur-commune-chez-les-jeunes-193305.html\" target=\"_blank\" rel=\"noopener\">iPhone<\/a> ou son Apple Watch devant le portique pour valider un trajet. Le syst\u00e8me pr\u00e9l\u00e8ve ensuite automatiquement les montants en fin de mois, en tenant compte de remises tarifaires importantes. Par exemple, un trajet m\u00e9tro-RER factur\u00e9 normalement 2,50 euros passe \u00e0 1,99 euro. Le ticket bus-tram descend \u00e0 1,60 euro.<\/p>\n<p>Le gain ne se limite pas \u00e0 l\u2019aspect financier. La fluidit\u00e9 de l\u2019usage red\u00e9finit la mani\u00e8re dont les utilisateurs planifient leurs d\u00e9placements. Plus besoin de pr\u00e9voir, tout devient instantan\u00e9. D\u2019apr\u00e8s <a href=\"https:\/\/www.presse-citron.net\/pass-navigo-liberte-iphone\/\" target=\"_blank\" rel=\"nofollow noopener\">Presse-Citron<\/a>, ce fonctionnement incarne une r\u00e9volution discr\u00e8te mais profonde. Les transports s\u2019adaptent enfin aux usages num\u00e9riques du quotidien.<\/p>\n<p>La correspondance illimit\u00e9e entre m\u00e9tro, bus, tram et RER est un autre atout majeur. Elle permet de se d\u00e9placer sur de longues distances, dans diff\u00e9rentes zones, sans cumuler les tickets. Et comme l\u2019indique <a href=\"https:\/\/www.frandroid.com\/os\/ios\/2652153_navigo-liberte-debarque-sur-iphone-payez-vos-trajets-moins-cher-decouvrez-tous-les-avantages\" target=\"_blank\" rel=\"nofollow noopener\">Frandroid<\/a>, l\u2019utilisateur peut m\u00eame b\u00e9n\u00e9ficier de tarifs r\u00e9duits s\u2019il poss\u00e8de une carte de r\u00e9duction, avec des prix descendant jusqu\u2019\u00e0 0,99 euro pour certains trajets.<\/p>\n<p>    Ce que cette innovation annonce pour les transports de demain <\/p>\n<p>Si le service est d\u00e9j\u00e0 disponible sur iPhone, sa g\u00e9n\u00e9ralisation sur <a href=\"https:\/\/www.science-et-vie.com\/technos-et-futur\/android-reconnait-que-certaines-failles-sont-activement-exploitees-par-des-cybercriminels-et-la-police-200895.html\" target=\"_blank\" rel=\"noopener\">Android<\/a> est pr\u00e9vue dans les prochains jours. La version b\u00eata existe depuis avril, mais le d\u00e9ploiement complet est attendu d\u2019ici le 23 juin. Ce calendrier montre que la transformation n\u2019est pas seulement cosm\u00e9tique. Elle pr\u00e9pare un futur o\u00f9 <a href=\"https:\/\/www.science-et-vie.com\/technos-et-futur\/le-trump-phone-un-smartphone-100-americain-a-499-mais-fabrique-en-chine-202470.html\" target=\"_blank\" rel=\"noopener\">le smartphone<\/a> deviendra l\u2019unique point d\u2019entr\u00e9e vers les transports en commun.<\/p>\n<p>Malgr\u00e9 cette avanc\u00e9e, certains forfaits restent encore absents de l\u2019univers num\u00e9rique. Le passe Navigo annuel et l\u2019abonnement Imagine R ne sont toujours pas disponibles sur smartphone. Cette absence montre qu\u2019il reste des \u00e9tapes \u00e0 franchir pour aboutir \u00e0 une d\u00e9mat\u00e9rialisation compl\u00e8te.<\/p>\n<p>En attendant, cette transition amorce la disparition progressive des tickets papier et des cartes physiques. Elle dessine une mobilit\u00e9 plus fluide, plus souple, mais aussi plus adapt\u00e9e aux nouvelles habitudes des citadins. Elle ouvre surtout la voie \u00e0 une meilleure gestion des flux, des donn\u00e9es et, \u00e0 terme, \u00e0 un pilotage plus intelligent du r\u00e9seau.<\/p>\n","protected":false},"excerpt":{"rendered":"Dans les couloirs du m\u00e9tro parisien, un simple geste suffit d\u00e9sormais \u00e0 d\u00e9clencher un trajet. Sans ticket, sans&hellip;\n","protected":false},"author":2,"featured_media":196618,"comment_status":"","ping_status":"","sticky":false,"template":"","format":"standard","meta":{"footnotes":""},"categories":[1592],"tags":[1111,11,1777,674,1011,27,662,12,626,25,729],"class_list":{"0":"post-196617","1":"post","2":"type-post","3":"status-publish","4":"format-standard","5":"has-post-thumbnail","7":"category-ile-de-france","8":"tag-actu","9":"tag-actualites","10":"tag-eu","11":"tag-europe","12":"tag-fr","13":"tag-france","14":"tag-ile-de-france","15":"tag-news","16":"tag-paris","17":"tag-republique-francaise","18":"tag-yout_video"},"share_on_mastodon":{"url":"https:\/\/pubeurope.com\/@fr\/114728923643800264","error":""},"_links":{"self":[{"href":"https:\/\/www.europesays.com\/fr\/wp-json\/wp\/v2\/posts\/196617","targetHints":{"allow":["GET"]}}],"collection":[{"href":"https:\/\/www.europesays.com\/fr\/wp-json\/wp\/v2\/posts"}],"about":[{"href":"https:\/\/www.europesays.com\/fr\/wp-json\/wp\/v2\/types\/post"}],"author":[{"embeddable":true,"href":"https:\/\/www.europesays.com\/fr\/wp-json\/wp\/v2\/users\/2"}],"replies":[{"embeddable":true,"href":"https:\/\/www.europesays.com\/fr\/wp-json\/wp\/v2\/comments?post=196617"}],"version-history":[{"count":0,"href":"https:\/\/www.europesays.com\/fr\/wp-json\/wp\/v2\/posts\/196617\/revisions"}],"wp:featuredmedia":[{"embeddable":true,"href":"https:\/\/www.europesays.com\/fr\/wp-json\/wp\/v2\/media\/196618"}],"wp:attachment":[{"href":"https:\/\/www.europesays.com\/fr\/wp-json\/wp\/v2\/media?parent=196617"}],"wp:term":[{"taxonomy":"category","embeddable":true,"href":"https:\/\/www.europesays.com\/fr\/wp-json\/wp\/v2\/categories?post=196617"},{"taxonomy":"post_tag","embeddable":true,"href":"https:\/\/www.europesays.com\/fr\/wp-json\/wp\/v2\/tags?post=196617"}],"curies":[{"name":"wp","href":"https:\/\/api.w.org\/{rel}","templated":true}]}}