{"id":196621,"date":"2025-06-22T20:34:13","date_gmt":"2025-06-22T20:34:13","guid":{"rendered":"https:\/\/www.europesays.com\/fr\/196621\/"},"modified":"2025-06-22T20:34:13","modified_gmt":"2025-06-22T20:34:13","slug":"municipales-a-paris-dati-en-tete-au-1er-tour-selon-un-sondage-malgre-50-dintentions-de-vote-a-gauche","status":"publish","type":"post","link":"https:\/\/www.europesays.com\/fr\/196621\/","title":{"rendered":"Municipales \u00e0 Paris\u00a0: Dati en t\u00eate au 1er tour selon un sondage, malgr\u00e9 50\u00a0% d\u2019intentions de vote \u00e0 gauche"},"content":{"rendered":"<p class=\"paragraph text_align_left lp-f-body-02\">Qui pour remplacer Anne Hidalgo ? \u00c0 quelques mois des municipales de mars prochain, impossible de s\u2019avancer sur l\u2019identit\u00e9 du successeur de la maire socialiste, qui <a href=\"https:\/\/www.leparisien.fr\/paris-75\/anne-hidalgo-annonce-quelle-ne-se-representera-pas-a-un-troisieme-mandat-a-la-mairie-de-paris-26-11-2024-BG7URZFH3RBJFA6HQXSZMWXOAA.php\" target=\"_self\" rel=\"nofollow noopener\">a d\u00e9cid\u00e9 de ne pas se repr\u00e9senter \u00e0 l\u2019issue de son second mandat.<\/a><\/p>\n<p class=\"paragraph text_align_left lp-f-body-02\">Une situation particuli\u00e8rement incertaine encore, confirm\u00e9e par un nouveau sondage Elabe command\u00e9 par <a href=\"https:\/\/www.latribune.fr\/la-tribune-dimanche\/politique\/sondage-municipales-exclusif-rachida-dati-en-tete-la-gauche-divisee-1027874.html\" target=\"_blank\" rel=\"noreferrer nofollow noopener\">la Tribune Dimanche<\/a> et <a href=\"https:\/\/www.bfmtv.com\/paris\/municipales-a-paris-rachida-dati-en-tete-devant-une-gauche-forte-mais-divisee_AN-202506220032.html\" target=\"_blank\" rel=\"noreferrer nofollow noopener\">BFMTV<\/a>, d\u00e9voil\u00e9 ce samedi 21 juin.<\/p>\n<p>97 % des \u00e9lecteurs parisiens connaissent Rachida Dati<\/p>\n<p class=\"paragraph text_align_left lp-f-body-02\">Rachida Dati r\u00e9ussira-t-elle \u00e0 ravir l\u2019H\u00f4tel de Ville \u00e0 la gauche, apr\u00e8s vingt-cinq ans de r\u00e8gne socialiste ? L\u2019actuelle ministre (LR) de la Culture est en tout cas largement identifi\u00e9e par les Parisiens.<b> <\/b>Selon l\u2019enqu\u00eate, 97 % des inscrits sur les listes \u00e9lectorales interrog\u00e9s disent la conna\u00eetre au moins de nom.<\/p>\n<p class=\"paragraph text_align_left lp-f-body-02\">Un pourcentage qui tourne autour de 60 % pour la plupart des autres personnalit\u00e9s test\u00e9es. Avec du plus connu au moins connu : le d\u00e9put\u00e9 europ\u00e9en (RN) Thierry Mariani (67 %), la d\u00e9put\u00e9e (LFI) Sophia Chikirou (64 %), la d\u00e9put\u00e9e europ\u00e9enne (Reconqu\u00eate) Sarah Knafo (63 %), le d\u00e9put\u00e9 et candidat (PS) \u00e0 la primaire socialiste Emmanuel Gr\u00e9goire (60 %), l\u2019adjoint d\u2019Anne Hidalgo (Les \u00c9cologistes) aux transports David Belliard (60 %) et le s\u00e9nateur (PCF) Ian Brossat (59 %).<\/p>\n<p class=\"paragraph text_align_left lp-f-body-02\">En queue de peloton, <a href=\"https:\/\/www.leparisien.fr\/elections\/municipales\/municipales-a-paris-pierre-yves-bournazel-candidat-anti-pagaille-02-06-2025-Q6JCP5US7RALRHZMSGFRDYZXDI.php\" target=\"_self\" rel=\"nofollow noopener\">le conseiller de Paris (Horizon) et ex-d\u00e9put\u00e9 Pierre-Yves Bournazel<\/a> serait connu de nom par 51 % des \u00e9lecteurs. Un chiffre qui tombe \u00e0 42 % pour le d\u00e9put\u00e9 (PS) R\u00e9mi F\u00e9raud, <a href=\"https:\/\/www.leparisien.fr\/paris-75\/municipales-2026-a-paris-je-me-prepare-remi-feraud-a-recu-le-soutien-danne-hidalgo-11-11-2024-B5HYYEQ6QVAMPJNV5JVXMLVZME.php\" target=\"_self\" rel=\"nofollow noopener\">soutenu par Anne Hidalgo.<\/a><\/p>\n<p>Une personnalit\u00e9 clivante<\/p>\n<p class=\"paragraph text_align_left lp-f-body-02\">Mais est-ce la notori\u00e9t\u00e9 qui fait l\u2019\u00e9lection ? Rachida Dati est celle qui b\u00e9n\u00e9ficie le plus d\u2019une image positive (42 %), notamment aupr\u00e8s des \u00e9lecteurs de droite. Mais la maire du VIIe arrondissement est aussi celle qui clive le plus fortement, d\u2019apr\u00e8s l\u2019enqu\u00eate, avec 54 % d\u2019image n\u00e9gative.<\/p>\n<p class=\"paragraph text_align_left lp-f-body-02\">Reste \u00e0 savoir si <a href=\"https:\/\/www.leparisien.fr\/culture-loisirs\/tv\/complement-denquete-sur-france-2-ce-que-contient-le-prochain-numero-sur-rachida-dati-04-06-2025-GKN4AYWDRNEEVADISLNPM377XA.php\" target=\"_self\" rel=\"nofollow noopener\">les nouveaux documents r\u00e9v\u00e9l\u00e9s r\u00e9cemment par nos confr\u00e8res de Compl\u00e9ment d\u2019enqu\u00eate<\/a> \u2013 qui attesteraient d\u2019un conflit d\u2019int\u00e9r\u00eats avec GDF Suez \u2013 pourraient plomber davantage la cote de popularit\u00e9 de celle qui est d\u00e9j\u00e0 mise en examen pour corruption passive et trafic d\u2019influence passif dans l\u2019affaire <a href=\"https:\/\/www.leparisien.fr\/faits-divers\/corruption-le-pnf-requiert-un-proces-contre-rachida-dati-et-carlos-ghosn-15-11-2024-YCW5GKJRFRCPHF6XF2KHDH32WI.php\" rel=\"nofollow noopener\" target=\"_blank\">Renault-Nissan<\/a>.<\/p>\n<p class=\"paragraph text_align_left lp-f-body-02\">Si l\u2019on en croit les intentions de vote, Rachida Dati arriverait en t\u00eate au premier tour<b> <\/b>avec entre 28 % \u00e0 34 % des suffrages, en fonction du maintien ou non de la candidature de Pierre-Yves Bournazel. Un r\u00e9sultat qui serait, dans tous les cas, bien meilleur qu\u2019en 2020. D\u00e8s le premier tour, Rachida Dati s\u2019\u00e9tait class\u00e9e en deuxi\u00e8me position avec 23 % de voix, contre 29 % pour Anne Hidalgo.<\/p>\n<p>Environ un \u00e9lecteur parisien sur deux voterait \u00e0 gauche au premier tour<\/p>\n<p class=\"paragraph text_align_left lp-f-body-02\">Faut-il y voir une perc\u00e9e de la droite dans la capitale ? Rachida Dati b\u00e9n\u00e9ficierait surtout d\u2019une division des voix de gauche. Environ un \u00e9lecteur parisien sur deux voterait \u00e0 gauche au premier tour, si l\u2019on cumule les intentions de vote pour LFI, le PS et les \u00c9cologistes.<\/p>\n<p class=\"paragraph text_align_left lp-f-body-02\">En 2020, pr\u00e8s de 45 % des \u00e9lecteurs parisiens avaient d\u00e9j\u00e0 pench\u00e9 de ce c\u00f4t\u00e9 de l\u2019\u00e9chiquier politique d\u00e8s le premier tour, si l\u2019on additionne les voix d\u2019Anne Hidalgo (29 %), de David Belliard (11 %), d\u00e9j\u00e0 candidat des \u00c9cologistes, et de Danielle Simmonet (ex-LFI, d\u00e9sormais Les \u00c9cologistes).<\/p>\n<p>Un bond de LFI attendu<\/p>\n<p class=\"paragraph text_align_left lp-f-body-02\">Mais les \u00e9quilibres pourraient, cette fois-ci, \u00eatre compl\u00e8tement boulevers\u00e9s. Selon les intentions de votes recueillis par le cabinet d\u2019\u00e9tudes, LFI ferait un bond avec entre 14 % \u00e0 17 % pour la liste men\u00e9e par Sophia Chikirou.<\/p>\n<p class=\"paragraph text_align_left lp-f-body-02\">La candidate pourrait m\u00eame devancer les socialistes dans certaines configurations. Idem pour <a href=\"https:\/\/www.leparisien.fr\/elections\/municipales\/municipales-2026-a-paris-david-belliard-appelle-a-lunion-de-la-gauche-06-05-2025-MHAS3ZXTAVG3LKHMPGX6V63MAU.php\" target=\"_self\" rel=\"nofollow noopener\">David Belliard <\/a>\u2013 d\u00e9sign\u00e9 par les \u00c9cologistes \u00e0 l\u2019issue d\u2019une primaire \u2013 qui aurait de fortes chances de prendre le lead \u00e0 gauche avec entre 17 % \u00e0 22 % des suffrages.<\/p>\n<p class=\"paragraph text_align_left lp-f-body-02\">R\u00e9mi F\u00e9raud ou Emmanuel Gr\u00e9goire, eux, seront d\u00e9partag\u00e9s <a href=\"https:\/\/www.leparisien.fr\/paris-75\/municipales-2026-on-ne-doit-pas-perdre-cette-bataille-previent-la-patronne-socialiste-de-paris-lamia-el-aaraje-20-06-2025-2WQ6TVY37ZFDHJFDEJDSFTYPBU.php\" target=\"_self\" rel=\"nofollow noopener\">lors d\u2019une primaire socialiste pr\u00e9vue le 30 juin.<\/a> Marion Waller, la troisi\u00e8me pr\u00e9tendante, n\u2019a pas \u00e9t\u00e9 test\u00e9e aupr\u00e8s des sond\u00e9s. Mais d\u2019apr\u00e8s l\u2019\u00e9tude, Emmanuel Gr\u00e9goire ou R\u00e9mi F\u00e9raud recueilleraient entre 14 et 19 % au premier tour, dans l\u2019hypoth\u00e8se o\u00f9 leur liste serait soutenue par le Parti communiste, comme en 2020.<\/p>\n<p class=\"paragraph text_align_left lp-f-body-02\">Le premier, ex-premier adjoint d\u2019Anne Hidalgo, devancerait l\u00e9g\u00e8rement le deuxi\u00e8me dans les diff\u00e9rents sc\u00e9narios envisag\u00e9s. Des r\u00e9sultats que le collectif qui soutient Emmanuel Gr\u00e9goire s\u2019est empress\u00e9 de publier pour rappeler qu\u2019il \u00ab est le meilleur candidat pour les socialistes \u00e0 Paris \u00bb. Les adh\u00e9rents parisiens du parti seront invit\u00e9s \u00e0 trancher dimanche prochain. La route devrait ensuite \u00eatre encore tr\u00e8s sinueuse jusqu\u2019au mois de mars 2026.<\/p>\n","protected":false},"excerpt":{"rendered":"Qui pour remplacer Anne Hidalgo ? \u00c0 quelques mois des municipales de mars prochain, impossible de s\u2019avancer sur&hellip;\n","protected":false},"author":2,"featured_media":196622,"comment_status":"","ping_status":"","sticky":false,"template":"","format":"standard","meta":{"footnotes":""},"categories":[1888],"tags":[1111,1928,11,1927,1777,674,1011,27,1944,12,1926,626,1925,316,25],"class_list":{"0":"post-196621","1":"post","2":"type-post","3":"status-publish","4":"format-standard","5":"has-post-thumbnail","7":"category-paris","8":"tag-actu","9":"tag-actu-paris","10":"tag-actualites","11":"tag-actualites-paris","12":"tag-eu","13":"tag-europe","14":"tag-fr","15":"tag-france","16":"tag-ma-ville","17":"tag-news","18":"tag-news-paris","19":"tag-paris","20":"tag-paris-news","21":"tag-politique","22":"tag-republique-francaise"},"share_on_mastodon":{"url":"https:\/\/pubeurope.com\/@fr\/114728931531763112","error":""},"_links":{"self":[{"href":"https:\/\/www.europesays.com\/fr\/wp-json\/wp\/v2\/posts\/196621","targetHints":{"allow":["GET"]}}],"collection":[{"href":"https:\/\/www.europesays.com\/fr\/wp-json\/wp\/v2\/posts"}],"about":[{"href":"https:\/\/www.europesays.com\/fr\/wp-json\/wp\/v2\/types\/post"}],"author":[{"embeddable":true,"href":"https:\/\/www.europesays.com\/fr\/wp-json\/wp\/v2\/users\/2"}],"replies":[{"embeddable":true,"href":"https:\/\/www.europesays.com\/fr\/wp-json\/wp\/v2\/comments?post=196621"}],"version-history":[{"count":0,"href":"https:\/\/www.europesays.com\/fr\/wp-json\/wp\/v2\/posts\/196621\/revisions"}],"wp:featuredmedia":[{"embeddable":true,"href":"https:\/\/www.europesays.com\/fr\/wp-json\/wp\/v2\/media\/196622"}],"wp:attachment":[{"href":"https:\/\/www.europesays.com\/fr\/wp-json\/wp\/v2\/media?parent=196621"}],"wp:term":[{"taxonomy":"category","embeddable":true,"href":"https:\/\/www.europesays.com\/fr\/wp-json\/wp\/v2\/categories?post=196621"},{"taxonomy":"post_tag","embeddable":true,"href":"https:\/\/www.europesays.com\/fr\/wp-json\/wp\/v2\/tags?post=196621"}],"curies":[{"name":"wp","href":"https:\/\/api.w.org\/{rel}","templated":true}]}}