{"id":196623,"date":"2025-06-22T20:37:39","date_gmt":"2025-06-22T20:37:39","guid":{"rendered":"https:\/\/www.europesays.com\/fr\/196623\/"},"modified":"2025-06-22T20:37:39","modified_gmt":"2025-06-22T20:37:39","slug":"bobigny-un-millier-de-militants-marchent-contre-le-salon-aeronautique-du-bourget-et-pour-la-palestine","status":"publish","type":"post","link":"https:\/\/www.europesays.com\/fr\/196623\/","title":{"rendered":"Bobigny\u00a0: un millier de militants marchent contre le Salon a\u00e9ronautique du\u00a0Bourget et pour la Palestine"},"content":{"rendered":"<p class=\"paragraph text_align_left lp-f-body-02\">Dans le communiqu\u00e9, il \u00e9tait annonc\u00e9 g\u00e9n\u00e9reusement jusqu\u2019\u00e0 6 000 personnes. Un bon millier de militants issus de la mouvance de l\u2019ultra gauche, ont r\u00e9pondu \u00e0 l\u2019appel. Une constellation de collectifs : Survie, Stop Arming Isra\u00ebl, BDS, Urgence Palestine, mais aussi un mouvement de juifs anticolonialiste et anti raciste : Tsedek ! faisaient cause commune. C\u2019est \u00e0 ce jour, la plus importante mobilisation en Seine-Saint-Denis. Une semaine avant, la place de la R\u00e9publique r\u00e9unissait quelque 9 000 personnes, selon la pr\u00e9fecture de police et 150 000 selon les organisateurs.<\/p>\n","protected":false},"excerpt":{"rendered":"Dans le communiqu\u00e9, il \u00e9tait annonc\u00e9 g\u00e9n\u00e9reusement jusqu\u2019\u00e0 6 000 personnes. Un bon millier de militants issus de&hellip;\n","protected":false},"author":2,"featured_media":196624,"comment_status":"","ping_status":"","sticky":false,"template":"","format":"standard","meta":{"footnotes":""},"categories":[1888],"tags":[11,1777,674,1011,27,1944,12,626,25,1945],"class_list":{"0":"post-196623","1":"post","2":"type-post","3":"status-publish","4":"format-standard","5":"has-post-thumbnail","7":"category-paris","8":"tag-actualites","9":"tag-eu","10":"tag-europe","11":"tag-fr","12":"tag-france","13":"tag-ma-ville","14":"tag-news","15":"tag-paris","16":"tag-republique-francaise","17":"tag-seine-saint-denis"},"share_on_mastodon":{"url":"https:\/\/pubeurope.com\/@fr\/114728944299198470","error":""},"_links":{"self":[{"href":"https:\/\/www.europesays.com\/fr\/wp-json\/wp\/v2\/posts\/196623","targetHints":{"allow":["GET"]}}],"collection":[{"href":"https:\/\/www.europesays.com\/fr\/wp-json\/wp\/v2\/posts"}],"about":[{"href":"https:\/\/www.europesays.com\/fr\/wp-json\/wp\/v2\/types\/post"}],"author":[{"embeddable":true,"href":"https:\/\/www.europesays.com\/fr\/wp-json\/wp\/v2\/users\/2"}],"replies":[{"embeddable":true,"href":"https:\/\/www.europesays.com\/fr\/wp-json\/wp\/v2\/comments?post=196623"}],"version-history":[{"count":0,"href":"https:\/\/www.europesays.com\/fr\/wp-json\/wp\/v2\/posts\/196623\/revisions"}],"wp:featuredmedia":[{"embeddable":true,"href":"https:\/\/www.europesays.com\/fr\/wp-json\/wp\/v2\/media\/196624"}],"wp:attachment":[{"href":"https:\/\/www.europesays.com\/fr\/wp-json\/wp\/v2\/media?parent=196623"}],"wp:term":[{"taxonomy":"category","embeddable":true,"href":"https:\/\/www.europesays.com\/fr\/wp-json\/wp\/v2\/categories?post=196623"},{"taxonomy":"post_tag","embeddable":true,"href":"https:\/\/www.europesays.com\/fr\/wp-json\/wp\/v2\/tags?post=196623"}],"curies":[{"name":"wp","href":"https:\/\/api.w.org\/{rel}","templated":true}]}}