{"id":196625,"date":"2025-06-22T20:38:10","date_gmt":"2025-06-22T20:38:10","guid":{"rendered":"https:\/\/www.europesays.com\/fr\/196625\/"},"modified":"2025-06-22T20:38:10","modified_gmt":"2025-06-22T20:38:10","slug":"seattle-psg-la-composition-probable-de-paris-sans-dembele-ni-ramos","status":"publish","type":"post","link":"https:\/\/www.europesays.com\/fr\/196625\/","title":{"rendered":"Seattle-PSG : la composition probable de Paris, sans Demb\u00e9l\u00e9 ni Ramos ?"},"content":{"rendered":"<p class=\"paragraph text_align_left lp-f-body-02\"><a href=\"https:\/\/www.leparisien.fr\/sports\/football\/coupe-du-monde-des-clubs\/psg-botafogo-0-1-cest-peut-etre-lune-des-meilleures-equipes-quon-a-affrontees-selon-luis-enrique-20-06-2025-S22XBJBQW5DTZDYRIG5T7JLQGQ.php\" target=\"_blank\" rel=\"noreferrer nofollow noopener\">Luis Enrique<\/a> aurait sans doute pr\u00e9f\u00e9r\u00e9 aborder cette rencontre face \u00e0 Seattle avec 6 points dans sa besace, pour faire redescendre la pression et souffler ses cadres. Mais <a href=\"https:\/\/www.leparisien.fr\/sports\/football\/coupe-du-monde-des-clubs\/le-resultat-ne-doit-pas-tout-effacer-le-psg-garde-confiance-malgre-son-revers-surprise-contre-botafogo-20-06-2025-4HI263SVDVAEDCSREAWOP2KEIY.php\" target=\"_blank\" rel=\"noreferrer nofollow noopener\">la d\u00e9faite du Paris Saint-Germain face \u00e0 Botafogo (0-1)<\/a> a conf\u00e9r\u00e9 \u00e0 cette ultime rencontre de groupes de la <a href=\"https:\/\/www.leparisien.fr\/sports\/football\/coupe-du-monde-des-clubs\/\" target=\"_blank\" rel=\"noreferrer nofollow noopener\">Coupe du monde des clubs<\/a> face \u00e0 Seattle, ce lundi soir au Lumen Field, une importance capitale : <a href=\"https:\/\/www.leparisien.fr\/sports\/football\/coupe-du-monde-des-clubs\/coupe-du-monde-des-clubs-le-psg-qualifie-en-huitiemes-de-finale-si-20-06-2025-EM5LDSKMOVGDFGBFD4BPSRZLJI.php\" target=\"_blank\" rel=\"noreferrer nofollow noopener\">la qualification<\/a>, ou le retour \u00e0 Paris.<\/p>\n<p class=\"paragraph text_align_left lp-f-body-02\">L\u2019entra\u00eeneur parisien avait op\u00e9r\u00e9 quatre changements dans son onze de d\u00e9part entre les matchs face \u00e0 <a href=\"https:\/\/www.leparisien.fr\/sports\/football\/coupe-du-monde-des-clubs\/psg-atletico-de-madrid-4-0-ce-paris-la-est-toujours-injouable-15-06-2025-MS5UKQQ2ZFBLNICGA4UDKNV6NA.php\" target=\"_blank\" rel=\"noreferrer nofollow noopener\">l\u2019Atl\u00e9tico de Madrid (4-0)<\/a> et celui face aux Br\u00e9siliens, avec les entr\u00e9es de Beraldo, Hernandez, Za\u00efre-Emery et Mayulu dans la composition. <\/p>\n<p class=\"paragraph text_align_left lp-f-body-02\">Il pourrait revenir \u00e0 une \u00e9quipe-type pour cette rencontre d\u00e9cisive \u00e0 Seattle, sur la terre de son adversaire du soir ce lundi, afin de se rapprocher de la composition qui a largement triomph\u00e9 de l\u2019Inter en finale de la Ligue des champions, puis de l\u2019Atl\u00e9tico le 15 juin, et ainsi mettre toutes les chances de succ\u00e8s de son c\u00f4t\u00e9.<\/p>\n<p><img decoding=\"async\" class=\"image \" loading=\"lazy\" src=\"https:\/\/www.europesays.com\/fr\/wp-content\/uploads\/2025\/06\/IASYQAE7VJDEJCVV7EI6HLNJWE.jpg\" alt=\"\" align=\"\" data-rubrique-principale=\"\" data-article-type=\"\" fetchpriority=\"auto\"\/><\/p>\n<p class=\"paragraph text_align_left lp-f-body-02\">De retour \u00e0 l\u2019entra\u00eenement collectif, <a href=\"https:\/\/www.leparisien.fr\/sports\/football\/ousmane-dembele\/\" target=\"_blank\" rel=\"noreferrer nofollow noopener\">Ousmane Demb\u00e9l\u00e9<\/a> risque d\u2019\u00eatre <a href=\"https:\/\/www.leparisien.fr\/sports\/football\/coupe-du-monde-des-clubs\/seattle-psg-pourquoi-ousmane-dembele-est-toujours-incertain-21-06-2025-WPQACLVW4RBH7D3VMHI3JHMOZQ.php\" target=\"_blank\" rel=\"noreferrer nofollow noopener\">encore un peu juste pour d\u00e9marrer<\/a>, apr\u00e8s plus de deux semaines d\u2019inactivit\u00e9. Il a \u00e9t\u00e9 remplac\u00e9 par Gon\u00e7alo Ramos \u00e0 la pointe de l\u2019attaque parisienne sur les deux premiers matchs, mais ce dernier n\u2019a pas vraiment saisi sa chance de marquer des points, avec deux performances moyennes.<\/p>\n<p class=\"paragraph text_align_left lp-f-body-02\">Luis Enrique pourrait donc d\u00e9cider de faire confiance \u00e0 un trio diff\u00e9rent en pointe, avec trois hommes en pleine bourre : <a href=\"https:\/\/www.leparisien.fr\/sports\/football\/desire-doue\/\" target=\"_blank\" rel=\"noreferrer nofollow noopener\">D\u00e9sir\u00e9 Dou\u00e9<\/a>, <a href=\"https:\/\/www.leparisien.fr\/sports\/football\/khvicha-kvaratskhelia\/\" target=\"_blank\" rel=\"noreferrer nofollow noopener\">Khvicha Kvaratskhelia<\/a> et <a href=\"https:\/\/www.leparisien.fr\/sports\/football\/bradley-barcola\/\" target=\"_blank\" rel=\"noreferrer nofollow noopener\">Bradley Barcola<\/a>. Dans un PSG en perp\u00e9tuel mouvement, leur r\u00f4le serait forc\u00e9ment multiple. Derri\u00e8re, on pourrait retrouver du classique, avec les retours de Marquinhos, Mendes, Neves et Ruiz dans le 11. Et, pourquoi pas, une apparition d\u2019Ousmane Demb\u00e9l\u00e9 \u00e0 un moment dans la rencontre. <\/p>\n","protected":false},"excerpt":{"rendered":"Luis Enrique aurait sans doute pr\u00e9f\u00e9r\u00e9 aborder cette rencontre face \u00e0 Seattle avec 6 points dans sa besace,&hellip;\n","protected":false},"author":2,"featured_media":196626,"comment_status":"","ping_status":"","sticky":false,"template":"","format":"standard","meta":{"footnotes":""},"categories":[1888],"tags":[11,7151,1777,674,63,1011,27,12,626,25,60],"class_list":{"0":"post-196625","1":"post","2":"type-post","3":"status-publish","4":"format-standard","5":"has-post-thumbnail","7":"category-paris","8":"tag-actualites","9":"tag-coupe-du-monde-des-clubs","10":"tag-eu","11":"tag-europe","12":"tag-football","13":"tag-fr","14":"tag-france","15":"tag-news","16":"tag-paris","17":"tag-republique-francaise","18":"tag-sports"},"share_on_mastodon":{"url":"https:\/\/pubeurope.com\/@fr\/114728947135854515","error":""},"_links":{"self":[{"href":"https:\/\/www.europesays.com\/fr\/wp-json\/wp\/v2\/posts\/196625","targetHints":{"allow":["GET"]}}],"collection":[{"href":"https:\/\/www.europesays.com\/fr\/wp-json\/wp\/v2\/posts"}],"about":[{"href":"https:\/\/www.europesays.com\/fr\/wp-json\/wp\/v2\/types\/post"}],"author":[{"embeddable":true,"href":"https:\/\/www.europesays.com\/fr\/wp-json\/wp\/v2\/users\/2"}],"replies":[{"embeddable":true,"href":"https:\/\/www.europesays.com\/fr\/wp-json\/wp\/v2\/comments?post=196625"}],"version-history":[{"count":0,"href":"https:\/\/www.europesays.com\/fr\/wp-json\/wp\/v2\/posts\/196625\/revisions"}],"wp:featuredmedia":[{"embeddable":true,"href":"https:\/\/www.europesays.com\/fr\/wp-json\/wp\/v2\/media\/196626"}],"wp:attachment":[{"href":"https:\/\/www.europesays.com\/fr\/wp-json\/wp\/v2\/media?parent=196625"}],"wp:term":[{"taxonomy":"category","embeddable":true,"href":"https:\/\/www.europesays.com\/fr\/wp-json\/wp\/v2\/categories?post=196625"},{"taxonomy":"post_tag","embeddable":true,"href":"https:\/\/www.europesays.com\/fr\/wp-json\/wp\/v2\/tags?post=196625"}],"curies":[{"name":"wp","href":"https:\/\/api.w.org\/{rel}","templated":true}]}}