{"id":196631,"date":"2025-06-22T20:41:10","date_gmt":"2025-06-22T20:41:10","guid":{"rendered":"https:\/\/www.europesays.com\/fr\/196631\/"},"modified":"2025-06-22T20:41:10","modified_gmt":"2025-06-22T20:41:10","slug":"en-direct-le-chef-de-lonu-met-en-garde-contre-un-cycle-sans-issue-de-represailles","status":"publish","type":"post","link":"https:\/\/www.europesays.com\/fr\/196631\/","title":{"rendered":"EN DIRECT &#8211; Le chef de l&rsquo;ONU met en garde contre un \u00ab\u00a0cycle sans issue\u00a0\u00bb de repr\u00e9sailles"},"content":{"rendered":"<p>                Macron appelle \u00e0 \u00e9viter une \u00ab\u00a0escalade incontr\u00f4l\u00e9e\u00a0\u00bb au Moyen-Orient<\/p>\n<p>                        Alerte<\/p>\n<p>Emmanuel Macron a appel\u00e9 dimanche soir \u00e0 \u00e9viter une \u00ab\u00a0escalade incontr\u00f4l\u00e9e\u00a0\u00bb au Moyen-Orient apr\u00e8s les frappes am\u00e9ricaines contre le programme nucl\u00e9aire iranien, en ouverture d&rsquo;un nouveau conseil de d\u00e9fense et de s\u00e9curit\u00e9.<\/p>\n<p>\u00ab\u00a0Aucune r\u00e9ponse strictement militaire ne peut produire des effets recherch\u00e9s\u00a0\u00bb, et \u00ab\u00a0la reprise de discussions diplomatiques et techniques est le seul moyen d&rsquo;obtenir l&rsquo;objectif que nous recherchons tous qui est que l&rsquo;Iran ne puisse pas se doter de l&rsquo;arme nucl\u00e9aire, mais \u00e9galement qu&rsquo;il n&rsquo;y ait pas d&rsquo;escalade incontr\u00f4l\u00e9e dans la r\u00e9gion\u00a0\u00bb, a dit le pr\u00e9sident fran\u00e7ais au d\u00e9but de cette r\u00e9union \u00e0 l&rsquo;Elys\u00e9e.<\/p>\n<p>Il a \u00e9voqu\u00e9 un \u00ab\u00a0moment grave pour la paix et la stabilit\u00e9 au Proche et Moyen-Orient, avec des impacts tr\u00e8s clairs aussi pour notre s\u00e9curit\u00e9 collective\u00a0\u00bb, apr\u00e8s les frappes am\u00e9ricaines qui ouvrent selon lui \u00ab\u00a0une nouvelle phase qui impose \u00e9videmment la vigilance et un action r\u00e9solue de notre part\u00a0\u00bb.<\/p>\n<p>    Partager<\/p>\n","protected":false},"excerpt":{"rendered":"Macron appelle \u00e0 \u00e9viter une \u00ab\u00a0escalade incontr\u00f4l\u00e9e\u00a0\u00bb au Moyen-Orient Alerte Emmanuel Macron a appel\u00e9 dimanche soir \u00e0 \u00e9viter&hellip;\n","protected":false},"author":2,"featured_media":196632,"comment_status":"","ping_status":"","sticky":false,"template":"","format":"standard","meta":{"footnotes":""},"categories":[1589],"tags":[11,75,1073,73,1866,107,3019,664,12,3521,1864,1865,1863,308],"class_list":{"0":"post-196631","1":"post","2":"type-post","3":"status-publish","4":"format-standard","5":"has-post-thumbnail","7":"category-etats-unis","8":"tag-actualites","9":"tag-donald-trump","10":"tag-emmanuel-macron","11":"tag-etats-unis","12":"tag-etats-unis-damerique","13":"tag-fil-info","14":"tag-iran","15":"tag-israel","16":"tag-news","17":"tag-onu","18":"tag-united-states","19":"tag-united-states-of-america","20":"tag-us","21":"tag-usa"},"share_on_mastodon":{"url":"https:\/\/pubeurope.com\/@fr\/114728958912033219","error":""},"_links":{"self":[{"href":"https:\/\/www.europesays.com\/fr\/wp-json\/wp\/v2\/posts\/196631","targetHints":{"allow":["GET"]}}],"collection":[{"href":"https:\/\/www.europesays.com\/fr\/wp-json\/wp\/v2\/posts"}],"about":[{"href":"https:\/\/www.europesays.com\/fr\/wp-json\/wp\/v2\/types\/post"}],"author":[{"embeddable":true,"href":"https:\/\/www.europesays.com\/fr\/wp-json\/wp\/v2\/users\/2"}],"replies":[{"embeddable":true,"href":"https:\/\/www.europesays.com\/fr\/wp-json\/wp\/v2\/comments?post=196631"}],"version-history":[{"count":0,"href":"https:\/\/www.europesays.com\/fr\/wp-json\/wp\/v2\/posts\/196631\/revisions"}],"wp:featuredmedia":[{"embeddable":true,"href":"https:\/\/www.europesays.com\/fr\/wp-json\/wp\/v2\/media\/196632"}],"wp:attachment":[{"href":"https:\/\/www.europesays.com\/fr\/wp-json\/wp\/v2\/media?parent=196631"}],"wp:term":[{"taxonomy":"category","embeddable":true,"href":"https:\/\/www.europesays.com\/fr\/wp-json\/wp\/v2\/categories?post=196631"},{"taxonomy":"post_tag","embeddable":true,"href":"https:\/\/www.europesays.com\/fr\/wp-json\/wp\/v2\/tags?post=196631"}],"curies":[{"name":"wp","href":"https:\/\/api.w.org\/{rel}","templated":true}]}}