{"id":196637,"date":"2025-06-22T20:44:09","date_gmt":"2025-06-22T20:44:09","guid":{"rendered":"https:\/\/www.europesays.com\/fr\/196637\/"},"modified":"2025-06-22T20:44:09","modified_gmt":"2025-06-22T20:44:09","slug":"frappes-americaines-sur-liran-sale-temps-pour-la-diplomatie-et-leurope","status":"publish","type":"post","link":"https:\/\/www.europesays.com\/fr\/196637\/","title":{"rendered":"Frappes am\u00e9ricaines sur l\u2019Iran : sale temps pour la diplomatie et l\u2019Europe"},"content":{"rendered":"<p class=\"paragraph text_align_left lp-f-body-02\">Des frappes am\u00e9ricaines surprises lanc\u00e9es au moment m\u00eame o\u00f9 les Europ\u00e9ens avaient renou\u00e9 la discussion avec <a href=\"https:\/\/www.leparisien.fr\/international\/iran\/\" target=\"_blank\" rel=\"noreferrer nofollow noopener\">l\u2019Iran,<\/a> est-ce le signe que c\u2019est en est fini de la diplomatie ? \u00ab La diplomatie n\u2019est jamais ferm\u00e9e, elle reprend ses droits lorsque la puissance militaire n\u2019atteint pas tous ses objectifs \u00bb, temp\u00e8re Bertrand Badie, professeur \u00e9m\u00e9rite \u00e0 Sciences Po. <\/p>\n","protected":false},"excerpt":{"rendered":"Des frappes am\u00e9ricaines surprises lanc\u00e9es au moment m\u00eame o\u00f9 les Europ\u00e9ens avaient renou\u00e9 la discussion avec l\u2019Iran, est-ce&hellip;\n","protected":false},"author":2,"featured_media":196638,"comment_status":"","ping_status":"","sticky":false,"template":"","format":"standard","meta":{"footnotes":""},"categories":[1586],"tags":[11,1777,674,1011,27,14,3019,12,316,25],"class_list":{"0":"post-196637","1":"post","2":"type-post","3":"status-publish","4":"format-standard","5":"has-post-thumbnail","7":"category-europe","8":"tag-actualites","9":"tag-eu","10":"tag-europe","11":"tag-fr","12":"tag-france","13":"tag-international","14":"tag-iran","15":"tag-news","16":"tag-politique","17":"tag-republique-francaise"},"share_on_mastodon":{"url":"https:\/\/pubeurope.com\/@fr\/114728970736937100","error":""},"_links":{"self":[{"href":"https:\/\/www.europesays.com\/fr\/wp-json\/wp\/v2\/posts\/196637","targetHints":{"allow":["GET"]}}],"collection":[{"href":"https:\/\/www.europesays.com\/fr\/wp-json\/wp\/v2\/posts"}],"about":[{"href":"https:\/\/www.europesays.com\/fr\/wp-json\/wp\/v2\/types\/post"}],"author":[{"embeddable":true,"href":"https:\/\/www.europesays.com\/fr\/wp-json\/wp\/v2\/users\/2"}],"replies":[{"embeddable":true,"href":"https:\/\/www.europesays.com\/fr\/wp-json\/wp\/v2\/comments?post=196637"}],"version-history":[{"count":0,"href":"https:\/\/www.europesays.com\/fr\/wp-json\/wp\/v2\/posts\/196637\/revisions"}],"wp:featuredmedia":[{"embeddable":true,"href":"https:\/\/www.europesays.com\/fr\/wp-json\/wp\/v2\/media\/196638"}],"wp:attachment":[{"href":"https:\/\/www.europesays.com\/fr\/wp-json\/wp\/v2\/media?parent=196637"}],"wp:term":[{"taxonomy":"category","embeddable":true,"href":"https:\/\/www.europesays.com\/fr\/wp-json\/wp\/v2\/categories?post=196637"},{"taxonomy":"post_tag","embeddable":true,"href":"https:\/\/www.europesays.com\/fr\/wp-json\/wp\/v2\/tags?post=196637"}],"curies":[{"name":"wp","href":"https:\/\/api.w.org\/{rel}","templated":true}]}}