{"id":196656,"date":"2025-06-22T20:56:11","date_gmt":"2025-06-22T20:56:11","guid":{"rendered":"https:\/\/www.europesays.com\/fr\/196656\/"},"modified":"2025-06-22T20:56:11","modified_gmt":"2025-06-22T20:56:11","slug":"cyclisme-tour-de-belgique-tim-merlier-imperial-a-bruxelles-filippo-baroncini-le-general","status":"publish","type":"post","link":"https:\/\/www.europesays.com\/fr\/196656\/","title":{"rendered":"Cyclisme. Tour de Belgique &#8211; Tim Merlier imp\u00e9rial \u00e0 Bruxelles, Filippo Baroncini le g\u00e9n\u00e9ral"},"content":{"rendered":"<p>Clap de fin sur ce <strong><a href=\"https:\/\/www.cyclismactu.net\/..\/news-tour-de-belgique-route-jenno-berckmoes-s-offre-4e-etape-baroncini-detrone-hayter-88482.html\" target=\"_blank\" rel=\"nofollow noopener\">Baloise Belgium Tour<\/a><\/strong> ! La course par \u00e9tape belge se terminait ce dimanche avec une 5e \u00e9tape traditionnellement trac\u00e9e autour de Bruxelles et promise \u00e0 un ultime sprint massif. Le sc\u00e9nario attendu a bien eu lieu, et la victoire est revenue au favori du jour, <strong>Tim Merlier<\/strong> ! Encore une fois tr\u00e8s facile et largement plus rapide que ses rivaux, le Belge de la <strong>Soudal Quick-Step<\/strong> s&rsquo;impose avec plusieurs longueurs d&rsquo;avance sur\u00a0<strong>Juan Sebasti\u00e1n Molano<\/strong> (UAE Team Emirates &#8211; XRG) et <strong>Kim Heiduk<\/strong> (INEOS Grenadiers) pour s&rsquo;offrir son 2e bouquet de la semaine, son 10e en 2025, tandis que <strong>Jasper Philipsen<\/strong> (Alpecin &#8211; Deceuninck) doit se contenter de la 5e place sur la ligne.<\/p>\n<p>Vid\u00e9o &#8211; Le r\u00e9sum\u00e9 de la 4e \u00e9tape du Baloise Belgium Tour samedi Lire la suite de l&rsquo;article&#13;<\/p>\n<p>\u00a0<\/p>\n<p>&#13;<br \/>\nGrande premi\u00e8re pour Filippo Baroncini&#8230; la 50e victoire d&rsquo;UAE !&#13;<\/p>\n<p>L&rsquo;autre enjeu de cette derni\u00e8re journ\u00e9e, c&rsquo;\u00e9tait bien \u00e9videmment le classement g\u00e9n\u00e9ral, avec quatre coureurs en 10 secondes avant le d\u00e9part. Mais on a logiquement assist\u00e9 \u00e0 un statuquoi sur cette \u00e9tape peu propice pour faire des \u00e9carts, et c&rsquo;est donc\u00a0<strong>Filippo Baroncini<\/strong> qui succ\u00e8de au palmar\u00e8s \u00e0 <strong>Soren Waerenskjold<\/strong> ! L&rsquo;Italien d&rsquo;<strong>UAE Team Emirates-XRG<\/strong> d\u00e9croche \u00e0 24 ans sa premi\u00e8re course par \u00e9tapes en carri\u00e8re avec 4 secondes de marge sur un <strong>Ethan Hayter<\/strong> (Soudal Quick-STep) qui a tent\u00e9 de se m\u00ealer au sprint final pour grappiller des bonifications, sans succ\u00e8s avec sa 8e place. Vainqueur de l&rsquo;\u00e9tape reine samedi,\u00a0<strong>Jenno Berckmoes<\/strong> (Lotto) compl\u00e8te le podium final avec 7&Prime; de retard, juste devant <strong>Filippo Ganna<\/strong> (INEOS Grenadiers). Avec ce succ\u00e8s conjugu\u00e9 au coup double d&rsquo;<strong>Almeida<\/strong> sur le <strong>Tour de Suisse<\/strong>, l&rsquo;\u00e9quipe <strong>UAE<\/strong> porte son total de victoires \u00e0 50, un chiffre ahurissant \u00e0 la mi-saison !<\/p>\n<p>Baloise Tour de Belgique &#8211; Classement de la 5\u00e8 \u00e9tape Baloise Tour de Belgique &#8211; Classement g\u00e9n\u00e9ral<\/p>\n","protected":false},"excerpt":{"rendered":"Clap de fin sur ce Baloise Belgium Tour ! La course par \u00e9tape belge se terminait ce dimanche&hellip;\n","protected":false},"author":2,"featured_media":196657,"comment_status":"","ping_status":"","sticky":false,"template":"","format":"standard","meta":{"footnotes":""},"categories":[1411],"tags":[1154,207,211,1011,27,209,60,32478,210,212,208,213],"class_list":{"0":"post-196656","1":"post","2":"type-post","3":"status-publish","4":"format-standard","5":"has-post-thumbnail","7":"category-cyclisme","8":"tag-cycling","9":"tag-cyclisme","10":"tag-ffc","11":"tag-fr","12":"tag-france","13":"tag-route","14":"tag-sports","15":"tag-tour-de-belgique","16":"tag-tour-de-france","17":"tag-uci","18":"tag-velo","19":"tag-world-tour"},"share_on_mastodon":{"url":"https:\/\/pubeurope.com\/@fr\/114729017983368420","error":""},"_links":{"self":[{"href":"https:\/\/www.europesays.com\/fr\/wp-json\/wp\/v2\/posts\/196656","targetHints":{"allow":["GET"]}}],"collection":[{"href":"https:\/\/www.europesays.com\/fr\/wp-json\/wp\/v2\/posts"}],"about":[{"href":"https:\/\/www.europesays.com\/fr\/wp-json\/wp\/v2\/types\/post"}],"author":[{"embeddable":true,"href":"https:\/\/www.europesays.com\/fr\/wp-json\/wp\/v2\/users\/2"}],"replies":[{"embeddable":true,"href":"https:\/\/www.europesays.com\/fr\/wp-json\/wp\/v2\/comments?post=196656"}],"version-history":[{"count":0,"href":"https:\/\/www.europesays.com\/fr\/wp-json\/wp\/v2\/posts\/196656\/revisions"}],"wp:featuredmedia":[{"embeddable":true,"href":"https:\/\/www.europesays.com\/fr\/wp-json\/wp\/v2\/media\/196657"}],"wp:attachment":[{"href":"https:\/\/www.europesays.com\/fr\/wp-json\/wp\/v2\/media?parent=196656"}],"wp:term":[{"taxonomy":"category","embeddable":true,"href":"https:\/\/www.europesays.com\/fr\/wp-json\/wp\/v2\/categories?post=196656"},{"taxonomy":"post_tag","embeddable":true,"href":"https:\/\/www.europesays.com\/fr\/wp-json\/wp\/v2\/tags?post=196656"}],"curies":[{"name":"wp","href":"https:\/\/api.w.org\/{rel}","templated":true}]}}