{"id":196662,"date":"2025-06-22T20:59:11","date_gmt":"2025-06-22T20:59:11","guid":{"rendered":"https:\/\/www.europesays.com\/fr\/196662\/"},"modified":"2025-06-22T20:59:11","modified_gmt":"2025-06-22T20:59:11","slug":"vies-de-villages-la-ruralite-capturee-en-images-par-bob-mauranne","status":"publish","type":"post","link":"https:\/\/www.europesays.com\/fr\/196662\/","title":{"rendered":"\u00ab\u00a0Vies de villages\u00a0\u00bb, la ruralit\u00e9 captur\u00e9e en images par Bob Mauranne"},"content":{"rendered":"<p>Mercredi 11 juin, la m\u00e9diath\u00e8que de l\u2019espace Gargentua et l\u2019office de tourisme accueillaient le public pour le vernissage de l\u2019exposition de Bob Mauranne, intitul\u00e9e Vies de villages.<\/p>\n<p>Alice Tourlonias et Isabelle Cavalier ont pr\u00e9sent\u00e9 le photographe, qui a pass\u00e9 six mois, \u00e0 Saint-Paul-de-Tartas, pour \u00ab\u00a0s\u2019immerger dans le quotidien des gens \u00ab\u00a0, les photographier dans leur activit\u00e9 professionnelle ou leur hobby, leur singularit\u00e9, leurs habitudes, d\u00e9celant l\u2019originalit\u00e9, la qualit\u00e9, le don de chacune et chacun et sa moisson d\u2019images a \u00e9t\u00e9 extraordinaire.<\/p>\n<p>Cette exposition d\u2019une trentaine de photographies en noir et blanc, \u00ab\u00a0pour aller \u00e0 l\u2019essentiel \u00ab\u00a0, fait suite \u00e0 deux \u00e9ditions sur le m\u00eame th\u00e8me de la vie de villages. Chaque village poss\u00e8de des personnalit\u00e9s hors du commun, telle Odette, la centenaire, qui fait preuve d\u2019une lucidit\u00e9 remarquable ou bien cet ancien de 97 ans qui marche tous les jours, sa scie sous le bras, pour aller ramasser du bois dans la for\u00eat voisine, ou encore ce pilote de rallye qui bricole sa vieille 404 de 140 chevaux et la bichonne avant sa prochaine course.<\/p>\n<p><b>Exposition visible jusqu\u2019au 24 juillet<\/b><\/p>\n<p>Le public verra aussi des c\u00e9l\u00e9brit\u00e9s photographi\u00e9es par Bob Mauranne, \u00e0 l\u2019occasion de l\u2019\u00e9lection annuelle du meilleur v\u00e9lo de route de France, organis\u00e9e par la maison d\u2019\u00e9dition Top v\u00e9lo, bas\u00e9e \u00e0 Saint-Paul-de-Tartas, et qui recevait Jeannie Longo, l\u2019\u00e9t\u00e9 dernier\u2026<\/p>\n<p>Quant aux l\u00e9gendes des photos, Bob Mauranne y accorde un soin particulier, telle \u00ab\u00a0distraction \u00ab\u00a0, pour un clich\u00e9 montrant un enfant remplissant une gourde \u00e0 la fontaine, mais laissant l\u2019eau couler \u00e0 c\u00f4t\u00e9 de la gourde, car il regarde derri\u00e8re lui au lieu de s\u2019int\u00e9resser \u00e0 ce qu\u2019il fait\u2026<\/p>\n<p>Une exposition tr\u00e8s enrichissante sur une vie de village qui ressemble bien \u00e0 un petit paradis, \u00e0 voir jusqu\u2019au 24 juillet.<\/p>\n<p>Correspondant Midi Libre : 06 72 11 89 06<\/p>\n","protected":false},"excerpt":{"rendered":"Mercredi 11 juin, la m\u00e9diath\u00e8que de l\u2019espace Gargentua et l\u2019office de tourisme accueillaient le public pour le vernissage&hellip;\n","protected":false},"author":2,"featured_media":196663,"comment_status":"","ping_status":"","sticky":false,"template":"","format":"standard","meta":{"footnotes":""},"categories":[1358],"tags":[1348,1384,1385,1386,58,59,1011,27],"class_list":{"0":"post-196662","1":"post","2":"type-post","3":"status-publish","4":"format-standard","5":"has-post-thumbnail","7":"category-arts-et-design","8":"tag-arts","9":"tag-arts-and-design","10":"tag-arts-et-design","11":"tag-design","12":"tag-divertissement","13":"tag-entertainment","14":"tag-fr","15":"tag-france"},"share_on_mastodon":{"url":"https:\/\/pubeurope.com\/@fr\/114729029763384337","error":""},"_links":{"self":[{"href":"https:\/\/www.europesays.com\/fr\/wp-json\/wp\/v2\/posts\/196662","targetHints":{"allow":["GET"]}}],"collection":[{"href":"https:\/\/www.europesays.com\/fr\/wp-json\/wp\/v2\/posts"}],"about":[{"href":"https:\/\/www.europesays.com\/fr\/wp-json\/wp\/v2\/types\/post"}],"author":[{"embeddable":true,"href":"https:\/\/www.europesays.com\/fr\/wp-json\/wp\/v2\/users\/2"}],"replies":[{"embeddable":true,"href":"https:\/\/www.europesays.com\/fr\/wp-json\/wp\/v2\/comments?post=196662"}],"version-history":[{"count":0,"href":"https:\/\/www.europesays.com\/fr\/wp-json\/wp\/v2\/posts\/196662\/revisions"}],"wp:featuredmedia":[{"embeddable":true,"href":"https:\/\/www.europesays.com\/fr\/wp-json\/wp\/v2\/media\/196663"}],"wp:attachment":[{"href":"https:\/\/www.europesays.com\/fr\/wp-json\/wp\/v2\/media?parent=196662"}],"wp:term":[{"taxonomy":"category","embeddable":true,"href":"https:\/\/www.europesays.com\/fr\/wp-json\/wp\/v2\/categories?post=196662"},{"taxonomy":"post_tag","embeddable":true,"href":"https:\/\/www.europesays.com\/fr\/wp-json\/wp\/v2\/tags?post=196662"}],"curies":[{"name":"wp","href":"https:\/\/api.w.org\/{rel}","templated":true}]}}