{"id":196664,"date":"2025-06-22T21:00:16","date_gmt":"2025-06-22T21:00:16","guid":{"rendered":"https:\/\/www.europesays.com\/fr\/196664\/"},"modified":"2025-06-22T21:00:16","modified_gmt":"2025-06-22T21:00:16","slug":"la-fete-du-livre-a-fait-son-grand-retour","status":"publish","type":"post","link":"https:\/\/www.europesays.com\/fr\/196664\/","title":{"rendered":"La F\u00eate du livre a fait son grand retour"},"content":{"rendered":"<p><strong>Elle n\u2019avait pas eu lieu depuis plus de 20 ans et elle est revenue, samedi 14 juin sur la place de la Mairie et l\u2019entr\u00e9e de l\u2019\u00e9cole de vannerie : la F\u00eate du livre.<\/strong><\/p>\n<p>La manifestation culturelle a \u00e9t\u00e9 organis\u00e9e par le Conseil des a\u00een\u00e9s en collaboration avec l\u2019Oseraie et l\u2019Acc\u00e8s, la m\u00e9diath\u00e8que au Gr\u00e9 des Vans, la M\u00e9diath\u00e8que d\u00e9partementale de Haute-Marne, la bouquiniste locale et la Communaut\u00e9 de communes des savoir-faire.<\/p>\n<p>La journ\u00e9e a \u00e9t\u00e9 riche en rencontres litt\u00e9raires notamment gr\u00e2ce aux romanciers, auteurs et \u00e9crivains locaux pr\u00e9sents ce jour-l\u00e0. Mais elle a \u00e9t\u00e9 riche aussi en animations.<\/p>\n<p>Et pour bien d\u00e9marrer, la dict\u00e9e non pas de Pivot mais de Laurence Br\u00e9sard, enseignante au primaire a rassembl\u00e9 une quinzaine d\u2019adultes studieux\u2026 ou pas\u00a0! Ayant choisi pour titre\u00a0\u201cUne escapade litt\u00e9raire\u201d, la ma\u00eetresse \u00e9tait bien g\u00e9n\u00e9reuse en indices\u00a0: ponctuation, intonation, accords, liaisons, les participants ont su jouer le jeu.<\/p>\n<p>Sur le stand d\u2019\u00e0 c\u00f4t\u00e9, il \u00e9tait possible de se pr\u00eater \u00e0 un atelier manuel, consistant \u00e0 recycler d\u2019anciens livres pour en faire notamment des h\u00e9rissons d\u00e9coratifs.<\/p>\n<p>Et pour d\u2019autres encore, ils ont attendu le d\u00e9but de l\u2019apr\u00e8s-midi pour assister au salon de sieste litt\u00e9raire propos\u00e9 par Les Livreurs d\u2019Histoire, association de Haute-Sa\u00f4ne. Quoi de mieux que de se pr\u00e9lasser \u00e0 l\u2019ombre dans un transat, \u00e0 \u00e9couter les histoires.<\/p>\n<p>Les visiteurs ont pu aussi pousser les portes de la m\u00e9diath\u00e8que, d\u00e9couvrir l\u2019exposition de photos, des travaux des coll\u00e9giens et des lyc\u00e9ens, mais aussi inaugurer les bo\u00eetes \u00e0 livres qui seront ensuite disponibles dans le bourg. Il sera possible d\u2019y aller chercher un livre et d\u2019en d\u00e9poser afin d\u2019alimenter ces espaces et faire des heureux lecteurs.<\/p>\n<p>Un v\u00e9ritable beau moment culturel qui a r\u00e9uni les g\u00e9n\u00e9rations en cette journ\u00e9e estivale.<\/p>\n<p>V\u00e9ronique Michel, conseill\u00e8re d\u00e9partementale, qualifiait cette journ\u00e9e de \u00ab beau rendez-vous pour une belle cause que la lecture, laquelle fait du bien et en plus, ici, dans un cadre magnifique \u00bb.<\/p>\n<ul class=\"splide__list\">\n<li class=\"splide__slide\">\n                    <img decoding=\"async\" src=\"https:\/\/www.europesays.com\/fr\/wp-content\/uploads\/2025\/06\/901654.HR_.jpg\" alt=\"\"\/><br \/>\n                                            La dict\u00e9e concoct\u00e9e par Laurence Br\u00e9sard \u2028a r\u00e9uni une quinzaine de participants.\n                                    <\/li>\n<li class=\"splide__slide\">\n                    <img decoding=\"async\" src=\"https:\/\/www.europesays.com\/fr\/wp-content\/uploads\/2025\/06\/901655.HR_.jpg\" alt=\"\"\/><br \/>\n                                            Les auteurs ont pris aussi le temps des d\u00e9dicaces.\n                                    <\/li>\n<li class=\"splide__slide\">\n                    <img decoding=\"async\" src=\"https:\/\/www.europesays.com\/fr\/wp-content\/uploads\/2025\/06\/901656.HR_.jpg\" alt=\"\"\/><br \/>\n                                            L\u2019atelier \u201cpliage de livres\u201d a \u00e9t\u00e9 tr\u00e8s appr\u00e9ci\u00e9.\n                                    <\/li>\n<li class=\"splide__slide\">\n                    <img decoding=\"async\" src=\"https:\/\/www.europesays.com\/fr\/wp-content\/uploads\/2025\/06\/901657.HR_.jpg\" alt=\"\"\/><br \/>\n                                            Le jeune Lucas d\u00e9couvre l\u2019une des bo\u00eetes \u00e0 livres.\n                                    <\/li>\n<\/ul>\n","protected":false},"excerpt":{"rendered":"Elle n\u2019avait pas eu lieu depuis plus de 20 ans et elle est revenue, samedi 14 juin sur&hellip;\n","protected":false},"author":2,"featured_media":196665,"comment_status":"","ping_status":"","sticky":false,"template":"","format":"standard","meta":{"footnotes":""},"categories":[1357],"tags":[1379,58,59,1011,27,1380],"class_list":{"0":"post-196664","1":"post","2":"type-post","3":"status-publish","4":"format-standard","5":"has-post-thumbnail","7":"category-livres","8":"tag-books","9":"tag-divertissement","10":"tag-entertainment","11":"tag-fr","12":"tag-france","13":"tag-livres"},"share_on_mastodon":{"url":"https:\/\/pubeurope.com\/@fr\/114729033814696674","error":""},"_links":{"self":[{"href":"https:\/\/www.europesays.com\/fr\/wp-json\/wp\/v2\/posts\/196664","targetHints":{"allow":["GET"]}}],"collection":[{"href":"https:\/\/www.europesays.com\/fr\/wp-json\/wp\/v2\/posts"}],"about":[{"href":"https:\/\/www.europesays.com\/fr\/wp-json\/wp\/v2\/types\/post"}],"author":[{"embeddable":true,"href":"https:\/\/www.europesays.com\/fr\/wp-json\/wp\/v2\/users\/2"}],"replies":[{"embeddable":true,"href":"https:\/\/www.europesays.com\/fr\/wp-json\/wp\/v2\/comments?post=196664"}],"version-history":[{"count":0,"href":"https:\/\/www.europesays.com\/fr\/wp-json\/wp\/v2\/posts\/196664\/revisions"}],"wp:featuredmedia":[{"embeddable":true,"href":"https:\/\/www.europesays.com\/fr\/wp-json\/wp\/v2\/media\/196665"}],"wp:attachment":[{"href":"https:\/\/www.europesays.com\/fr\/wp-json\/wp\/v2\/media?parent=196664"}],"wp:term":[{"taxonomy":"category","embeddable":true,"href":"https:\/\/www.europesays.com\/fr\/wp-json\/wp\/v2\/categories?post=196664"},{"taxonomy":"post_tag","embeddable":true,"href":"https:\/\/www.europesays.com\/fr\/wp-json\/wp\/v2\/tags?post=196664"}],"curies":[{"name":"wp","href":"https:\/\/api.w.org\/{rel}","templated":true}]}}