{"id":196666,"date":"2025-06-22T21:01:09","date_gmt":"2025-06-22T21:01:09","guid":{"rendered":"https:\/\/www.europesays.com\/fr\/196666\/"},"modified":"2025-06-22T21:01:09","modified_gmt":"2025-06-22T21:01:09","slug":"vague-de-soutien-a-une-candidate-de-maries-au-premier-regard-apres-sa-rupture","status":"publish","type":"post","link":"https:\/\/www.europesays.com\/fr\/196666\/","title":{"rendered":"vague de soutien \u00e0 une candidate de \u00abMari\u00e9s au premier regard\u00bb apr\u00e8s sa rupture"},"content":{"rendered":"<p>La saison 9 de l\u2019\u00e9mission diffus\u00e9e par M6 s\u2019est achev\u00e9e lundi dernier. Et apr\u00e8s quelques jours de silence, Cl\u00e9mence et Malik ont annonc\u00e9 leur s\u00e9paration, qui ne s\u2019est pas faite d\u2019un commun accord.<\/p>\n<p class=\"fig-paragraph\">Un triste bilan pour la neuvi\u00e8me saison de\u00a0<a href=\"http:\/\/tvmag.lefigaro.fr\/tele-realite\/dossier\/maries-au-premier-regard\" target=\"_blank\" data-fig-type=\"Topic\" rel=\"noopener\" data-gtm-custom-categorie=\"navigation\" data-gtm-custom-action=\"crossclick\" data-gtm-custom-label=\"Contextuel\" data-gtm-event=\"customEventSPE\" data-fig-domain=\"TVMAG\">\u00abMari\u00e9s au premier regard\u00bb<\/a>. Lundi 16 juin \u00e9tait diffus\u00e9 le dernier \u00e9pisode de l\u2019\u00e9mission, dressant le bilan de l\u2019\u00e9dition 2025. Et si la majorit\u00e9 des couples form\u00e9s par la science avaient fait le choix de divorcer \u00e0 l\u2019issue de l\u2019exp\u00e9rience, deux d\u2019entre eux repartaient heureux et mari\u00e9s du bilan avec\u00a0<a href=\"http:\/\/tvmag.lefigaro.fr\/programme-tv\/actu-tele\/je-ne-sais-pas-par-ou-commencer-les-pires-phrases-de-rupture-selon-estelle-dossin-l-experte-de-maries-au-premier-regard-20240318\" target=\"_blank\" data-fig-type=\"Article\" rel=\"noopener\" data-gtm-custom-categorie=\"navigation\" data-gtm-custom-action=\"crossclick\" data-gtm-custom-label=\"Contextuel\" data-gtm-event=\"customEventSPE\" data-fig-domain=\"TVMAG\">Estelle Dossin<\/a>\u00a0et Marie Tapernoux\u00a0: Coralie et Bruno, ainsi que Cl\u00e9mence et Malik.<\/p>\n<p class=\"fig-paragraph\">S\u2019il y a trois jours, le premier couple &#8211; qui traversait des probl\u00e8mes de communication &#8211; a annonc\u00e9 sur les r\u00e9seaux sociaux dans une longue vid\u00e9o que leur histoire s\u2019\u00e9tait arr\u00eat\u00e9e d\u2019un commun accord, le second n\u2019a pas connu la m\u00eame fin. C\u2019est Cl\u00e9mence qui l\u2019a annonc\u00e9 ce dimanche dans un post publi\u00e9 sur ses r\u00e9seaux sociaux. Et alors que tout portait \u00e0 croire que le couple \u00e9tait encore amoureux &#8211; ils \u00e9taient partis en seconde lune de miel \u00e0 l\u2019\u00cele Maurice suite au bilan &#8211; la jeune femme a finalement r\u00e9v\u00e9l\u00e9 qu\u2019elle n\u2019\u00e9tait plus avec Malik.<\/p>\n<p class=\"fig-body-link\">\n            \u00c0 lire aussi<br \/>\n        <a class=\"fig-body-link__link\" href=\"http:\/\/tvmag.lefigaro.fr\/programme-tv\/tele-realite\/maries-au-premier-regard-les-sept-couples-de-la-saison-9-sont-ils-toujours-ensemble-20250617\" target=\"_blank\" data-fig-type=\"Article\" rel=\"noopener\" data-gtm-custom-categorie=\"navigation\" data-gtm-custom-action=\"crossclick\" data-gtm-custom-label=\"Contextuel\" data-gtm-event=\"customEventSPE\" data-fig-domain=\"TVMAG\">\u00ab Mari\u00e9s au premier regard\u00a0\u00bb\u00a0: les sept couples de la saison 9 sont-ils toujours ensemble\u00a0?<br \/>\n    <\/a>\n<\/p>\n<p class=\"fig-paragraph\">\u00abCes mots r\u00e9sonnent fort dans mon esprit et dans mon c\u0153ur. Je peux enfin vous d\u00e9voiler cette v\u00e9rit\u00e9 et ce poids qui me pesait\u00bb, a-t-elle amorc\u00e9 avant de poursuivre\u00a0: \u00abParce que vous avons partag\u00e9 notre belle histoire au travers de MAPR, je me dois aussi de vous partager l\u2019histoire jusqu\u2019au bout, m\u00eame si elle ne se termine pas avec des paillettes, c\u2019est \u00e7a aussi la vie.\u00bb L\u2019initiative de la rupture n\u2019\u00e9tait pas de son fait et \u00abla chute a \u00e9t\u00e9 brutale\u00bb comme elle l\u2019a soulign\u00e9e. \u00abJe ne m\u2019y attendais pas apr\u00e8s tout ces bons moments, beaucoup d\u2019incompr\u00e9hension car aucune dispute, aucun d\u00e9saccord, aucun propos annonciateur ne laissait pr\u00e9sager cette fin et d\u2019autant plus, aussi rapidement\u00bb, a-t-elle expliqu\u00e9 tout en confiant avoir eu le \u00abc\u0153ur bris\u00e9\u00bb. Et apr\u00e8s avoir essay\u00e9 de sauver leur histoire, Cl\u00e9mence s\u2019est finalement r\u00e9sign\u00e9e.<\/p>\n<p>\u00abLargu\u00e9e par t\u00e9l\u00e9phone\u00bb<\/p>\n<p class=\"fig-paragraph\">Apr\u00e8s cette surprenante annonce, la jeune femme a pu compter sur le soutien public de plusieurs anciennes participantes de l\u2019\u00e9mission. \u00c0 commencer par son amie dans la vie, Jessica de la saison 7. \u00abJe veux prendre un moment pour soutenir une personne qui compte beaucoup pour moi. Ma Cl\u00e9mence a travers\u00e9 une p\u00e9riode tr\u00e8s difficile, elle a gard\u00e9 ses \u00e9motions pour elle et a vers\u00e9 de nombreuses larmes\u00bb, a partag\u00e9 l\u2019ancienne participante avant de d\u00e9voiler la mani\u00e8re dont la rupture s\u2019est produite. \u00abCl\u00e9mence a \u00e9t\u00e9 largu\u00e9e par t\u00e9l\u00e9phone quinze jours apr\u00e8s le bilan\u00bb, a-t-elle vocif\u00e9r\u00e9 tout en exprimant son incompr\u00e9hension totale.<\/p>\n<p class=\"fig-paragraph\"><a href=\"http:\/\/tvmag.lefigaro.fr\/programme-tv\/tele-realite\/maries-au-premier-regard-son-mariage-avec-bruno-son-premier-single-alicia-mahe-se-confie-20230512\" target=\"_blank\" data-fig-type=\"Article\" rel=\"noopener\" data-gtm-custom-categorie=\"navigation\" data-gtm-custom-action=\"crossclick\" data-gtm-custom-label=\"Contextuel\" data-gtm-event=\"customEventSPE\" data-fig-domain=\"TVMAG\">Alicia Mah\u00e9<\/a>, candidate de la saison 6, a elle aussi r\u00e9agi sur son compte Instagram. \u00abSoutien total \u00e0 Cl\u00e9mence. J\u2019\u00e9tais au courant depuis plusieurs mois qu\u2019ils n\u2019\u00e9taient plus ensemble. J\u2019avais des \u00e9chos du pourquoi du comment mais pas enti\u00e8rement\u00bb, a-t-elle expliqu\u00e9 tout en partageant son exasp\u00e9ration\u00a0: \u00abJe n\u2019en peux plus de ces mecs qui font semblant.\u00bb<\/p>\n<p class=\"fig-paragraph\">Les participantes de cette neuvi\u00e8me saison ont \u00e9galement tenu \u00e0 t\u00e9moigner leur soutien \u00e0 la jeune femme originaire du sud ouest. \u00abJe suis quelqu\u2019un qui ne prend jamais parti mais qui soutient des causes justes. Je suis de tout c\u0153ur avec elle\u00bb, a \u00e9crit dans un long message Coralie tout en rappelant que la principale int\u00e9ress\u00e9e ne cherchait en aucun cas \u00e0 attirer la lumi\u00e8re sur elle. \u00abTu es exceptionnelle, tant pis pour celui qui ne s\u2019en rend pas compte\u00bb, a-t-elle conclu. Tandis que Sophie a partag\u00e9 sa peine\u00a0: \u00abJe n\u2019imagine pas la douleur pendant toute la diffusion et le fait de ne pas pouvoir parler\u00a0! Tu es une femme incroyable, pleine de vie, avec de belles valeurs humaines.\u00bb<\/p>\n","protected":false},"excerpt":{"rendered":"La saison 9 de l\u2019\u00e9mission diffus\u00e9e par M6 s\u2019est achev\u00e9e lundi dernier. Et apr\u00e8s quelques jours de silence,&hellip;\n","protected":false},"author":2,"featured_media":196667,"comment_status":"","ping_status":"","sticky":false,"template":"","format":"standard","meta":{"footnotes":""},"categories":[1356],"tags":[976,1000,58,59,1011,27,1714,1718,6218,1713,973,1717,1715,1716,252,1364],"class_list":{"0":"post-196666","1":"post","2":"type-post","3":"status-publish","4":"format-standard","5":"has-post-thumbnail","7":"category-television","8":"tag-actu-people","9":"tag-celebrites","10":"tag-divertissement","11":"tag-entertainment","12":"tag-fr","13":"tag-france","14":"tag-info-people","15":"tag-infos-people-du-jour","16":"tag-maries-au-premier-regard","17":"tag-news-people","18":"tag-people","19":"tag-photo-people","20":"tag-potins-de-stars","21":"tag-potins-people","22":"tag-television","23":"tag-tv"},"share_on_mastodon":{"url":"https:\/\/pubeurope.com\/@fr\/114729037741813953","error":""},"_links":{"self":[{"href":"https:\/\/www.europesays.com\/fr\/wp-json\/wp\/v2\/posts\/196666","targetHints":{"allow":["GET"]}}],"collection":[{"href":"https:\/\/www.europesays.com\/fr\/wp-json\/wp\/v2\/posts"}],"about":[{"href":"https:\/\/www.europesays.com\/fr\/wp-json\/wp\/v2\/types\/post"}],"author":[{"embeddable":true,"href":"https:\/\/www.europesays.com\/fr\/wp-json\/wp\/v2\/users\/2"}],"replies":[{"embeddable":true,"href":"https:\/\/www.europesays.com\/fr\/wp-json\/wp\/v2\/comments?post=196666"}],"version-history":[{"count":0,"href":"https:\/\/www.europesays.com\/fr\/wp-json\/wp\/v2\/posts\/196666\/revisions"}],"wp:featuredmedia":[{"embeddable":true,"href":"https:\/\/www.europesays.com\/fr\/wp-json\/wp\/v2\/media\/196667"}],"wp:attachment":[{"href":"https:\/\/www.europesays.com\/fr\/wp-json\/wp\/v2\/media?parent=196666"}],"wp:term":[{"taxonomy":"category","embeddable":true,"href":"https:\/\/www.europesays.com\/fr\/wp-json\/wp\/v2\/categories?post=196666"},{"taxonomy":"post_tag","embeddable":true,"href":"https:\/\/www.europesays.com\/fr\/wp-json\/wp\/v2\/tags?post=196666"}],"curies":[{"name":"wp","href":"https:\/\/api.w.org\/{rel}","templated":true}]}}