{"id":196677,"date":"2025-06-22T21:08:11","date_gmt":"2025-06-22T21:08:11","guid":{"rendered":"https:\/\/www.europesays.com\/fr\/196677\/"},"modified":"2025-06-22T21:08:11","modified_gmt":"2025-06-22T21:08:11","slug":"extinction-programmee-la-derniere-berline-v8-atmospherique-au-monde-tire-sa-reverence","status":"publish","type":"post","link":"https:\/\/www.europesays.com\/fr\/196677\/","title":{"rendered":"Extinction programm\u00e9e : la derni\u00e8re berline V8 atmosph\u00e9rique au monde tire sa r\u00e9v\u00e9rence"},"content":{"rendered":"<p>Il fut un temps o\u00f9 les berlines V8 atmosph\u00e9riques faisaient partie du paysage routier, incarnant un certain art de vivre automobile. De la BMW M5 E39 \u00e0 la Mercedes Classe E en passant par l\u2019Audi RS4, ces moteurs offraient un m\u00e9lange inimitable de noblesse m\u00e9canique et de caract\u00e8re sonore. Aujourd\u2019hui, ces ic\u00f4nes ont presque toutes c\u00e9d\u00e9 la place \u00e0 des blocs suraliment\u00e9s ou \u00e9lectrifi\u00e9s, sacrifi\u00e9es sur l\u2019autel des normes et des performances aseptis\u00e9es. Seul le Lexus IS 500 r\u00e9siste encore, tel un irr\u00e9ductible dans un monde en pleine mutation.<\/p>\n<p>Et pourtant, le compte \u00e0 rebours est lanc\u00e9. La Climax Edition, ultime d\u00e9clinaison du Lexus IS 500, s\u2019appr\u00eate \u00e0 tirer sa r\u00e9v\u00e9rence. Limit\u00e9e \u00e0 500 exemplaires pour le march\u00e9 japonais, cette version de la berline sportive compacte japonaise met un point final \u00e0 une saga d\u00e9but\u00e9e il y a plus de dix ans. Un mod\u00e8le que l\u2019Europe n\u2019aura jamais connu, mais qui incarne jusqu\u2019au bout une vision puriste de l\u2019automobile : un V8 atmosph\u00e9rique de 5,0 litres, 479 ch, une propulsion assum\u00e9e et un caract\u00e8re \u00e0 l\u2019ancienne.<\/p>\n<p>Alors que la grande majorit\u00e9 des constructeurs a d\u00e9finitivement tourn\u00e9 la page des moteurs \u00e0 forte cylindr\u00e9e sans suralimentation, Lexus livre ici un dernier baroud d\u2019honneur. Un mod\u00e8le rare, symbolique, qui s\u00e9duit autant par ses performances brutes que par son refus de se plier aux modes. Un hommage vibrant \u00e0 une \u00e9poque r\u00e9volue, dont cette Climax Edition signe l\u2019adieu d\u00e9finitif.<\/p>\n<p><img fetchpriority=\"high\" decoding=\"async\" class=\"wp-image-22696 size-full webpexpress-processed\" src=\"data:image\/svg+xml,%3Csvg%20xmlns=\" http:=\"\" alt=\"Face avant Lexus IS 500 Climax Edition calandre imposante phares LED signature sportive\" width=\"1201\" height=\"849\" data-lazy- data-lazy- data-lazy-src=\"https:\/\/www.europesays.com\/fr\/wp-content\/uploads\/2025\/06\/lexus-is-500-climax-edition-01.jpg\"\/>La face avant de la Lexus IS 500 Climax Edition se distingue par sa calandre massive et ses projecteurs LED au design ac\u00e9r\u00e9. \u00a9 Lexus<br \/>\nLexus IS 500 Climax Edition : la derni\u00e8re berline V8 atmosph\u00e9rique tire sa r\u00e9v\u00e9rence<\/p>\n<p>Alors que l\u2019industrie automobile \u00e9volue \u00e0 marche forc\u00e9e vers la suralimentation et l\u2019\u00e9lectrification, rares sont les mod\u00e8les qui osent encore revendiquer un V8 atmosph\u00e9rique sous leur capot. Avec la Climax Edition, Lexus signe l\u2019adieu de son IS 500, une berline sportive compacte unique en son genre.<\/p>\n<blockquote class=\"wp-embedded-content\" data-secret=\"KcJN2sZFEj\">\n<p><a href=\"https:\/\/www.passionandcar.fr\/2025\/06\/21\/pendant-que-leurope-compte-ses-grammes-de-co2-lamerique-lance-des-monstres-de-1-000-chevaux\/\" target=\"_blank\" rel=\"noopener\">Pendant que l\u2019Europe compte ses grammes de CO2, l\u2019Am\u00e9rique lance des monstres de 1 000 chevaux<\/a><\/p>\n<\/blockquote>\n<p>R\u00e9serv\u00e9e au march\u00e9 japonais et limit\u00e9e \u00e0 500 exemplaires, cette \u00e9dition sp\u00e9ciale symbolise la fin d\u2019une \u00e9poque o\u00f9 les berlines sportives s\u2019appr\u00e9ciaient au son d\u2019un moteur noble et sans artifices.<\/p>\n<p><img loading=\"lazy\" decoding=\"async\" class=\"size-full wp-image-22699 webpexpress-processed\" src=\"data:image\/svg+xml,%3Csvg%20xmlns=\" http:=\"\" alt=\"Int\u00e9rieur Lexus IS 500 Climax Edition poste de conduite \u00e9crans digitalisation finitions sportives\" width=\"1201\" height=\"769\" data-lazy- data-lazy- data-lazy-src=\"https:\/\/www.europesays.com\/fr\/wp-content\/uploads\/2025\/06\/lexus-is-500-climax-edition.jpg\"\/>Le poste de conduite de la Lexus IS 500 Climax Edition combine instrumentation digitale et finitions sportives noires et rouges. \u00a9 Lexus<br \/>\nUn V8 atmosph\u00e9rique unique sur le march\u00e9 : 479 ch de pur plaisir<\/p>\n<p>Sous son capot, le Lexus IS 500 Climax Edition conserve ce qui fait sa singularit\u00e9 : un V8 5,0 litres atmosph\u00e9rique, le fameux bloc 2UR-GSE mis au point avec Yamaha. D\u00e9veloppant 479 ch et 535 Nm de couple, ce moteur d\u00e9livre une puissance lin\u00e9aire et un caract\u00e8re m\u00e9canique aujourd\u2019hui introuvable chez la concurrence. Associ\u00e9 \u00e0 une propulsion pure et \u00e0 une bo\u00eete automatique \u00e0 huit rapports, il offre des sensations brutes, \u00e0 l\u2019ancienne, dans un march\u00e9 o\u00f9 la suralimentation est devenue la norme.<\/p>\n<p>C\u2019est pr\u00e9cis\u00e9ment cette m\u00e9canique d\u2019exception qui conf\u00e8re \u00e0 l\u2019IS 500 Climax Edition un statut d\u2019ic\u00f4ne. L\u00e0 o\u00f9 la majorit\u00e9 des sportives actuelles privil\u00e9gient la puissance \u00e0 bas r\u00e9gime et les performances sur le papier, ce V8 atmosph\u00e9rique s\u00e9duit par sa mont\u00e9e en r\u00e9gime et son onctuosit\u00e9. Un dernier bastion pour les puristes.<\/p>\n<p><img loading=\"lazy\" decoding=\"async\" class=\"wp-image-22697 size-full webpexpress-processed\" src=\"data:image\/svg+xml,%3Csvg%20xmlns=\" http:=\"\" alt=\"Volant bi-ton noir et rouge Lexus IS 500 Climax Edition gros plan finitions Ultrasuede design sportif\" width=\"1200\" height=\"788\" data-lazy- data-lazy- data-lazy-src=\"https:\/\/www.europesays.com\/fr\/wp-content\/uploads\/2025\/06\/lexus-is-500-climax-edition-03.jpg\"\/>Gros plan sur le volant bi-ton noir et rouge de la Lexus IS 500 Climax Edition, m\u00ealant Ultrasuede et L-tex avec des surpiq\u00fbres raffin\u00e9es, parfait reflet de l\u2019ambiance sportive de l\u2019habitacle. \u00a9 Lexus<br \/>\nUn \u00e9quipement exclusif pour une s\u00e9rie limit\u00e9e \u00e0 500 exemplaires<\/p>\n<p>Si la m\u00e9canique demeure inchang\u00e9e, la Climax Edition se distingue par un \u00e9quipement sp\u00e9cifique \u00e0 cette s\u00e9rie d\u2019adieu. Le freinage a \u00e9t\u00e9 revu avec des disques avant de 380 mm, des \u00e9triers Brembo \u00e0 six pistons et des plaquettes haute friction, apportant un freinage plus puissant, proche de celui du Lexus RC F. Ces \u00e9triers peints en rouge se devinent derri\u00e8re de nouvelles jantes forg\u00e9es BBS de 19 pouces, qui participent \u00e0 l\u2019exclusivit\u00e9 visuelle du mod\u00e8le.<\/p>\n<blockquote class=\"wp-embedded-content\" data-secret=\"61jxCBDrv6\">\n<p><a href=\"https:\/\/www.passionandcar.fr\/2025\/06\/21\/lovni-skoda-debarque-mi-pick-up-mi-van-100-electrifie-pour-bouleverser-le-marche\/\" target=\"_blank\" rel=\"noopener\">L\u2019ovni Skoda d\u00e9barque : mi-pick-up, mi-van, 100% \u00e9lectrifi\u00e9 pour bouleverser le march\u00e9<\/a><\/p>\n<\/blockquote>\n<p>L\u2019habitacle n\u2019est pas en reste : les si\u00e8ges sport \u00e9lectriques, chauffants et ventil\u00e9s, sont habill\u00e9s de tissus Ultrasuede et L-tex noirs et rouges. Ce traitement bicolore se retrouve sur la planche de bord, les contre-portes et le volant. Un embl\u00e8me comm\u00e9moratif et un cadran d\u2019horloge central assorti compl\u00e8tent cette pr\u00e9sentation soign\u00e9e et distinctive.<\/p>\n<p><img loading=\"lazy\" decoding=\"async\" class=\"size-full wp-image-22698 webpexpress-processed\" src=\"data:image\/svg+xml,%3Csvg%20xmlns=\" http:=\"\" alt=\"Lexus IS 500 Climax Edition berline sportive V8 atmosph\u00e9rique profil jantes BBS 19 pouces\" width=\"1200\" height=\"849\" data-lazy- data-lazy- data-lazy-src=\"https:\/\/www.europesays.com\/fr\/wp-content\/uploads\/2025\/06\/lexus-is-500-climax-edition-02.jpg\"\/>Profil rac\u00e9 de la Lexus IS 500 Climax Edition, avec ses jantes forg\u00e9es BBS de 19 pouces et ses lignes aff\u00fbt\u00e9es. \u00a9 Lexus<br \/>\nUne ic\u00f4ne r\u00e9serv\u00e9e au Japon : pourquoi l\u2019Europe passe \u00e0 c\u00f4t\u00e9<\/p>\n<p>Avec un tarif de d\u00e9part fix\u00e9 \u00e0 9 500 000 yens, la Lexus IS 500 Climax Edition reste un plaisir r\u00e9serv\u00e9 au march\u00e9 japonais. Un choix strat\u00e9gique, reflet des r\u00e9alit\u00e9s commerciales et des contraintes r\u00e9glementaires qui ont emp\u00each\u00e9 cette berline d\u2019arriver sur le Vieux Continent. En Europe, les normes environnementales et les tendances du march\u00e9 ont d\u00e9finitivement marginalis\u00e9 ce type de motorisation.<\/p>\n<p>Ce mod\u00e8le n\u2019en reste pas moins un symbole fort : celui d\u2019une automobile plaisir en voie d\u2019extinction. La Climax Edition incarne la fin d\u2019un cycle, celui des berlines sportives atmosph\u00e9riques, et rappelle ce que la passion automobile doit au V8 sans artifice, \u00e0 l\u2019heure o\u00f9 les moteurs se standardisent et se taisent derri\u00e8re des filtres acoustiques et des moteurs \u00e9lectriques.<\/p>\n","protected":false},"excerpt":{"rendered":"Il fut un temps o\u00f9 les berlines V8 atmosph\u00e9riques faisaient partie du paysage routier, incarnant un certain art&hellip;\n","protected":false},"author":2,"featured_media":196678,"comment_status":"","ping_status":"","sticky":false,"template":"","format":"standard","meta":{"footnotes":""},"categories":[6],"tags":[35,33,34,1011,27,9333],"class_list":{"0":"post-196677","1":"post","2":"type-post","3":"status-publish","4":"format-standard","5":"has-post-thumbnail","7":"category-economie","8":"tag-business","9":"tag-economie","10":"tag-economy","11":"tag-fr","12":"tag-france","13":"tag-lexus"},"share_on_mastodon":{"url":"https:\/\/pubeurope.com\/@fr\/114729065393124161","error":""},"_links":{"self":[{"href":"https:\/\/www.europesays.com\/fr\/wp-json\/wp\/v2\/posts\/196677","targetHints":{"allow":["GET"]}}],"collection":[{"href":"https:\/\/www.europesays.com\/fr\/wp-json\/wp\/v2\/posts"}],"about":[{"href":"https:\/\/www.europesays.com\/fr\/wp-json\/wp\/v2\/types\/post"}],"author":[{"embeddable":true,"href":"https:\/\/www.europesays.com\/fr\/wp-json\/wp\/v2\/users\/2"}],"replies":[{"embeddable":true,"href":"https:\/\/www.europesays.com\/fr\/wp-json\/wp\/v2\/comments?post=196677"}],"version-history":[{"count":0,"href":"https:\/\/www.europesays.com\/fr\/wp-json\/wp\/v2\/posts\/196677\/revisions"}],"wp:featuredmedia":[{"embeddable":true,"href":"https:\/\/www.europesays.com\/fr\/wp-json\/wp\/v2\/media\/196678"}],"wp:attachment":[{"href":"https:\/\/www.europesays.com\/fr\/wp-json\/wp\/v2\/media?parent=196677"}],"wp:term":[{"taxonomy":"category","embeddable":true,"href":"https:\/\/www.europesays.com\/fr\/wp-json\/wp\/v2\/categories?post=196677"},{"taxonomy":"post_tag","embeddable":true,"href":"https:\/\/www.europesays.com\/fr\/wp-json\/wp\/v2\/tags?post=196677"}],"curies":[{"name":"wp","href":"https:\/\/api.w.org\/{rel}","templated":true}]}}