{"id":196693,"date":"2025-06-22T21:20:16","date_gmt":"2025-06-22T21:20:16","guid":{"rendered":"https:\/\/www.europesays.com\/fr\/196693\/"},"modified":"2025-06-22T21:20:16","modified_gmt":"2025-06-22T21:20:16","slug":"djal-nej-kendji-voici-le-programme-estival-des-arenes","status":"publish","type":"post","link":"https:\/\/www.europesays.com\/fr\/196693\/","title":{"rendered":"D\u2019jal, Nej\u2019, Kendji\u2026 voici le programme estival des ar\u00e8nes !"},"content":{"rendered":"<p><img decoding=\"async\" class=\"\" style=\"width:100%\" src=\"https:\/\/www.europesays.com\/fr\/wp-content\/uploads\/2025\/06\/arenes_palavas_20251750231496351.jpg\" alt=\"Ar\u00e8nes de Palavas\"\/><\/p>\n<p>Comme chaque \u00e9t\u00e9, les Ar\u00e8nes de Palavas-les-Flots proposent des animations quasi quotidiennes.<\/p>\n<p>Cr\u00e9dit : DR<\/p>\n<p> <strong>Une quarantaine d\u2019\u00e9v\u00e9nements en deux mois<\/strong><\/p>\n<p style=\"text-align: justify;\">\u00a0<\/p>\n<p style=\"text-align: justify;\">Comme chaque ann\u00e9e, les ar\u00e8nes de Palavas proposeront des soir\u00e9es presque quotidiennes. Vincent Ribera Organisation, gestionnaire des lieux, a pr\u00e9par\u00e9 une programmation vari\u00e9e et festive. Parmi les grands temps forts : <strong>les humoristes D\u2019jal, Yves Pujol et Thomas Angelvy, les concerts de Kendji Girac et Nej\u2019, ou encore une grande soir\u00e9e hommage aux ann\u00e9es 80.<\/strong><\/p>\n<p style=\"text-align: justify;\">Les passionn\u00e9s de traditions locales ne seront pas en reste avec<strong> les rod\u00e9os camarguais, les courses landaises et les spectacles \u00e9questres<\/strong>. Le tout dans une ambiance familiale et conviviale.<\/p>\n<p style=\"text-align: justify;\">\u00a0<\/p>\n<p><strong>Le programme de l\u2019\u00e9t\u00e9 2025<\/strong><\/p>\n<p style=\"text-align: justify;\">\u00a0<\/p>\n<p><strong>JUILLET<\/strong><\/p>\n<ul style=\"text-align: justify;\">\n<li>2 juillet \u00e0 21h : Toro Piscine<\/li>\n<li>4 juillet \u00e0 21h : Toro Piscine<\/li>\n<li>7 juillet \u00e0 21h : Toro Piscine<\/li>\n<li>9 juillet \u00e0 21h : Toro Piscine en or (plus de 1 500 \u20ac en primes et cadeaux)<\/li>\n<li><strong>10 juillet \u00e0 21h30 : La Nuit du Taureau de Camargue (course camarguaise \u2013 \u00e9cole de raseteurs)<\/strong><\/li>\n<li>11 juillet \u00e0 21h : Toro Piscine<\/li>\n<li><strong>13 juillet \u00e0 21h : Toro Piscine avec l\u2019humoriste Anthony Joubert<\/strong><\/li>\n<li><strong>15 juillet \u00e0 21h30 : Grand Rod\u00e9o Camarguais (jeux de gardians)<\/strong><\/li>\n<li>16 juillet \u00e0 21h : Toro Mousse<\/li>\n<li>18 juillet \u00e0 21h : Toro Piscine<\/li>\n<li>21 juillet \u00e0 21h : Toro Piscine<\/li>\n<li><strong>22 juillet \u00e0 21h30 : Grand Rod\u00e9o Camarguais<\/strong><\/li>\n<li>23 juillet \u00e0 21h : Toro Piscine DJ Show (DJ, lumi\u00e8res et animations)<\/li>\n<li>25 juillet \u00e0 21h : Toro Piscine<\/li>\n<li><strong>26 juillet \u00e0 21h30 : Chevaux et Passions du Sud (spectacle \u00e9questre et landais)<\/strong><\/li>\n<li>28 juillet \u00e0 21h : Toro Piscine<\/li>\n<li>29 juillet \u00e0 21h30 : Grand Rod\u00e9o Camarguais<\/li>\n<li>30 juillet \u00e0 21h : Toro Piscine en or (plus de 1 500 \u20ac en primes et cadeaux)<\/li>\n<li><strong>31 juillet \u00e0 21h30 : Festival C\u00f4t\u00e9 Mer \/ Humour \u2013 D\u2019jal \u2013 En pleine conscience<\/strong><\/li>\n<\/ul>\n<p style=\"text-align: justify;\">\u00a0<\/p>\n<p><strong>AO\u00dbT<\/strong><\/p>\n<ul style=\"text-align: justify;\">\n<li>1er ao\u00fbt \u00e0 21h : Toro Piscine<\/li>\n<li>4 ao\u00fbt \u00e0 21h : Toro Piscine<\/li>\n<li>6 ao\u00fbt \u00e0 21h : Toro Piscine DJ Show (DJ, lumi\u00e8res et animations)<\/li>\n<li><strong>7 ao\u00fbt \u00e0 21h30 : Grand Rod\u00e9o Camarguais<\/strong><\/li>\n<li>8 ao\u00fbt \u00e0 21h : Toro Piscine<\/li>\n<li>9 ao\u00fbt \u00e0 21h30 : Grande Course Landaise<\/li>\n<li><strong>10 ao\u00fbt \u00e0 21h30 : Festival C\u00f4t\u00e9 Mer \/ Concert de Nej\u2019<\/strong><\/li>\n<li>11 ao\u00fbt \u00e0 21h : Toro Piscine<\/li>\n<li><strong>12 ao\u00fbt \u00e0 21h30 : Festival C\u00f4t\u00e9 Mer \/ Concert Les Ann\u00e9es 80 \u2013 Tribute Live<\/strong><\/li>\n<li>13 ao\u00fbt \u00e0 21h : Toro Mousse<\/li>\n<li><strong>14 ao\u00fbt \u00e0 21h30 : Grand Rod\u00e9o Camarguais<\/strong><\/li>\n<li><strong>16 ao\u00fbt \u00e0 21h : Toro Piscine avec l\u2019humoriste Anthony Joubert<\/strong><\/li>\n<li><strong>17 ao\u00fbt \u00e0 21h30 : Festival C\u00f4t\u00e9 Mer \/ Concert Kendji Girac \u2013 Nos 10 ans<\/strong><\/li>\n<li>18 ao\u00fbt \u00e0 21h : Toro Piscine<\/li>\n<li><strong>19 ao\u00fbt \u00e0 21h30 : La Nuit du Taureau de Camargue (course camarguaise \u2013 \u00e9cole de raseteurs)<\/strong><\/li>\n<li>20 ao\u00fbt \u00e0 21h : Toro Piscine en or (plus de 1 500 \u20ac en primes et cadeaux)<\/li>\n<li><strong>21 ao\u00fbt \u00e0 21h30 : Festival C\u00f4t\u00e9 Mer \/ Humour \u2013 Yves Pujol \u2013 Best of : Le meilleur du mieux<\/strong><\/li>\n<li>22 ao\u00fbt \u00e0 21h : Toro Piscine<\/li>\n<li><strong>24 ao\u00fbt \u00e0 21h30 : Festival C\u00f4t\u00e9 Mer \/ Humour \u2013 Thomas Angelvy<\/strong><\/li>\n<li>25 ao\u00fbt \u00e0 21h : Toro Piscine<\/li>\n<li>27 ao\u00fbt \u00e0 21h : Toro Piscine DJ Show (DJ, lumi\u00e8res et animations)<\/li>\n<li><strong>28 ao\u00fbt \u00e0 21h30 : Grand Rod\u00e9o Camarguais<\/strong><\/li>\n<li>29 ao\u00fbt \u00e0 21h : Toro Piscine<\/li>\n<\/ul>\n<p style=\"text-align: justify;\">\u00a0<\/p>\n<p><strong>Informations pratiques<\/strong><\/p>\n<p style=\"text-align: justify;\"><strong>Ar\u00e8nes de Palavas<\/strong><\/p>\n<p style=\"text-align: justify;\">Avenue de l\u2019Abb\u00e9 Brocardi, 34250 Palavas-les-Flots<\/p>\n<p style=\"text-align: justify;\"><strong>R\u00e9servations : points de vente habituels et directement aupr\u00e8s des ar\u00e8nes<\/strong><\/p>\n<p style=\"text-align: justify;\">T\u00e9l\u00e9phone : 04 67 50 39 56<\/p>\n","protected":false},"excerpt":{"rendered":"Comme chaque \u00e9t\u00e9, les Ar\u00e8nes de Palavas-les-Flots proposent des animations quasi quotidiennes. Cr\u00e9dit : DR Une quarantaine d\u2019\u00e9v\u00e9nements&hellip;\n","protected":false},"author":2,"featured_media":196694,"comment_status":"","ping_status":"","sticky":false,"template":"","format":"standard","meta":{"footnotes":""},"categories":[9599],"tags":[1111,11,33603,33605,33593,4156,33601,33598,1777,674,33604,1011,27,708,7780,2208,33599,12,2680,33592,25,33600,33594,3140,33595,33607,33596,33602,33597,33606],"class_list":{"0":"post-196693","1":"post","2":"type-post","3":"status-publish","4":"format-standard","5":"has-post-thumbnail","7":"category-montpellier","8":"tag-actu","9":"tag-actualites","10":"tag-ambiance-familiale","11":"tag-anthony-joubert","12":"tag-arenes","13":"tag-concerts","14":"tag-course-landaise","15":"tag-djal","16":"tag-eu","17":"tag-europe","18":"tag-festival-cote-mer","19":"tag-fr","20":"tag-france","21":"tag-humour","22":"tag-kendji-girac","23":"tag-montpellier","24":"tag-nej","25":"tag-news","26":"tag-occitanie","27":"tag-palavas-les-flots","28":"tag-republique-francaise","29":"tag-rodeo-camarguais","30":"tag-saison-estivale","31":"tag-spectacle","32":"tag-spectacles-equestres","33":"tag-thomas-angelvy","34":"tag-toros-piscine","35":"tag-traditions-locales","36":"tag-vincent-ribera-organisation","37":"tag-yves-pujol"},"share_on_mastodon":{"url":"https:\/\/pubeurope.com\/@fr\/114729112373122303","error":""},"_links":{"self":[{"href":"https:\/\/www.europesays.com\/fr\/wp-json\/wp\/v2\/posts\/196693","targetHints":{"allow":["GET"]}}],"collection":[{"href":"https:\/\/www.europesays.com\/fr\/wp-json\/wp\/v2\/posts"}],"about":[{"href":"https:\/\/www.europesays.com\/fr\/wp-json\/wp\/v2\/types\/post"}],"author":[{"embeddable":true,"href":"https:\/\/www.europesays.com\/fr\/wp-json\/wp\/v2\/users\/2"}],"replies":[{"embeddable":true,"href":"https:\/\/www.europesays.com\/fr\/wp-json\/wp\/v2\/comments?post=196693"}],"version-history":[{"count":0,"href":"https:\/\/www.europesays.com\/fr\/wp-json\/wp\/v2\/posts\/196693\/revisions"}],"wp:featuredmedia":[{"embeddable":true,"href":"https:\/\/www.europesays.com\/fr\/wp-json\/wp\/v2\/media\/196694"}],"wp:attachment":[{"href":"https:\/\/www.europesays.com\/fr\/wp-json\/wp\/v2\/media?parent=196693"}],"wp:term":[{"taxonomy":"category","embeddable":true,"href":"https:\/\/www.europesays.com\/fr\/wp-json\/wp\/v2\/categories?post=196693"},{"taxonomy":"post_tag","embeddable":true,"href":"https:\/\/www.europesays.com\/fr\/wp-json\/wp\/v2\/tags?post=196693"}],"curies":[{"name":"wp","href":"https:\/\/api.w.org\/{rel}","templated":true}]}}