{"id":196695,"date":"2025-06-22T21:21:11","date_gmt":"2025-06-22T21:21:11","guid":{"rendered":"https:\/\/www.europesays.com\/fr\/196695\/"},"modified":"2025-06-22T21:21:11","modified_gmt":"2025-06-22T21:21:11","slug":"actualites-louis-nicollin-sa-passion-pour-le-velo-a-lhonneur-pour-le-passage-du-tour-de-france-a-montpellier","status":"publish","type":"post","link":"https:\/\/www.europesays.com\/fr\/196695\/","title":{"rendered":"[Actualit\u00e9s] Louis Nicollin, sa passion pour le v\u00e9lo \u00e0 l\u2019honneur pour le passage du Tour de France \u00e0 Montpellier"},"content":{"rendered":"<p>Tous les supporters Pailladins ont d\u00e9j\u00e0 vu des images du mus\u00e9e de Louis Nicollin et sa collection de maillots jaunes du Tour de France occupe une place importante aux c\u00f4t\u00e9s des tuniques du ballon rond.<\/p>\n<p>Cette ann\u00e9e \u00e0 l\u2019occasion du passage de la Grande Boucle par Montpellier, une exposition temporaire de certaines des pi\u00e8ces de Loulou vont \u00eatre expos\u00e9es \u00e0 l\u2019instar de ce qui avait \u00e9t\u00e9 fait l\u2019an dernier avant les Jeux Olympiques de Paris. Port\u00e9 par la ville de Montpellier\u00a0et\u00a0Montpellier M\u00e9diterran\u00e9e M\u00e9tropole, ce projet n\u2019est possible que par le pr\u00eat g\u00e9n\u00e9reux d\u2019une partie de la collection priv\u00e9e de Louis Nicollin par sa femme, Colette et ses deux fils, Laurent et Olivier.<\/p>\n<p>Ils ont d\u2019ailleurs d\u00e9clar\u00e9 : \u201cForts du succ\u00e8s retentissant de l\u2019exposition olympique de l\u2019an dernier (plus de 25 000 visiteurs) avec la M\u00e9tropole et la Ville de Montpellier, nous prolongeons aujourd\u2019hui cet \u00e9lan culturel et sportif en organisant une nouvelle exposition autour du Tour de France. \u00c0 travers cette initiative, nous affirmons une fois de plus notre engagement en faveur du sport et notre attachement profond \u00e0 notre territoire, en tant que premier partenaire du sport \u00e0 Montpellier. Nous esp\u00e9rons que ces objets exceptionnels feront vibrer votre passion pour le cyclisme et vous offriront un voyage in\u00e9dit dans l\u2019histoire de cette course mythique.\u201d Le maire de Montpellier a d\u2019ailleurs remerci\u00e9 la famille Nicollin : \u201cC\u2019est une chance et un plaisir de renouveler un tel projet aux c\u00f4t\u00e9s de la famille Nicollin. Nous vous donnons rendez-vous \u00e0 compter du 10 juillet, jusqu\u2019au 1er ao\u00fbt, dans le hall de l\u2019H\u00f4tel de Ville, pour profiter de ce magnifique projet sportif et culturel.\u201c<\/p>\n<blockquote class=\"twitter-tweet\" data-width=\"550\" data-dnt=\"true\">\n<p lang=\"fr\" dir=\"ltr\">\ud83d\udeb5\u200d\u2642\ufe0f\ud83c\udf89 Les 21 et 22 juillet, <a href=\"https:\/\/twitter.com\/LeTour?ref_src=twsrc%5Etfw\" rel=\"nofollow noopener\" target=\"_blank\">@LeTour<\/a> fait \u00e9tape \u00e0 Montpellier !<br \/>Pour c\u00e9l\u00e9brer ensemble ce grand \u00e9v\u00e9nement, un Fan Park s&rsquo;installe \u00e0 Antigone et la collection priv\u00e9e de Louis Nicollin vous attend \u00e0 l&rsquo;H\u00f4tel de Ville d\u00e8s le 10 juillet.<br \/>Vivez la 16 \u00e9tape\ud83d\udc49 <a href=\"https:\/\/t.co\/rDtVjPeYER\" rel=\"nofollow\">https:\/\/t.co\/rDtVjPeYER<\/a> <a href=\"https:\/\/t.co\/rwl2ok7L6e\" rel=\"nofollow\">pic.twitter.com\/rwl2ok7L6e<\/a><\/p>\n<p>\u2014 Ville de Montpellier (@montpellier_) <a href=\"https:\/\/twitter.com\/montpellier_\/status\/1931294223350788159?ref_src=twsrc%5Etfw\" rel=\"nofollow noopener\" target=\"_blank\">June 7, 2025<\/a><\/p><\/blockquote>\n<p>C\u2019est donc au cours du mois de juillet que vous pourrez observer des maillots, des v\u00e9los et des objets appartenant \u00e0 de grands cyclistes fran\u00e7ais et internationaux. Tout cela, avec une pens\u00e9e \u00e9mue pour notre cher Loulou.<\/p>\n<p>  <script async src=\"https:\/\/platform.twitter.com\/widgets.js\" charset=\"utf-8\"><\/script><\/p>\n","protected":false},"excerpt":{"rendered":"Tous les supporters Pailladins ont d\u00e9j\u00e0 vu des images du mus\u00e9e de Louis Nicollin et sa collection de&hellip;\n","protected":false},"author":2,"featured_media":196696,"comment_status":"","ping_status":"","sticky":false,"template":"","format":"standard","meta":{"footnotes":""},"categories":[9599],"tags":[328,1111,11,1777,674,1011,27,2208,12,2680,25],"class_list":{"0":"post-196695","1":"post","2":"type-post","3":"status-publish","4":"format-standard","5":"has-post-thumbnail","7":"category-montpellier","8":"tag-a-la-une","9":"tag-actu","10":"tag-actualites","11":"tag-eu","12":"tag-europe","13":"tag-fr","14":"tag-france","15":"tag-montpellier","16":"tag-news","17":"tag-occitanie","18":"tag-republique-francaise"},"share_on_mastodon":{"url":"https:\/\/pubeurope.com\/@fr\/114729116240696345","error":""},"_links":{"self":[{"href":"https:\/\/www.europesays.com\/fr\/wp-json\/wp\/v2\/posts\/196695","targetHints":{"allow":["GET"]}}],"collection":[{"href":"https:\/\/www.europesays.com\/fr\/wp-json\/wp\/v2\/posts"}],"about":[{"href":"https:\/\/www.europesays.com\/fr\/wp-json\/wp\/v2\/types\/post"}],"author":[{"embeddable":true,"href":"https:\/\/www.europesays.com\/fr\/wp-json\/wp\/v2\/users\/2"}],"replies":[{"embeddable":true,"href":"https:\/\/www.europesays.com\/fr\/wp-json\/wp\/v2\/comments?post=196695"}],"version-history":[{"count":0,"href":"https:\/\/www.europesays.com\/fr\/wp-json\/wp\/v2\/posts\/196695\/revisions"}],"wp:featuredmedia":[{"embeddable":true,"href":"https:\/\/www.europesays.com\/fr\/wp-json\/wp\/v2\/media\/196696"}],"wp:attachment":[{"href":"https:\/\/www.europesays.com\/fr\/wp-json\/wp\/v2\/media?parent=196695"}],"wp:term":[{"taxonomy":"category","embeddable":true,"href":"https:\/\/www.europesays.com\/fr\/wp-json\/wp\/v2\/categories?post=196695"},{"taxonomy":"post_tag","embeddable":true,"href":"https:\/\/www.europesays.com\/fr\/wp-json\/wp\/v2\/tags?post=196695"}],"curies":[{"name":"wp","href":"https:\/\/api.w.org\/{rel}","templated":true}]}}