{"id":196714,"date":"2025-06-22T21:35:31","date_gmt":"2025-06-22T21:35:31","guid":{"rendered":"https:\/\/www.europesays.com\/fr\/196714\/"},"modified":"2025-06-22T21:35:31","modified_gmt":"2025-06-22T21:35:31","slug":"hellfest-comment-les-secouristes-sadaptent-a-la-canicule","status":"publish","type":"post","link":"https:\/\/www.europesays.com\/fr\/196714\/","title":{"rendered":"Hellfest. Comment les secouristes s\u2019adaptent \u00e0 la canicule\u00a0?"},"content":{"rendered":"<p>La journ\u00e9e de samedi s\u2019annon\u00e7ait br\u00fblante\u00a0: M\u00e9t\u00e9o France <a href=\"https:\/\/nantes.maville.com\/actu\/actudet_-canicule-en-loire-atlantique-a-quoi-s-attendre-aujourd-hui-journee-la-plus-chaude-_8-6864901_actu.Htm\" target=\"_self\" rel=\"noopener\">avait d\u00e9clench\u00e9 l\u2019alerte orange canicule<\/a> dans les Pays de la Loire, avec des temp\u00e9ratures pouvant atteindre les 38\u00a0\u00b0C. Au Hellfest, les festivaliers se sont ru\u00e9s sur les boissons softs au point d\u2019\u00e9puiser les r\u00e9serves, d\u00e9laissant les bi\u00e8res. Il fallait parfois faire la queue pendant de tr\u00e8s longues minutes en plein soleil pour esp\u00e9rer atteindre les points d\u2019eau et remplir son verre ou sa gourde.<\/p>\n<p><strong>? \u00c0 LIRE AUSSI | <\/strong> <a href=\"https:\/\/nantes.maville.com\/actu\/actudet_-hellfest-2025.-risque-attentat-vols-violences-sexuelles-les-gendarmes-sont-sur-tous-les-fronts-_8-6862969_actu.Htm\" target=\"_self\" rel=\"noopener\"> <strong>Hellfest. Risque attentat, vols, violences sexuelles : les gendarmes sont sur tous les fronts<\/strong> <\/a><\/p>\n<p>Des interventions dans la moyenne des autres ann\u00e9es<\/p>\n<p>Mais difficile de faire autrement\u00a0:\u00a0On est confront\u00e9s \u00e0 un probl\u00e8me de d\u00e9bit, explique Fr\u00e9d\u00e9ric Gu\u00e9n\u00e9, responsable op\u00e9rationnel du poste de secours sur le festival. En multipliant les points d\u2019eau, on diminue le d\u00e9bit global. Donc plus on en met, plus le filet d\u2019eau qui sort des robinets est mince, et puis l\u2019eau se r\u00e9chauffe plus vite dans les tuyaux.\u00a0<\/p>\n<p>Malgr\u00e9 tout, les secouristes ne voient pas une affluence d\u00e9bordante aux postes de secours install\u00e9s \u00e0 diff\u00e9rents endroits du site. \u00a0On devrait \u00eatre \u00e0 2\u00a0500\u00a0&#8211; 2\u00a0700\u00a0interventions, c\u2019est la moyenne des derni\u00e8res \u00e9ditions,indique Fr\u00e9d\u00e9ric Gu\u00e9n\u00e9. Les organisateurs ont pris en compte cela, e<a href=\"https:\/\/www.ouest-france.fr\/festivals\/hellfest\/video-hellfest-brumisateurs-et-rideaux-d-eau-qu-est-ce-que-ca-fait-du-bien-1f1ab03b-3b42-301e-acf6-bceab244de16\" target=\"_self\" rel=\"noopener\">n installant les rideaux d\u2019eau ou des arrosages, pour refroidir les festivaliers<\/a>. On s\u2019est aussi adapt\u00e9s de notre c\u00f4t\u00e9, par exemple avec syst\u00e8me de goutte-\u00e0-goutte, qui permet de rafra\u00eechir les personnes ayant fait un malaise en douceur.\u00a0<\/p>\n<p>\u00ab\u00a0Un public plus \u00e2g\u00e9 qui conna\u00eet ses limites\u00a0\u00bb<\/p>\n<p>Dans de tels moments, le bois du muscadet, grande surface bois\u00e9e &#8211; ce qui est plut\u00f4t rare sur les festivals ouverts &#8211; et ombrag\u00e9e, a aussi ses vertus. Pour Fr\u00e9d\u00e9ric Gu\u00e9n\u00e9, le profil des festivaliers joue aussi\u00a0: \u00a0On est sur un public plus \u00e2g\u00e9 que dans la plupart des festivals, plus aguerri, qui conna\u00eet mieux ses limites.\u00a0<\/p>\n<p>Et heureusement\u00a0: car samedi soir, <a href=\"https:\/\/nantes.maville.com\/actu\/actudet_-fete-de-la-musique-a-nantes-des-renforts-pour-eviter-que-des-gens-se-jettent-a-l-eau-_52716-6865153_actu.Htm\" target=\"_self\" rel=\"noopener\">avec la f\u00eate de la Musique au m\u00eame moment<\/a>, \u00a0les urgences de Nantes auraient \u00e9t\u00e9 mises en croix\u00a0! Ici, on filtre un maximum pour \u00e9viter le nombre d\u2019\u00e9vacuations, comme un petit h\u00f4pital de campagne. On doit \u00eatre \u00e0 une petite quinzaine d\u2019hospitalisations.\u00a0<\/p>\n<p>Ils sont 150\u00a0secouristes, exclusivement de la SNSM, \u00e0 \u00eatre d\u00e9ploy\u00e9s au Hellfest pour cette \u00e9dition 2025.\u00a0Il s\u2019agit de secouristes des centres de formation de Nantes, d\u2019Ille-et-Vilaine, de Brest et d\u2019un peu partout ailleurs, en plus d\u2019op\u00e9rationnels de stations de sauvetage\u00a0, pr\u00e9cise Fr\u00e9d\u00e9ric Gu\u00e9n\u00e9.<\/p>\n<p>\u00a0<\/p>\n","protected":false},"excerpt":{"rendered":"La journ\u00e9e de samedi s\u2019annon\u00e7ait br\u00fblante\u00a0: M\u00e9t\u00e9o France avait d\u00e9clench\u00e9 l\u2019alerte orange canicule dans les Pays de la&hellip;\n","protected":false},"author":2,"featured_media":196715,"comment_status":"","ping_status":"","sticky":false,"template":"","format":"standard","meta":{"footnotes":""},"categories":[2818],"tags":[1111,11,33611,6698,1777,674,1011,27,16501,766,12,2636,25,24389],"class_list":{"0":"post-196714","1":"post","2":"type-post","3":"status-publish","4":"format-standard","5":"has-post-thumbnail","7":"category-nantes","8":"tag-actu","9":"tag-actualites","10":"tag-adaptent","11":"tag-canicule","12":"tag-eu","13":"tag-europe","14":"tag-fr","15":"tag-france","16":"tag-hellfest","17":"tag-nantes","18":"tag-news","19":"tag-pays-de-la-loire","20":"tag-republique-francaise","21":"tag-secouristes"},"share_on_mastodon":{"url":"https:\/\/pubeurope.com\/@fr\/114729171246555983","error":""},"_links":{"self":[{"href":"https:\/\/www.europesays.com\/fr\/wp-json\/wp\/v2\/posts\/196714","targetHints":{"allow":["GET"]}}],"collection":[{"href":"https:\/\/www.europesays.com\/fr\/wp-json\/wp\/v2\/posts"}],"about":[{"href":"https:\/\/www.europesays.com\/fr\/wp-json\/wp\/v2\/types\/post"}],"author":[{"embeddable":true,"href":"https:\/\/www.europesays.com\/fr\/wp-json\/wp\/v2\/users\/2"}],"replies":[{"embeddable":true,"href":"https:\/\/www.europesays.com\/fr\/wp-json\/wp\/v2\/comments?post=196714"}],"version-history":[{"count":0,"href":"https:\/\/www.europesays.com\/fr\/wp-json\/wp\/v2\/posts\/196714\/revisions"}],"wp:featuredmedia":[{"embeddable":true,"href":"https:\/\/www.europesays.com\/fr\/wp-json\/wp\/v2\/media\/196715"}],"wp:attachment":[{"href":"https:\/\/www.europesays.com\/fr\/wp-json\/wp\/v2\/media?parent=196714"}],"wp:term":[{"taxonomy":"category","embeddable":true,"href":"https:\/\/www.europesays.com\/fr\/wp-json\/wp\/v2\/categories?post=196714"},{"taxonomy":"post_tag","embeddable":true,"href":"https:\/\/www.europesays.com\/fr\/wp-json\/wp\/v2\/tags?post=196714"}],"curies":[{"name":"wp","href":"https:\/\/api.w.org\/{rel}","templated":true}]}}