{"id":196727,"date":"2025-06-22T21:43:09","date_gmt":"2025-06-22T21:43:09","guid":{"rendered":"https:\/\/www.europesays.com\/fr\/196727\/"},"modified":"2025-06-22T21:43:09","modified_gmt":"2025-06-22T21:43:09","slug":"un-motard-de-23-ans-sest-tue-sur-le-chemin-du-littoral-a-marseille","status":"publish","type":"post","link":"https:\/\/www.europesays.com\/fr\/196727\/","title":{"rendered":"Un motard de 23 ans s&rsquo;est tu\u00e9 sur le chemin du Littoral \u00e0 Marseille"},"content":{"rendered":"<p>Un motard s&rsquo;est tu\u00e9 dimanche soir dans le 16e arrondissement de <a href=\"https:\/\/www.laprovence.com\/bouches-du-rhone\/marseille-13055\" target=\"_blank\" rel=\"nofollow noopener\">Marseille<\/a>.<\/p>\n<p>L&rsquo;accident s&rsquo;est produit peu avant 19\u00a0h\u00a030, alors que le pilote du deux-roues empruntait le <a href=\"https:\/\/www.laprovence.com\/article\/region\/1432254313916215\/installe-sur-une-route-tres-frequentee-a-marseille-ce-nouveau-radar-mobile-flashe-les-automobilistes-des-30-km-h\" target=\"_blank\" rel=\"nofollow noopener\">chemin du Littoral<\/a>.<\/p>\n<p>En arr\u00eat cardio-respiratoire \u00e0 l&rsquo;arriv\u00e9e des secours, la victime n&rsquo;a pas pu \u00eatre r\u00e9anim\u00e9e malgr\u00e9 les tentatives des <a href=\"https:\/\/www.laprovence.com\/article\/faits-divers-justice\/25965017686970\/le-bataillon-des-marins-pompiers-de-marseille-pourrait-inspirer-la-securite-civile\" target=\"_blank\" rel=\"nofollow noopener\">marins-pompiers<\/a>. \u00c2g\u00e9 de 23 ans, le jeune homme a \u00e9t\u00e9 d\u00e9clar\u00e9 d\u00e9c\u00e9d\u00e9 peu apr\u00e8s.<\/p>\n<p>Un axe limit\u00e9 \u00e0 50\u00a0km\/h<\/p>\n<p>Les premi\u00e8res constatations et les images de vid\u00e9osurveillance indiqueraient que le motocycliste aurait perdu le contr\u00f4le de son engin en voulant doubler des v\u00e9hicules, avant un virage mal n\u00e9goci\u00e9, puis une collision fatale avec une borne anti-stationnement.<\/p>\n<p>Une enqu\u00eate de police a \u00e9t\u00e9 ouverte pour d\u00e9terminer les circonstances et les causes exactes de cet accident mortel.<\/p>\n<p>En mai dernier, apr\u00e8s avoir fait installer un <a href=\"https:\/\/www.laprovence.com\/article\/region\/1432254313916215\/installe-sur-une-route-tres-frequentee-a-marseille-ce-nouveau-radar-mobile-flashe-les-automobilistes-des-30-km-h\" target=\"_blank\" rel=\"nofollow noopener\">radar de chantier<\/a> sur le chemin des Goudes (8e), la pr\u00e9fecture avait annonc\u00e9 la mise en place prochaine d&rsquo;un autre radar mobile, cette fois sur le chemin du Littoral, o\u00f9 la vitesse est limit\u00e9e \u00e0 50\u00a0km\/h.<\/p>\n<p>Il devrait \u00eatre situ\u00e9 non loin des lieux de l&rsquo;accident qui, en 2024, avait co\u00fbt\u00e9 la vie \u00e0 3 personnes, dont une avait \u00e9t\u00e9 d\u00e9capit\u00e9e, sous la violence du choc, et dont l&rsquo;accident mortel de ce 22\u00a0juin 2025 vient d&rsquo;alourdir le bilan.<\/p>\n","protected":false},"excerpt":{"rendered":"Un motard s&rsquo;est tu\u00e9 dimanche soir dans le 16e arrondissement de Marseille. L&rsquo;accident s&rsquo;est produit peu avant 19\u00a0h\u00a030,&hellip;\n","protected":false},"author":2,"featured_media":196728,"comment_status":"","ping_status":"","sticky":false,"template":"","format":"standard","meta":{"footnotes":""},"categories":[2814],"tags":[17,1111,11,1764,20837,1777,674,274,1011,27,3135,884,3914,12,882,25,17395,3356,5911],"class_list":{"0":"post-196727","1":"post","2":"type-post","3":"status-publish","4":"format-standard","5":"has-post-thumbnail","7":"category-marseille","8":"tag-17","9":"tag-actu","10":"tag-actualites","11":"tag-ans","12":"tag-chemin","13":"tag-eu","14":"tag-europe","15":"tag-faits-divers-justice","16":"tag-fr","17":"tag-france","18":"tag-littoral","19":"tag-marseille","20":"tag-motard","21":"tag-news","22":"tag-provence-alpes-cote-dazur","23":"tag-republique-francaise","24":"tag-sest","25":"tag-sur","26":"tag-tue"},"share_on_mastodon":{"url":"https:\/\/pubeurope.com\/@fr\/114729203239424204","error":""},"_links":{"self":[{"href":"https:\/\/www.europesays.com\/fr\/wp-json\/wp\/v2\/posts\/196727","targetHints":{"allow":["GET"]}}],"collection":[{"href":"https:\/\/www.europesays.com\/fr\/wp-json\/wp\/v2\/posts"}],"about":[{"href":"https:\/\/www.europesays.com\/fr\/wp-json\/wp\/v2\/types\/post"}],"author":[{"embeddable":true,"href":"https:\/\/www.europesays.com\/fr\/wp-json\/wp\/v2\/users\/2"}],"replies":[{"embeddable":true,"href":"https:\/\/www.europesays.com\/fr\/wp-json\/wp\/v2\/comments?post=196727"}],"version-history":[{"count":0,"href":"https:\/\/www.europesays.com\/fr\/wp-json\/wp\/v2\/posts\/196727\/revisions"}],"wp:featuredmedia":[{"embeddable":true,"href":"https:\/\/www.europesays.com\/fr\/wp-json\/wp\/v2\/media\/196728"}],"wp:attachment":[{"href":"https:\/\/www.europesays.com\/fr\/wp-json\/wp\/v2\/media?parent=196727"}],"wp:term":[{"taxonomy":"category","embeddable":true,"href":"https:\/\/www.europesays.com\/fr\/wp-json\/wp\/v2\/categories?post=196727"},{"taxonomy":"post_tag","embeddable":true,"href":"https:\/\/www.europesays.com\/fr\/wp-json\/wp\/v2\/tags?post=196727"}],"curies":[{"name":"wp","href":"https:\/\/api.w.org\/{rel}","templated":true}]}}