{"id":196734,"date":"2025-06-22T21:48:10","date_gmt":"2025-06-22T21:48:10","guid":{"rendered":"https:\/\/www.europesays.com\/fr\/196734\/"},"modified":"2025-06-22T21:48:10","modified_gmt":"2025-06-22T21:48:10","slug":"quelles-perturbations-prevoir-pour-la-ratp-et-la-sncf-cette-semaine-15","status":"publish","type":"post","link":"https:\/\/www.europesays.com\/fr\/196734\/","title":{"rendered":"Quelles perturbations pr\u00e9voir pour la RATP et la SNCF cette semaine ?"},"content":{"rendered":"<p><strong>TRANSPORTS &#8211; Du lundi 23 au dimanche 29 juin 2025, plusieurs changements sont \u00e0 pr\u00e9voir sur les lignes parisiennes et franciliennes. Voici l&rsquo;essentiel d&rsquo;entre eux<\/strong><\/p>\n<p>Les vacances scolaires approchent et le trafic dans les transports en commun parisiens et francieliens est perturb\u00e9 cette semaine. Du lundi 23 au dimanche 29 juin 2025, de nombreux changements sont \u00e0 pr\u00e9voir.<\/p>\n<p>Les perturbations RATP et SNCF cette semaine \u00e0 Paris et en \u00cele-de-FranceM\u00e9tro<\/p>\n<ul class=\"caas-list caas-list-bullet\">\n<li>\n<p>Ligne 3 : du samedi 28 juin au 3 ao\u00fbt, le trafic est interrompu entre <a href=\"https:\/\/www.20minutes.fr\/culture\/opera\/?at_medium=RSS%20feed&amp;at_campaign=ynews&amp;utm_source=yahoo&amp;utm_medium=rss&amp;utm_campaign=news_feed&amp;utm_content=in_article_link\" rel=\"nofollow noopener\" target=\"_blank\" data-ylk=\"slk:Op\u00e9ra;elm:context_link;itc:0;sec:content-canvas\" class=\"link \">Op\u00e9ra<\/a> et Gallieni (travaux). Des bus de remplacement seront mis en place entre R\u00e9publique et Gallieni.<\/p>\n<\/li>\n<li>\n<p>Ligne 14 : Jusqu\u2019au 23 juillet, le mercredi \u00e0 partir de 22 heures, le trafic est interrompu sur l\u2019ensemble de la ligne (travaux). Le dimanche 29 juin, le trafic sera interrompu sur l\u2019ensemble de la ligne (travaux). Des bus de remplacement seront mis en place entre Gare de Lyon et Olympiades.<\/p>\n<\/li>\n<\/ul>\n<p>RER<\/p>\n<ul class=\"caas-list caas-list-bullet\">\n<li>\n<p>RER A : du lundi 23 au vendredi 27 juin, d\u00e8s 22 heures, le trafic est interrompu entre Nanterre\u2013Pr\u00e9fecture et Ach\u00e8res\u2013Ville et Poissy (travaux).<\/p>\n<\/li>\n<li>\n<p><a href=\"https:\/\/www.20minutes.fr\/dossier\/rer_b?at_medium=RSS%20feed&amp;at_campaign=ynews&amp;utm_source=yahoo&amp;utm_medium=rss&amp;utm_campaign=news_feed&amp;utm_content=in_article_link\" rel=\"nofollow noopener\" target=\"_blank\" data-ylk=\"slk:RER B;elm:context_link;itc:0;sec:content-canvas\" class=\"link \">RER B<\/a> : jusqu\u2019au 10 juillet, du lundi au vendredi d\u00e8s 22h45, le trafic sera interrompu entre Gare du Nord et A\u00e9roport Charles de Gaulle 2\u2013TGV via Mitry\u2013Claye (travaux). Des bus de remplacement seront mis en place.<\/p>\n<\/li>\n<\/ul>\n<p>RER C : jusqu\u2019au 30 juin, l\u2019arr\u00eat n\u2019est pas desservi \u00e0 Issy vers Versailles Ch\u00e2teau Rive Gauche et Saint-Quentin en Yvelines \u2013 Montigny-le-Bretonneux en raison de mesures de s\u00e9curit\u00e9. Samedi 28 juin, le trafic sera interrompu entre Paris Austerlitz et Dourdan \/Saint-Martin d\u2019Etampes. Des bus de remplacement seront mis en place (travaux). Du lundi 23 au vendredi 27 juin, le traf(&#8230;)<\/p>\n<p><a href=\"https:\/\/www.20minutes.fr\/paris\/4159812-20250622-paris-ile-france-perturbations-prevoir-ratp-sncf-semaine?at_medium=RSS%20feed&amp;at_campaign=ynews&amp;utm_source=yahoo&amp;utm_medium=rss&amp;utm_campaign=news_feed&amp;utm_content=read_more_link\" rel=\"nofollow noopener\" target=\"_blank\" data-ylk=\"slk:Lire la suite sur 20minutes;elm:context_link;itc:0;sec:content-canvas\" class=\"link \">Lire la suite sur 20minutes<\/a><\/p>\n<p>\u00c0 lire aussi :<br \/><a href=\"https:\/\/www.20minutes.fr\/societe\/4159349-20250619-train-dix-centimes-ecart-billet-prennent-100-euros-amende?at_medium=RSS%20feed&amp;at_campaign=ynews&amp;utm_source=yahoo&amp;utm_medium=rss&amp;utm_campaign=news_feed&amp;utm_content=related_content_link\" rel=\"nofollow noopener\" target=\"_blank\" data-ylk=\"slk:Train : Pour dix centimes d\u2019\u00e9cart sur leur billet, ils prennent 100 euros d\u2019amende;elm:context_link;itc:0;sec:content-canvas\" class=\"link \">Train : Pour dix centimes d\u2019\u00e9cart sur leur billet, ils prennent 100 euros d\u2019amende<\/a><br \/><a href=\"https:\/\/www.20minutes.fr\/paris\/4157903-20250611-sncf-retour-chartres-jeune-pelerin-verbalise-avoir-chante-gare-montparnasse?at_medium=RSS%20feed&amp;at_campaign=ynews&amp;utm_source=yahoo&amp;utm_medium=rss&amp;utm_campaign=news_feed&amp;utm_content=related_content_link\" rel=\"nofollow noopener\" target=\"_blank\" data-ylk=\"slk:SNCF : De retour de Chartres, un jeune p\u00e8lerin verbalis\u00e9 pour avoir chant\u00e9 en gare de Montparnasse;elm:context_link;itc:0;sec:content-canvas\" class=\"link \">SNCF : De retour de Chartres, un jeune p\u00e8lerin verbalis\u00e9 pour avoir chant\u00e9 en gare de Montparnasse<\/a><\/p>\n","protected":false},"excerpt":{"rendered":"TRANSPORTS &#8211; Du lundi 23 au dimanche 29 juin 2025, plusieurs changements sont \u00e0 pr\u00e9voir sur les lignes&hellip;\n","protected":false},"author":2,"featured_media":196735,"comment_status":"","ping_status":"","sticky":false,"template":"","format":"standard","meta":{"footnotes":""},"categories":[1592],"tags":[1111,11,4191,1777,674,1011,27,662,12,626,25,31629,2215],"class_list":{"0":"post-196734","1":"post","2":"type-post","3":"status-publish","4":"format-standard","5":"has-post-thumbnail","7":"category-ile-de-france","8":"tag-actu","9":"tag-actualites","10":"tag-aeroport-charles-de-gaulle","11":"tag-eu","12":"tag-europe","13":"tag-fr","14":"tag-france","15":"tag-ile-de-france","16":"tag-news","17":"tag-paris","18":"tag-republique-francaise","19":"tag-saint-quentin-en-yvelines","20":"tag-sncf"},"share_on_mastodon":{"url":"https:\/\/pubeurope.com\/@fr\/114729222393224639","error":""},"_links":{"self":[{"href":"https:\/\/www.europesays.com\/fr\/wp-json\/wp\/v2\/posts\/196734","targetHints":{"allow":["GET"]}}],"collection":[{"href":"https:\/\/www.europesays.com\/fr\/wp-json\/wp\/v2\/posts"}],"about":[{"href":"https:\/\/www.europesays.com\/fr\/wp-json\/wp\/v2\/types\/post"}],"author":[{"embeddable":true,"href":"https:\/\/www.europesays.com\/fr\/wp-json\/wp\/v2\/users\/2"}],"replies":[{"embeddable":true,"href":"https:\/\/www.europesays.com\/fr\/wp-json\/wp\/v2\/comments?post=196734"}],"version-history":[{"count":0,"href":"https:\/\/www.europesays.com\/fr\/wp-json\/wp\/v2\/posts\/196734\/revisions"}],"wp:featuredmedia":[{"embeddable":true,"href":"https:\/\/www.europesays.com\/fr\/wp-json\/wp\/v2\/media\/196735"}],"wp:attachment":[{"href":"https:\/\/www.europesays.com\/fr\/wp-json\/wp\/v2\/media?parent=196734"}],"wp:term":[{"taxonomy":"category","embeddable":true,"href":"https:\/\/www.europesays.com\/fr\/wp-json\/wp\/v2\/categories?post=196734"},{"taxonomy":"post_tag","embeddable":true,"href":"https:\/\/www.europesays.com\/fr\/wp-json\/wp\/v2\/tags?post=196734"}],"curies":[{"name":"wp","href":"https:\/\/api.w.org\/{rel}","templated":true}]}}