{"id":196762,"date":"2025-06-22T22:02:13","date_gmt":"2025-06-22T22:02:13","guid":{"rendered":"https:\/\/www.europesays.com\/fr\/196762\/"},"modified":"2025-06-22T22:02:13","modified_gmt":"2025-06-22T22:02:13","slug":"euro-espoirs-le-tableau-des-demi-finales-avec-la-france","status":"publish","type":"post","link":"https:\/\/www.europesays.com\/fr\/196762\/","title":{"rendered":"Euro Espoirs : le tableau des demi-finales avec la France"},"content":{"rendered":"<p class=\"paragraph text_align_left lp-f-body-02\"><a href=\"https:\/\/www.leparisien.fr\/sports\/football\/euro-espoirs-les-bleuets-qualifies-en-demi-finale-apres-avoir-renverse-le-danemark-en-deux-minutes-22-06-2025-VTENUJL4INCE7NBDAEPCFM4WQM.php\" target=\"_self\" rel=\"noopener\">Vainqueurs 3-2 dans les derni\u00e8res minutes<\/a> du Danemark gr\u00e2ce \u00e0 Mathys Tel, les <a href=\"https:\/\/www.leparisien.fr\/sports\/football\/equipe-de-france\/\" target=\"_blank\" rel=\"noreferrer noopener\">Bleuets <\/a>affronteront l\u2019Allemagne en demi-finale de l\u2019Euro Espoirs \u00e0 Kosice en Slovaquie ce mercredi 25 juin. Apr\u00e8s un parcours r\u00e9ussi, la formation de <a href=\"https:\/\/www.leparisien.fr\/sports\/football\/equipe-de-france\/football-gerald-baticle-prolonge-a-la-tete-de-lequipe-de-france-espoirs-en-plein-euro-20-06-2025-5EXIZQXYNJCVZC33GXMGAY5XYE.php\" target=\"_self\" rel=\"noopener\">G\u00e9rald Baticle<\/a> a montr\u00e9 ses qualit\u00e9s et m\u00e9rit\u00e9 de se qualifier en demi-finale de la comp\u00e9tition.<\/p>\n<p class=\"paragraph text_align_left lp-f-body-02\">Face \u00e0 elle, la Nationalmannschaft a fini par s\u2019extirper du pi\u00e8ge italien. Devants \u00e0 quelques secondes de la fin du match (2-1) et \u00e0 onze contre neuf, les Allemands ont encaiss\u00e9 un coup-franc direct par Ambrosino (2-2). En prolongation, la sup\u00e9riorit\u00e9 num\u00e9rique a fait la diff\u00e9rence (3-2) et la formation allemande a rejoint les demi-finales.<\/p>\n<blockquote class=\"twitter-tweet\">\n<p lang=\"fr\" dir=\"ltr\">\ud835\udc6a\ud835\udc6c\ud835\udc7a \ud835\udc69\ud835\udc73\ud835\udc6c\ud835\udc7c\ud835\udc6c\ud835\udc7b\ud835\udc7a \ud835\udc7a\ud835\udc76\ud835\udc75\ud835\udc7b \ud835\udc6c\ud835\udc7f\ud835\udc6a\ud835\udc6c\ud835\udc77\ud835\udc7b\ud835\udc70\ud835\udc76\ud835\udc75\ud835\udc75\ud835\udc6c\ud835\udc73\ud835\udc7a ! \ud83d\udd25\ud83d\udd25 \ud83d\udd25<\/p>\n<p>Victoire 3-2 face au Danemark avec 2 buts dans les 6 derni\u00e8res minutes ! \ud83e\udd2f<\/p>\n<p>Les Espoirs sont en \ud835\udc6b\ud835\udc6c\ud835\udc74\ud835\udc70-\ud835\udc6d\ud835\udc70\ud835\udc75\ud835\udc68\ud835\udc73\ud835\udc6c de l\u2019Euro \ud83c\uddeb\ud83c\uddf7\ud83d\ude4c<a href=\"https:\/\/twitter.com\/hashtag\/U21EURO?src=hash&amp;ref_src=twsrc%5Etfw\" target=\"_blank\" rel=\"noopener\">#U21EURO<\/a> <a href=\"https:\/\/t.co\/N30wycNLP7\">pic.twitter.com\/N30wycNLP7<\/a><\/p>\n<p>\u2014 Equipe de France \u2b50\u2b50 (@equipedefrance) <a href=\"https:\/\/twitter.com\/equipedefrance\/status\/1936845140582093047?ref_src=twsrc%5Etfw\" target=\"_blank\" rel=\"noopener\">June 22, 2025<\/a><\/p><\/blockquote>\n<p class=\"paragraph text_align_left lp-f-body-02\">De l\u2019autre c\u00f4t\u00e9, de tr\u00e8s grosses nations sont pr\u00e9sentes \u00e0 ce stade de la comp\u00e9tition. L\u2019Angleterre \u00e9videmment avec sa victoire 3-1 contre l\u2019Espagne, fait figure de favori. En face de l\u2019Angleterre, les Pays-Bas ont dispos\u00e9 du Portugal (1-0), l\u00e0 o\u00f9 les Fran\u00e7ais avaient conc\u00e9d\u00e9 le match nul<a href=\"https:\/\/www.leparisien.fr\/sports\/football\/france-portugal-0-0-un-sauvetage-genial-de-lukeba-preserve-le-nul-des-bleuets-a-leuro-espoirs-11-06-2025-PPKS2WKVNVEU5IBXVXBJTUT5NI.php\" target=\"_self\" rel=\"noopener\"> (0-0)<\/a>.<\/p>\n<p class=\"paragraph text_align_left lp-f-body-02\"><b>Les demi-finales de l\u2019Euro Espoirs 2025 :<\/b><\/p>\n<p class=\"paragraph text_align_left lp-f-body-02\">Angleterre &#8211; Pays-Bas : 25 juin (\u00e0 18 heures) \u00e0 Bratislava<\/p>\n<p class=\"paragraph text_align_left lp-f-body-02\">Allemagne &#8211; France : 25 juin (\u00e0 21 heures) \u00e0 Kosice<\/p>\n<p><script async src=\"https:\/\/platform.twitter.com\/widgets.js\" charset=\"utf-8\"><\/script><\/p>\n","protected":false},"excerpt":{"rendered":"Vainqueurs 3-2 dans les derni\u00e8res minutes du Danemark gr\u00e2ce \u00e0 Mathys Tel, les Bleuets affronteront l\u2019Allemagne en demi-finale&hellip;\n","protected":false},"author":2,"featured_media":196763,"comment_status":"","ping_status":"","sticky":false,"template":"","format":"standard","meta":{"footnotes":""},"categories":[4],"tags":[11,27345,63,1011,27,12,25,60],"class_list":{"0":"post-196762","1":"post","2":"type-post","3":"status-publish","4":"format-standard","5":"has-post-thumbnail","7":"category-france","8":"tag-actualites","9":"tag-equipe_france_foot","10":"tag-football","11":"tag-fr","12":"tag-france","13":"tag-news","14":"tag-republique-francaise","15":"tag-sports"},"share_on_mastodon":{"url":"https:\/\/pubeurope.com\/@fr\/114729277494367155","error":""},"_links":{"self":[{"href":"https:\/\/www.europesays.com\/fr\/wp-json\/wp\/v2\/posts\/196762","targetHints":{"allow":["GET"]}}],"collection":[{"href":"https:\/\/www.europesays.com\/fr\/wp-json\/wp\/v2\/posts"}],"about":[{"href":"https:\/\/www.europesays.com\/fr\/wp-json\/wp\/v2\/types\/post"}],"author":[{"embeddable":true,"href":"https:\/\/www.europesays.com\/fr\/wp-json\/wp\/v2\/users\/2"}],"replies":[{"embeddable":true,"href":"https:\/\/www.europesays.com\/fr\/wp-json\/wp\/v2\/comments?post=196762"}],"version-history":[{"count":0,"href":"https:\/\/www.europesays.com\/fr\/wp-json\/wp\/v2\/posts\/196762\/revisions"}],"wp:featuredmedia":[{"embeddable":true,"href":"https:\/\/www.europesays.com\/fr\/wp-json\/wp\/v2\/media\/196763"}],"wp:attachment":[{"href":"https:\/\/www.europesays.com\/fr\/wp-json\/wp\/v2\/media?parent=196762"}],"wp:term":[{"taxonomy":"category","embeddable":true,"href":"https:\/\/www.europesays.com\/fr\/wp-json\/wp\/v2\/categories?post=196762"},{"taxonomy":"post_tag","embeddable":true,"href":"https:\/\/www.europesays.com\/fr\/wp-json\/wp\/v2\/tags?post=196762"}],"curies":[{"name":"wp","href":"https:\/\/api.w.org\/{rel}","templated":true}]}}