{"id":196776,"date":"2025-06-22T22:12:34","date_gmt":"2025-06-22T22:12:34","guid":{"rendered":"https:\/\/www.europesays.com\/fr\/196776\/"},"modified":"2025-06-22T22:12:34","modified_gmt":"2025-06-22T22:12:34","slug":"diana-blois-familles-nombreuses-inquiete-pour-sa-fille-lola-qui-manque-de-confiance-en-elle","status":"publish","type":"post","link":"https:\/\/www.europesays.com\/fr\/196776\/","title":{"rendered":"Diana Blois (Familles nombreuses) inqui\u00e8te pour sa fille Lola qui manque de confiance en elle"},"content":{"rendered":"<p class=\"articleContent-meta\">\n        Hier \u00e0 17:30 &#8211; par             Aur\u00e9lie Hagopian<\/p>\n<p>                    Tweeter<\/p>\n<p>                    Partager sur Facebook<\/p>\n<p>                        <img decoding=\"async\" src=\"https:\/\/www.europesays.com\/fr\/wp-content\/uploads\/2025\/06\/diana-blois-familles-nombreuses-evoque-le-plus-gros-regret-de-sa-vie.jpg\" alt=\"Player Video\" class=\"player-applyRatio poster exclude-seedtag\"\/><\/p>\n<p>Dans sa story Instagram, Diana Blois a fait savoir qu&rsquo;elle \u00e9tait inqui\u00e8te pour sa fille qui n&rsquo;a pas confiance en elle. La jeune Lola se d\u00e9nigre sans cesse et pour l&rsquo;ancienne candidate de Familles nombreuses, c&rsquo;est un vrai combat.<\/p>\n<p>C&rsquo;est loin de l&rsquo;\u00e9mission Familles nombreuses que Diana Blois partage d\u00e9sormais son quotidien. Sur son compte Instagram, la m\u00e8re de famille raconte les moments de joie pass\u00e9s avec sa tribu ou encore ses m\u00e9saventures. Il y a quelques semaines, <a href=\"https:\/\/www.programme.tv\/news\/actu\/262502-c-est-un-bilan-mitige-diana-blois-familles-nombreuses-decue-d-une-partie-des-travaux-realises-dans-son-jardin\/\" target=\"_blank\" rel=\"noopener\">elle a par exemple r\u00e9v\u00e9l\u00e9 \u00eatre assez d\u00e9\u00e7ue des travaux faits dans son jardin<\/a>, avant de r\u00e9v\u00e9ler qu&rsquo;<a href=\"https:\/\/www.programme.tv\/news\/actu\/263134-jai-decide-darreter-diana-blois-familles-nombreuses-prend-une-decision-radicale-au-sujet-de-sa-passion-pour-la-danse\/\" target=\"_blank\" rel=\"noopener\">elle avait d\u00e9cid\u00e9 d&rsquo;arr\u00eater la danse<\/a>. Une passion qu&rsquo;elle a depuis de nombreuses ann\u00e9es et qu&rsquo;elle a r\u00e9ussi \u00e0 transmettre \u00e0 ses filles, dont Lola, qui vient de faire son premier spectacle.<\/p>\n<p>Diana Blois (Familles nombreuses) \u00e9voque le manque de confiance de sa fille Lola<\/p>\n<p>En d\u00e9couvrant sa fille sur sc\u00e8ne, Diana Blois a tout film\u00e9 et, contre toute attente, en voyant Lola coiff\u00e9e et maquill\u00e9e, elle a eu du mal \u00e0 la reconna\u00eetre. Une fois le spectacle termin\u00e9, la maman a f\u00e9licit\u00e9<a href=\"https:\/\/www.programme.tv\/news\/actu\/262860-lannee-prochaine-elles-ne-seront-pas-a-la-maison-diana-blois-familles-nombreuses-prend-la-parole-sur-ses-filles\/\" target=\"_blank\" rel=\"noopener\"> sa fille, qui va quitter la maison familiale d\u00e8s la rentr\u00e9e prochaine.<\/a> Les stories de Diana Blois ont rapidement fait r\u00e9agir les internautes, qui ont fait savoir \u00e0 Lola qu&rsquo;elle \u00e9tait \u00ab\u00a0une bombasse\u00a0\u00bb et qu&rsquo;elle ne devrait plus jamais douter d&rsquo;elle. Des mots qui ont fait r\u00e9agir Diana Blois : \u00ab\u00a0Effectivement Lola et sa confiance en elle, c&rsquo;est un sujet tr\u00e8s complexe !! <b>Elle met toutes les personnes qui l&rsquo;entourent et qu&rsquo;elle aime sur un pi\u00e9destal&#8230; Elle se d\u00e9nigre sans cesse sur elle, son corps, ses capacit\u00e9s&#8230; et je me bats contre \u00e7a ! <\/b>Et quand j&rsquo;ai ouvert quelques-uns de vos messages, \u00e7a m&rsquo;a rassur\u00e9e ! Elle est magnifique et elle g\u00e8re !!!\u00a0\u00bb<\/p>\n<p>                                Diana Blois (Familles nombreuses) fait une jolie d\u00e9claration d&rsquo;amour \u00e0 sa fille<\/p>\n<p>Dans un deuxi\u00e8me temps, Diana Blois s&rsquo;est adress\u00e9e \u00e0 sa fille en lui faisant une tr\u00e8s belle d\u00e9claration d&rsquo;amour. \u00ab\u00a0Alors si ma Lola tu passes par l\u00e0, je te le r\u00e9p\u00e8te devant 224 000 personnes&#8230; Tu es magnifique ma ch\u00e9rie ! <b>\u00c9lever ceux qui t&rsquo;entourent c&rsquo;est beau et c&rsquo;est tout \u00e0 ton honneur, mais ne t&rsquo;oublie pas ! <\/b>Tu es une merveilleuse jeune fille !! J&rsquo;en ai pleur\u00e9 ce soir de te voir si belle, si grande, si dou\u00e9e et je suis si fi\u00e8re de toi !!!\u00a0\u00bb, lui a-t-elle dit.<\/p>\n<p>Article \u00e9crit avec la collaboration de 6m\u00e9dias.<\/p>\n<p>Rejoignez-nous sur Google News !<\/p>\n<p class=\"articleContent-pushTagline\">Abonnez-vous \u00e0 <a href=\"https:\/\/news.google.com\/publications\/CAAiEJwr-IZFXDFoZD1ePbkC_VcqFAgKIhCcK_iGRVwxaGQ9Xj25Av1X\" target=\"_blank\" rel=\"noopener\">T\u00e9l\u00e9 2 semaines sur Google News<\/a> pour ne manquer aucune info !<\/p>\n","protected":false},"excerpt":{"rendered":"Hier \u00e0 17:30 &#8211; par Aur\u00e9lie Hagopian Tweeter Partager sur Facebook Dans sa story Instagram, Diana Blois a&hellip;\n","protected":false},"author":2,"featured_media":196777,"comment_status":"","ping_status":"","sticky":false,"template":"","format":"standard","meta":{"footnotes":""},"categories":[1359],"tags":[19647,33612,58,59,33613,4980,1011,27,973,3604],"class_list":{"0":"post-196776","1":"post","2":"type-post","3":"status-publish","4":"format-standard","5":"has-post-thumbnail","7":"category-people","8":"tag-chez-jordan","9":"tag-diana-blois","10":"tag-divertissement","11":"tag-entertainment","12":"tag-famille-blois","13":"tag-familles-nombreuses-la-vie-en-xxl","14":"tag-fr","15":"tag-france","16":"tag-people","17":"tag-tu00e9lu00e9-ru00e9alitu00e9"},"share_on_mastodon":{"url":"https:\/\/pubeurope.com\/@fr\/114729317356460321","error":""},"_links":{"self":[{"href":"https:\/\/www.europesays.com\/fr\/wp-json\/wp\/v2\/posts\/196776","targetHints":{"allow":["GET"]}}],"collection":[{"href":"https:\/\/www.europesays.com\/fr\/wp-json\/wp\/v2\/posts"}],"about":[{"href":"https:\/\/www.europesays.com\/fr\/wp-json\/wp\/v2\/types\/post"}],"author":[{"embeddable":true,"href":"https:\/\/www.europesays.com\/fr\/wp-json\/wp\/v2\/users\/2"}],"replies":[{"embeddable":true,"href":"https:\/\/www.europesays.com\/fr\/wp-json\/wp\/v2\/comments?post=196776"}],"version-history":[{"count":0,"href":"https:\/\/www.europesays.com\/fr\/wp-json\/wp\/v2\/posts\/196776\/revisions"}],"wp:featuredmedia":[{"embeddable":true,"href":"https:\/\/www.europesays.com\/fr\/wp-json\/wp\/v2\/media\/196777"}],"wp:attachment":[{"href":"https:\/\/www.europesays.com\/fr\/wp-json\/wp\/v2\/media?parent=196776"}],"wp:term":[{"taxonomy":"category","embeddable":true,"href":"https:\/\/www.europesays.com\/fr\/wp-json\/wp\/v2\/categories?post=196776"},{"taxonomy":"post_tag","embeddable":true,"href":"https:\/\/www.europesays.com\/fr\/wp-json\/wp\/v2\/tags?post=196776"}],"curies":[{"name":"wp","href":"https:\/\/api.w.org\/{rel}","templated":true}]}}