{"id":196778,"date":"2025-06-22T22:13:14","date_gmt":"2025-06-22T22:13:14","guid":{"rendered":"https:\/\/www.europesays.com\/fr\/196778\/"},"modified":"2025-06-22T22:13:14","modified_gmt":"2025-06-22T22:13:14","slug":"8-galeries-de-design-incontournables-a-paris","status":"publish","type":"post","link":"https:\/\/www.europesays.com\/fr\/196778\/","title":{"rendered":"8 galeries de design incontournables \u00e0 Paris"},"content":{"rendered":"<p class=\"editor-content__paragraph\">C\u2019est un fait\u00a0:<strong> le design<\/strong> s\u00e9duit de plus en plus de collectionneurs d\u2019art. En r\u00e9ponse \u00e0 cet engouement, <strong> les galeries<\/strong> affinent leur offre\u00a0: certaines<strong> brouillent les fronti\u00e8res<\/strong> entre art et design, d\u2019autres <strong>se sp\u00e9cialisent<\/strong> sur un mouvement, une p\u00e9riode ou une signature.<\/p>\n<p class=\"editor-content__paragraph\">Ces <strong>huit adresses<\/strong> s\u00e9lectionn\u00e9es dressent un panorama riche du <strong>design \u00e0 Paris<\/strong>. Derri\u00e8re leurs vitrines se d\u00e9voilent des <strong>pi\u00e8ces de collection<\/strong> sign\u00e9es de grands noms comme des<strong> nouveaut\u00e9s<\/strong> qui pr\u00f4nent l\u2019innovation. Un appel au coup de c\u0153ur\u00a0!<\/p>\n<p>Galerie kreo, le laboratoire des designers contemporains<\/p>\n<p>    <img loading=\"lazy\" decoding=\"async\" class=\"image__img\" src=\"https:\/\/www.europesays.com\/fr\/wp-content\/uploads\/2025\/06\/web04_galerie-kreo-ronan-bouroullec--alexandra-de-cossette-courtesy-galerie-kreo-964x643.jpg\" alt=\"Exposition de Ronan Bouroullec \u00e0 la galerie kreo \u00e0 Paris\" width=\"964\" height=\"643\"\/><\/p>\n<p>Exposition de Ronan Bouroullec \u00e0 la galerie kreo \u00e0 Paris<\/p>\n<p>    i<\/p>\n<p class=\"legende__cartel\">\u00a9 Alexandra De Cossette \/ Courtesy Galerie Kreo<\/p>\n<p class=\"editor-content__paragraph\"><a href=\"https:\/\/www.beauxarts.com\/grand-format\/ron-arad-je-voue-un-culte-au-porte-bouteilles-de-marcel-duchamp\/\" target=\"_blank\" rel=\"noopener\">Ron Arad<\/a>, Marc Newson, Hella Jongerius, Konstantin Grcic ou Jaime Hayon\u2026 Ils ont tous collabor\u00e9 avec la galerie kreo, <strong>star du milieu et v\u00e9ritable \u00ab\u00a0laboratoire de recherche\u00a0\u00bb<\/strong> fond\u00e9 en 1999\u00a0par Cl\u00e9mence et Didier Krzentowski. Leur concept\u00a0? Produire des <strong>pi\u00e8ces en s\u00e9ries limit\u00e9es<\/strong> qui sont cr\u00e9\u00e9es exclusivement pour la galerie. Les fr\u00e8res Bouroullec ont ainsi pu dessiner leurs \u00e9tag\u00e8res \u00ab\u00a0Roches\u00a0\u00bb d\u00e9sormais int\u00e9gr\u00e9es \u00e0 la collection permanente du mus\u00e9e de Tel-Aviv. Un<strong> lieu incontournable<\/strong> du design contemporain, donc, \u00e0 visiter dans la tr\u00e8s pris\u00e9e <strong>rue Dauphine<\/strong>.<\/p>\n<p class=\"annexe-content__infos\">31 Rue Dauphine \u2022 75006 Paris<br \/><a href=\"https:\/\/www.galeriekreo.com\/\" target=\"_blank\" rel=\"noopener\">www.galeriekreo.com<\/a><\/p>\n<p>Galerie Patrick Seguin, l\u2019expert du mobilier fran\u00e7ais d\u2019apr\u00e8s-guerre<\/p>\n<p>    <img loading=\"lazy\" decoding=\"async\" class=\"image__img\" src=\"https:\/\/www.europesays.com\/fr\/wp-content\/uploads\/2025\/06\/webgalerie-patrick-seguin-05-964x644.jpg\" alt=\"Galerie Patrick Seguin, Paris\" width=\"964\" height=\"644\"\/><\/p>\n<p>Galerie Patrick Seguin, Paris<\/p>\n<p>    i<\/p>\n<p class=\"legende__cartel\">\u00a9 Galerie Patrick Seguin<\/p>\n<p class=\"editor-content__paragraph\">Derri\u00e8re une fa\u00e7ade noire et carr\u00e9e, un<strong> espace de 300\u00a0m2\u00a0 baign\u00e9 de lumi\u00e8re<\/strong>, con\u00e7u par les Ateliers Jean Nouvel pour accueillir les pi\u00e8ces de designers d\u2019apr\u00e8s-guerre \u2013 <strong><a href=\"https:\/\/www.beauxarts.com\/grand-format\/charlotte-perriand-en-2-minutes\/\" target=\"_blank\" rel=\"noopener\">Charlotte Perriand<\/a>, Pierre Jeanneret, <a href=\"https:\/\/www.beauxarts.com\/grand-format\/le-corbusier-en-2-minutes\/\" target=\"_blank\" rel=\"noopener\">Le Corbusier<\/a><\/strong>, Jean Roy\u00e8re ou encore <a href=\"https:\/\/www.beauxarts.com\/lifestyle\/le-fauteuil-kangourou-de-jean-prouve-quand-la-fantaisie-epouse-le-rationalisme\/\" target=\"_blank\" rel=\"noopener\">Jean Prouv\u00e9<\/a>, dont le galeriste Patrick Seguin est un sp\u00e9cialiste. L\u2019hommage est total\u00a0: on se croirait dans une ancienne usine r\u00e9habilit\u00e9e, <strong>\u00e9pur\u00e9e et minimaliste<\/strong>, o\u00f9 dialoguent des pi\u00e8ces modernistes. Avant de sortir, prenez le temps de feuilleter les monographies \u00e9dit\u00e9es par la galerie, qui retracent le destin de ces <strong>figures majeures de l\u2019histoire du design<\/strong>.<\/p>\n<p>  Arrow<\/p>\n<p>Galerie Patrick Seguin<\/p>\n<p class=\"annexe-content__infos\">5 Rue des Taillandiers \u2022 75011 Paris<br \/><a href=\"https:\/\/www.patrickseguin.com\/fr\/\" target=\"_blank\" rel=\"noopener\">www.patrickseguin.com<\/a><\/p>\n<p>        \u00c0 lire aussi :<br \/>\n        <a class=\"renvoi-explicite__link\" href=\"https:\/\/www.beauxarts.com\/lifestyle\/le-fauteuil-kangourou-de-jean-prouve-quand-la-fantaisie-epouse-le-rationalisme\/\" target=\"_blank\" rel=\"noopener\">Le fauteuil Kangourou de Jean Prouv\u00e9 : quand la fantaisie \u00e9pouse le rationalisme<\/a><\/p>\n<p>Entre art &amp; design, la tr\u00e8s influente Carpenters Workshop Gallery<\/p>\n<p>    <img loading=\"lazy\" decoding=\"async\" class=\"image__img\" src=\"https:\/\/www.europesays.com\/fr\/wp-content\/uploads\/2025\/06\/webcocksedge-paris-ev-benjaminbaccarani-2024_14-964x643.jpg\" alt=\"Carpenters Workshop Gallery, Paris\" width=\"964\" height=\"643\"\/><\/p>\n<p>Carpenters Workshop Gallery, Paris<\/p>\n<p>    i<\/p>\n<p class=\"legende__cartel\">\u00a9 Benjamin Baccarani \/ courtesy of Carpenters Workshop Gallery<\/p>\n<p class=\"editor-content__paragraph\">Cr\u00e9\u00e9e en 2006\u00a0dans un ancien atelier de menuiserie \u00e0 Londres (d\u2019o\u00f9 son nom), la Carpenters Workshop Gallery s\u2019int\u00e9resse au <strong>\u00ab\u00a0moment pr\u00e9cis et rare o\u00f9 le design devient art\u00a0\u00bb<\/strong>, selon ses fondateurs Julien Lombrail et Lo\u00efc Le Gaillard. Leur magistrale galerie du <strong>Marais<\/strong> se visite comme un mus\u00e9e et chaque pi\u00e8ce se contemple comme une <strong>\u0153uvre d\u2019art puissante et po\u00e9tique<\/strong>. Une exp\u00e9rience \u00e0 renouveler au fil des expositions (consacr\u00e9es, entre autres, \u00e0 Studio Drift, Rick Owens, Maarten Baas ou Ingrid Donat) que l\u2019on peut \u00e9galement d\u00e9couvrir dans les espaces de<strong> Londres, New York et Los Angeles<\/strong>\u2026<\/p>\n<p>  Arrow<\/p>\n<p>Carpenters Workshop Gallery<\/p>\n<p class=\"annexe-content__infos\">54 Rue de la Verrerie \u2022 75004 Paris<br \/><a href=\"https:\/\/www.carpentersworkshopgallery.com\/\" target=\"_blank\" rel=\"noopener\">www.carpentersworkshopgallery.com<\/a><\/p>\n<p>Aux puces de Saint-Ouen, la Remix Gallery et sa vibe ann\u00e9es 1980<\/p>\n<p>    <img loading=\"lazy\" decoding=\"async\" class=\"image__img\" src=\"https:\/\/www.europesays.com\/fr\/wp-content\/uploads\/2025\/06\/webpad-2024-remix-gallery-pano-964x621.jpg\" alt=\"Remix Gallery, Saint-Ouen\" width=\"964\" height=\"621\"\/><\/p>\n<p>Remix Gallery, Saint-Ouen<\/p>\n<p>    i<\/p>\n<p class=\"editor-content__paragraph\">Incontournable lieu des collectionneurs et chineurs en tout genre, le<strong> march\u00e9 Paul Bert Serpette<\/strong> situ\u00e9 au c\u0153ur des puces de Saint-Ouen regorge de tr\u00e9sors. En fl\u00e2nant, vous ne r\u00e9sisterez s\u00fbrement pas \u00e0 l\u2019<strong>appel r\u00e9tro<\/strong> de la Remix Gallery\u00a0: couleurs vitamin\u00e9es, inox \u00e0 gogo et <strong>pi\u00e8ces vintage<\/strong> de <a href=\"https:\/\/www.beauxarts.com\/lifestyle\/le-juicy-salif-de-philippe-starck-une-icone-lunaire\/\" target=\"_blank\" rel=\"noopener\">Philippe Starck<\/a>, Pierre Sala, <a href=\"https:\/\/www.beauxarts.com\/expos\/andree-putman-diva-du-design-celebree-a-saint-paul-de-vence\/\" target=\"_blank\" rel=\"noopener\">Andr\u00e9e Putman<\/a> ou encore <a href=\"https:\/\/www.beauxarts.com\/lifestyle\/le-fauteuil-proust-une-madeleine-pointilliste\/\" target=\"_blank\" rel=\"noopener\">Alessandro Mendini<\/a>. Une ambiance ann\u00e9es 1980 <strong>tr\u00e8s pop, parfois futuriste <\/strong>et glamour \u00e0 souhait. Le styliste <strong>Simon Porte Jacquemus<\/strong> y a d\u2019ailleurs fait son shopping, nous raconte-t-on sur place\u00a0!<\/p>\n<p class=\"annexe-content__infos\">96-110 Rue des Rosiers \u2022 93400 Saint-Ouen-sur-Seine<br \/><a href=\"https:\/\/www.remixgallery.fr\/\" target=\"_blank\" rel=\"noopener\">www.remixgallery.fr<\/a><\/p>\n<p>                <a href=\"https:\/\/www.beauxarts.com\/series\/15-objets-design-aussi-cultes-quindemodables\/\" target=\"_blank\" rel=\"noopener\">Retrouvez notre s\u00e9rie d\u2019articles sur les 15 objets design aussi culte qu\u2019ind\u00e9modables !<\/a><\/p>\n<p>La Project Room d\u2019India Mahdavi, pour des expos d\u00e9cal\u00e9es et innovantes<\/p>\n<p>    <img loading=\"lazy\" decoding=\"async\" class=\"image__img\" src=\"https:\/\/www.europesays.com\/fr\/wp-content\/uploads\/2025\/06\/webindia-mahdavi_project-room-3_-francois-halard_interior-964x780.jpg\" alt=\"India Mahdavi \u2013 Project Room 3, Paris\" width=\"964\" height=\"780\"\/><\/p>\n<p>India Mahdavi \u2013 Project Room 3, Paris<\/p>\n<p>    i<\/p>\n<p class=\"legende__cartel\">\u00a9 Franc\u0327ois Halard Interior<\/p>\n<p class=\"editor-content__paragraph\">Non loin de son studio de cr\u00e9ation, de son showroom et de sa boutique de petits objets, <strong> l\u2019architecte d\u2019int\u00e9rieur <a href=\"https:\/\/www.beauxarts.com\/lifestyle\/le-tabouret-bishop-dindia-mahdavi-chronique-dun-succes-fou\/\" target=\"_blank\" rel=\"noopener\">India Mahdavi<\/a><\/strong> a fond\u00e9 un espace intitul\u00e9 Project Room. Tous les trois mois ou presque, une exposition r\u00e9v\u00e8le<strong> une collaboration avec un artiste, un \u00e9diteur ou un designer<\/strong>. La prochaine d\u00e9butera fin juin et pr\u00e9sentera une collection de bougeoirs imagin\u00e9s par le ma\u00eetre de la r\u00e9sine Vincent de Rijk. Dans la Tiny Room situ\u00e9e \u00e0 quelques m\u00e8tres, sera \u00e9galement pr\u00e9sent\u00e9 un <strong>ensemble de maquettes et prototypes<\/strong> de la d\u00e9coratrice. L\u2019occasion de fl\u00e2ner dans ce coin du <strong>7e arrondissement<\/strong> truff\u00e9 de showrooms design\u00a0!<\/p>\n<p>  Arrow<\/p>\n<p>Project Room \u2013 India Mahdavi<\/p>\n<p class=\"annexe-content__infos\">29 Rue de Bellechasse \u2022 75007 Paris<br \/><a href=\"https:\/\/india-mahdavi.com\/fr\/projects\/project-room\/\" target=\"_blank\" rel=\"noopener\">india-mahdavi.com<\/a><\/p>\n<p>  Arrow<\/p>\n<p>Tiny Room \u2013 India Mahdavi<\/p>\n<p class=\"annexe-content__infos\">3 Rue las Cases \u2022 75007 Paris<br \/><a href=\"https:\/\/india-mahdavi.com\/fr\/projects\/project-room\/\" target=\"_blank\" rel=\"noopener\">india-mahdavi.com<\/a><\/p>\n<p>        \u00c0 lire aussi :<br \/>\n        <a class=\"renvoi-explicite__link\" href=\"https:\/\/www.beauxarts.com\/lifestyle\/le-tabouret-bishop-dindia-mahdavi-chronique-dun-succes-fou\/\" target=\"_blank\" rel=\"noopener\">Le tabouret Bishop d\u2019India Mahdavi : chronique d&rsquo;un succ\u00e8s fou<\/a><\/p>\n<p>Le French Design, o\u00f9 se cultive l\u2019art de vivre \u00e0 la fran\u00e7aise<\/p>\n<p>    <img loading=\"lazy\" decoding=\"async\" class=\"image__img\" src=\"https:\/\/www.europesays.com\/fr\/wp-content\/uploads\/2025\/06\/webfrenchdesign_regards_2-964x629.jpg\" alt=\"French Design Galerie, Paris\" width=\"964\" height=\"629\"\/><\/p>\n<p>French Design Galerie, Paris<\/p>\n<p>    i<\/p>\n<p class=\"legende__cartel\">\u00a9 Le FRENCH DESIGN by Via<\/p>\n<p class=\"editor-content__paragraph\">Une adresse \u00e0 conna\u00eetre\u00a0: au <strong>120\u00a0avenue Ledru-Rollin<\/strong>, le French Design expose r\u00e9guli\u00e8rement les <strong>derni\u00e8res nouveaut\u00e9s 100\u00a0% made in France<\/strong>. En ce moment m\u00eame et jusqu\u2019au 26\u00a0septembre, ce sont les projets du <strong>French Design Incubateur<\/strong>, n\u00e9s de la collaboration entre des entreprises fran\u00e7aises et des designers, qui y sont d\u00e9voil\u00e9s. Chaque proposition cr\u00e9ative (tables de ferme revisit\u00e9es, mobilier pour enfant, chaise de bureau\u2026) <strong>t\u00e9moigne d\u2019un savoir-faire et de r\u00e9flexions<\/strong> sur l\u2019usage, l\u2019impact environnemental, les modes de conception\u2026 Passionnant\u00a0!<\/p>\n<p>  Arrow<\/p>\n<p>FRENCH DESIGN Galerie<\/p>\n<p class=\"annexe-content__infos\">120 Avenue Ledru Rollin \u2022 75011 Paris<br \/><a href=\"https:\/\/www.lefrenchdesign.org\/\" target=\"_blank\" rel=\"noopener\">www.lefrenchdesign.org<\/a><\/p>\n<p>La galerie Maxime Flatry, l\u2019Art d\u00e9co par un \u0153il neuf et passionn\u00e9<\/p>\n<p>    <img loading=\"lazy\" decoding=\"async\" class=\"image__img\" src=\"https:\/\/www.europesays.com\/fr\/wp-content\/uploads\/2025\/06\/webvue-de-notre-exposition-a-la-galerie-un-gout-1925-mai-2025..-964x771.jpg\" alt=\"Exposition \u00ab\u00a0Un gou\u0302t 1925\u00a0\u00bb \u00e0 la galerie Maxime Flatry, Paris\" width=\"964\" height=\"771\"\/><\/p>\n<p>Exposition \u00ab\u00a0Un gou\u0302t 1925\u00a0\u00bb \u00e0 la galerie Maxime Flatry, Paris<\/p>\n<p>    i<\/p>\n<p class=\"editor-content__paragraph\">\u00c0<strong> Saint-Germain-des-Pr\u00e9s<\/strong>, rares sont les nouveaux venus\u2026 Mais Maxime Flatry n\u2019a pas froid aux yeux\u00a0: en 2022, ce jeune trentenaire, ancien styliste pr\u00eat-\u00e0-porter et bijoux, ouvre sa galerie <strong>d\u00e9di\u00e9e aux arts d\u00e9coratifs de la premi\u00e8re moiti\u00e9 du XXe si\u00e8cle<\/strong>. Le d\u00e9but d\u2019une belle aventure o\u00f9 se r\u00e9unissent des pi\u00e8ces de Pierre Chareau, Andr\u00e9 Groult ou <a href=\"https:\/\/www.beauxarts.com\/expos\/lunivers-graphique-du-pape-de-lart-deco-jacques-emile-ruhlmann-se-devoile-au-mad\/\" target=\"_blank\" rel=\"noopener\">Jacques-Emile Ruhlmann<\/a>. On peut y d\u00e9nicher par exemple une berg\u00e8re cubique de l\u2019Atelier Martine ayant appartenu au couturier Paul Poiret ou des fauteuils aux courbes \u00e9l\u00e9gantes. Un d\u00e9tour obligatoire en cette ann\u00e9e marqu\u00e9e par le <a href=\"https:\/\/www.beauxarts.com\/grand-format\/lart-deco-fete-ses-100-ans-avec-un-feu-dartifice-devenements-de-paris-a-houston\/\" target=\"_blank\" rel=\"noopener\"><strong>centenaire de l\u2019Art<\/strong><strong> d\u00e9co<\/strong><\/a>.<\/p>\n<p>  Arrow<\/p>\n<p>Galerie Maxime Flatry<\/p>\n<p class=\"annexe-content__infos\">33 Rue Gu\u00e9n\u00e9gaud \u2022 75006 Paris<br \/><a href=\"https:\/\/www.maximeflatry.com\/\" target=\"_blank\" rel=\"noopener\">www.maximeflatry.com<\/a><\/p>\n<p>        \u00c0 lire aussi :<br \/>\n        <a class=\"renvoi-explicite__link\" href=\"https:\/\/www.beauxarts.com\/grand-format\/lart-deco-fete-ses-100-ans-avec-un-feu-dartifice-devenements-de-paris-a-houston\/\" target=\"_blank\" rel=\"noopener\">L&rsquo;Art d\u00e9co f\u00eate ses 100 ans avec un feu d&rsquo;artifice d&rsquo;\u00e9v\u00e9nements, de Paris \u00e0 Houston<\/a><\/p>\n<p>Am\u00e9lie Maison d\u2019art, dans l\u2019intimit\u00e9 d\u2019un appartement-galerie<\/p>\n<p>    <img loading=\"lazy\" decoding=\"async\" class=\"image__img\" src=\"https:\/\/www.europesays.com\/fr\/wp-content\/uploads\/2025\/06\/web14septembre-amelie-maison-dart-amelie-18-rue-seguier-paris-760dlukm6h5hlb3e0t6a44jm3m-964x643.jpg\" alt=\"Amelie Maison d\u2019art, Paris\" width=\"964\" height=\"643\"\/><\/p>\n<p>Amelie Maison d\u2019art, Paris<\/p>\n<p>    i<\/p>\n<p class=\"editor-content__paragraph\">La tendance est connue\u00a0: le visiteur s\u2019invite dans un appartement cosy truff\u00e9 de pi\u00e8ces design et d\u2019\u0153uvres d\u2019art. Dans ce registre, l\u2019appartement-galerie d\u2019<strong>Am\u00e9lie du Chalard<\/strong>, qui a ouvert cet espace en 2015\u00a0apr\u00e8s une premi\u00e8re vie dans le secteur bancaire, s\u2019impose comme une adresse incontournable. Nich\u00e9<strong>\u00a0dans un h\u00f4tel particulier du 6e arrondissement<\/strong>, il ne manque jamais d\u2019\u00e9blouir le visiteur par sa<strong> sc\u00e9nographie audacieuse<\/strong> et sa s\u00e9lection d\u2019<strong>\u0153uvres sensibles et po\u00e9tiques<\/strong> \u2013 textiles, c\u00e9ramiques, photographies, peintures, \u0153uvres sur papier\u2026 Un v\u00e9ritable havre de paix en pleine fr\u00e9n\u00e9sie parisienne.<\/p>\n<p>  Arrow<\/p>\n<p>Am\u00e9lie, maison d\u2019art<\/p>\n<p class=\"annexe-content__infos\">18 Rue S\u00e9guier \u2022 75006 Paris<br \/><a href=\"https:\/\/www.amelieduchalard.com\/fr\/\" target=\"_blank\" rel=\"noopener\">www.amelieduchalard.com<\/a><\/p>\n<p>        \u00c0 lire aussi :<br \/>\n        <a class=\"renvoi-explicite__link\" href=\"https:\/\/www.beauxarts.com\/lifestyle\/incontournables-intimistes-ou-audacieuses-20-galeries-a-visiter-a-paris\/\" target=\"_blank\" rel=\"noopener\">Nos galeries d&rsquo;art contemporain pr\u00e9f\u00e9r\u00e9es \u00e0 visiter \u00e0 Paris et en \u00cele-de-France !<\/a><\/p>\n","protected":false},"excerpt":{"rendered":"C\u2019est un fait\u00a0: le design s\u00e9duit de plus en plus de collectionneurs d\u2019art. En r\u00e9ponse \u00e0 cet engouement,&hellip;\n","protected":false},"author":2,"featured_media":196779,"comment_status":"","ping_status":"","sticky":false,"template":"","format":"standard","meta":{"footnotes":""},"categories":[1358],"tags":[20651,1348,1384,1385,33614,1386,58,59,1011,27,33617,33616,33615,33621,7455,33620,33618,33622,33619],"class_list":{"0":"post-196778","1":"post","2":"type-post","3":"status-publish","4":"format-standard","5":"has-post-thumbnail","7":"category-arts-et-design","8":"tag-amelie","9":"tag-arts","10":"tag-arts-and-design","11":"tag-arts-et-design","12":"tag-carpenters-workshop-gallery","13":"tag-design","14":"tag-divertissement","15":"tag-entertainment","16":"tag-fr","17":"tag-france","18":"tag-french-design-galerie","19":"tag-galerie-kreo","20":"tag-galerie-maxime-flatry","21":"tag-galerie-patrick-seguin","22":"tag-galeries","23":"tag-maison-dart","24":"tag-project-room-india-mahdavi","25":"tag-remix-gallery","26":"tag-tiny-room-india-mahdavi"},"share_on_mastodon":{"url":"https:\/\/pubeurope.com\/@fr\/114729321145096070","error":""},"_links":{"self":[{"href":"https:\/\/www.europesays.com\/fr\/wp-json\/wp\/v2\/posts\/196778","targetHints":{"allow":["GET"]}}],"collection":[{"href":"https:\/\/www.europesays.com\/fr\/wp-json\/wp\/v2\/posts"}],"about":[{"href":"https:\/\/www.europesays.com\/fr\/wp-json\/wp\/v2\/types\/post"}],"author":[{"embeddable":true,"href":"https:\/\/www.europesays.com\/fr\/wp-json\/wp\/v2\/users\/2"}],"replies":[{"embeddable":true,"href":"https:\/\/www.europesays.com\/fr\/wp-json\/wp\/v2\/comments?post=196778"}],"version-history":[{"count":0,"href":"https:\/\/www.europesays.com\/fr\/wp-json\/wp\/v2\/posts\/196778\/revisions"}],"wp:featuredmedia":[{"embeddable":true,"href":"https:\/\/www.europesays.com\/fr\/wp-json\/wp\/v2\/media\/196779"}],"wp:attachment":[{"href":"https:\/\/www.europesays.com\/fr\/wp-json\/wp\/v2\/media?parent=196778"}],"wp:term":[{"taxonomy":"category","embeddable":true,"href":"https:\/\/www.europesays.com\/fr\/wp-json\/wp\/v2\/categories?post=196778"},{"taxonomy":"post_tag","embeddable":true,"href":"https:\/\/www.europesays.com\/fr\/wp-json\/wp\/v2\/tags?post=196778"}],"curies":[{"name":"wp","href":"https:\/\/api.w.org\/{rel}","templated":true}]}}