{"id":196790,"date":"2025-06-22T22:20:10","date_gmt":"2025-06-22T22:20:10","guid":{"rendered":"https:\/\/www.europesays.com\/fr\/196790\/"},"modified":"2025-06-22T22:20:10","modified_gmt":"2025-06-22T22:20:10","slug":"benjamin-castaldi-trahi-par-le-film-moi-qui-taimais","status":"publish","type":"post","link":"https:\/\/www.europesays.com\/fr\/196790\/","title":{"rendered":"Benjamin Castaldi \u00ab\u00a0trahi\u00a0\u00bb par le film \u00ab\u00a0Moi qui t\u2019aimais\u00a0\u00bb"},"content":{"rendered":"<p>On ne touche pas \u00e0 la famille. <a href=\"https:\/\/www.20minutes.fr\/dossier\/benjamin_castaldi\" class=\"color-ultramarine c-link\" target=\"_blank\" rel=\"noopener\">Benjamin Castaldi <\/a>s\u2019en est pris violemment au film Moi qui t\u2019aimais de Diane Kurys dans une tribune <a href=\"https:\/\/www.parismatch.com\/culture\/cinema\/benjamin-castaldi-jaurais-aime-etre-emu-jai-ete-trahi-253112\" target=\"_blank\" class=\"color-ultramarine c-link\" rel=\"noopener\">dans Paris Match<\/a> ce dimanche. Alors que le long m\u00e9trage sur l\u2019histoire d\u2019amour entre Simone Signoret et <a href=\"https:\/\/www.20minutes.fr\/culture\/819560-20111108-le-moteur-yves-montand-angoisse\" class=\"color-ultramarine c-link\" target=\"_blank\" rel=\"noopener\">Yves Montand<\/a> doit sortir le 1er\u00a0octobre, leur petit-fils ass\u00e8ne\u00a0: \u00ab\u00a0Il y a des films qui rendent hommage. D\u2019autres qui travestissent. Moi qui t\u2019aimais, r\u00e9alis\u00e9 par Diane Kurys, pr\u00e9tend c\u00e9l\u00e9brer mes grands-parents. Il les efface. Il les r\u00e9invente. Il les instrumentalise.\u00a0\u00bb<\/p>\n<p>L\u2019animateur t\u00e9l\u00e9 poursuit\u00a0: \u00ab\u00a0Je suis le petit-fils de Simone Signoret et d\u2019Yves Montand. Je n\u2019ai peut-\u00eatre pas leur talent, mais j\u2019ai grandi dans l\u2019ombre lumineuse de ce couple hors norme. [\u2026] C\u2019est une fiction paresseuse, b\u00e2tie sur des figures d\u00e9form\u00e9es et soumises aux codes id\u00e9ologiques de notre \u00e9poque.\u00a0\u00bb<\/p>\n<p>\u00ab\u00a0Mon grand-p\u00e8re n\u2019\u00e9tait pas un salaud\u00a0\u00bb<\/p>\n<p>Il reproche \u00e0 la r\u00e9alisatrice de \u00ab\u00a0r\u00e9\u00e9crire l\u2019histoire en s\u2019autorisant tous les raccourcis \u00e9motionnels d\u2019un f\u00e9minisme devenu dogmatique\u00a0\u00bb. Simone Signoret est d\u00e9peinte, selon lui, comme \u00ab\u00a0une \u00e9ternelle victime silencieuse\u00a0\u00bb. Quant \u00e0 Yves Montand, il passerait pour \u00ab\u00a0un pr\u00e9dateur mondain, lisse et fuyant, quasi-manipulateur\u00a0\u00bb.<\/p>\n<\/p>\n<p>Benjamin Castaldi affirme que son \u00ab\u00a0grand-p\u00e8re n\u2019\u00e9tait pas un salaud\u00a0\u00bb, ni \u00ab\u00a0un m\u00e2le toxique\u00a0\u00bb. Puis il revient sur le cas de sa grand-m\u00e8re\u00a0: \u00ab\u00a0Ce film ne montre rien de ce qui faisait d\u2019elle une actrice hors pair, une intellectuelle libre, une femme de combat.\u00a0\u00bb<\/p>\n<p>Il souhaitait \u00ab\u00a0\u00eatre \u00e9mu\u00a0\u00bb par ce film, il se dit \u00ab\u00a0trahi\u00a0\u00bb et conclut\u00a0: \u00ab\u00a0Leur histoire m\u00e9rite mieux que cette relecture opportuniste, id\u00e9ologiquement biais\u00e9e, et dramatiquement fade.\u00a0\u00bb Benjamin Castaldi ne foulera pas les tapis rouges des avant-premi\u00e8res de Moi qui t\u2019aimais et ne le regardera pas lors de son passage \u00e0 la t\u00e9l\u00e9.<\/p>\n","protected":false},"excerpt":{"rendered":"On ne touche pas \u00e0 la famille. Benjamin Castaldi s\u2019en est pris violemment au film Moi qui t\u2019aimais&hellip;\n","protected":false},"author":2,"featured_media":196791,"comment_status":"","ping_status":"","sticky":false,"template":"","format":"standard","meta":{"footnotes":""},"categories":[8],"tags":[1376,6468,650,1193,58,59,652,2081,1011,27,5818,973,3287],"class_list":{"0":"post-196790","1":"post","2":"type-post","3":"status-publish","4":"format-standard","5":"has-post-thumbnail","7":"category-divertissement","8":"tag-amour","9":"tag-benjamin-castaldi","10":"tag-cinema","11":"tag-couple","12":"tag-divertissement","13":"tag-entertainment","14":"tag-famille","15":"tag-film","16":"tag-fr","17":"tag-france","18":"tag-paris-match","19":"tag-people","20":"tag-stars"},"share_on_mastodon":{"url":"https:\/\/pubeurope.com\/@fr\/114729348277508322","error":""},"_links":{"self":[{"href":"https:\/\/www.europesays.com\/fr\/wp-json\/wp\/v2\/posts\/196790","targetHints":{"allow":["GET"]}}],"collection":[{"href":"https:\/\/www.europesays.com\/fr\/wp-json\/wp\/v2\/posts"}],"about":[{"href":"https:\/\/www.europesays.com\/fr\/wp-json\/wp\/v2\/types\/post"}],"author":[{"embeddable":true,"href":"https:\/\/www.europesays.com\/fr\/wp-json\/wp\/v2\/users\/2"}],"replies":[{"embeddable":true,"href":"https:\/\/www.europesays.com\/fr\/wp-json\/wp\/v2\/comments?post=196790"}],"version-history":[{"count":0,"href":"https:\/\/www.europesays.com\/fr\/wp-json\/wp\/v2\/posts\/196790\/revisions"}],"wp:featuredmedia":[{"embeddable":true,"href":"https:\/\/www.europesays.com\/fr\/wp-json\/wp\/v2\/media\/196791"}],"wp:attachment":[{"href":"https:\/\/www.europesays.com\/fr\/wp-json\/wp\/v2\/media?parent=196790"}],"wp:term":[{"taxonomy":"category","embeddable":true,"href":"https:\/\/www.europesays.com\/fr\/wp-json\/wp\/v2\/categories?post=196790"},{"taxonomy":"post_tag","embeddable":true,"href":"https:\/\/www.europesays.com\/fr\/wp-json\/wp\/v2\/tags?post=196790"}],"curies":[{"name":"wp","href":"https:\/\/api.w.org\/{rel}","templated":true}]}}