{"id":196794,"date":"2025-06-22T22:22:10","date_gmt":"2025-06-22T22:22:10","guid":{"rendered":"https:\/\/www.europesays.com\/fr\/196794\/"},"modified":"2025-06-22T22:22:10","modified_gmt":"2025-06-22T22:22:10","slug":"des-vulnerabilites-persistantes-du-cote-des-sous-traitants","status":"publish","type":"post","link":"https:\/\/www.europesays.com\/fr\/196794\/","title":{"rendered":"des vuln\u00e9rabilit\u00e9s persistantes du c\u00f4t\u00e9 des sous-traitants"},"content":{"rendered":"<p><strong>EXCLUSIF &#8211;<\/strong> Selon la Direction g\u00e9n\u00e9rale des entreprises, les PME et les ETI ont des difficult\u00e9s \u00e0 recruter et \u00e0 se financer, ce qui freine les hausses de cadence.<\/p>\n<p class=\"fig-paragraph\">Quel est l\u2019\u00e9tat de forme\u00a0<a href=\"http:\/\/www.lefigaro.fr\/societes\/filiere-aeronautique-francaise-le-pari-d-une-montee-en-cadence-ambitieuse-20250616\" data-fig-type=\"Article\" data-gtm-custom-categorie=\"navigation\" data-gtm-custom-action=\"crossclick\" data-gtm-custom-label=\"Contextuel\" data-gtm-event=\"customEventSPE\" data-fig-domain=\"LEFIGARO\" rel=\"nofollow noopener\" target=\"_blank\">de la fili\u00e8re a\u00e9ronautique fran\u00e7aise<\/a>\u00a0? Et, en particulier, des sous-traitants auxquels les grands groupes ach\u00e8tent plus de 60\u00a0% de la valeur ajout\u00e9e de leurs produits finis\u00a0? L\u2019\u00c9tat prend r\u00e9guli\u00e8rement le pouls de cette industrie strat\u00e9gique pour l\u2019\u00e9conomie et la souverainet\u00e9 du pays. Il publie ce lundi les r\u00e9sultats d\u2019une enqu\u00eate, r\u00e9alis\u00e9e en avril 2025 par la Direction g\u00e9n\u00e9rale des entreprises (DGE) aupr\u00e8s d\u2019un panel repr\u00e9sentatif en termes d\u2019activit\u00e9 et de positionnement au sein de la cha\u00eene de valeur de 516\u00a0soci\u00e9t\u00e9s, dont 77\u00a0% de petites et moyennes entreprises (TPE et PME) et d\u2019acteurs\u00a0<a href=\"http:\/\/www.lefigaro.fr\/conjoncture\/pourquoi-les-pme-et-eti-demeurent-resilientes-face-aux-remous-de-la-conjoncture-20250511\" data-fig-type=\"Article\" data-gtm-custom-categorie=\"navigation\" data-gtm-custom-action=\"crossclick\" data-gtm-custom-label=\"Contextuel\" data-gtm-event=\"customEventSPE\" data-fig-domain=\"LEFIGARO\" rel=\"nofollow noopener\" target=\"_blank\">de taille interm\u00e9diaire (ETI)<\/a>. Il en ressort une image tout en contraste.<\/p>\n<p class=\"fig-paragraph\">D\u2019un c\u00f4t\u00e9, la fili\u00e8re, qui emploie 220\u00a0000\u00a0salari\u00e9s et compte un millier d\u2019acteurs, dont 500 sont membres du Gifas, le syndicat patronal de l\u2019a\u00e9ronautique, est en bonne sant\u00e9. \u00ab\u00a0L\u2019industrie, dans son ensemble, est en croissance, avec une hausse de 10\u00a0% de son activit\u00e9, \u00e0 77,7\u00a0milliards d\u2019euros\u2026<\/p>\n<p class=\"fig-premium-paywall__infos\">\n        Cet article est r\u00e9serv\u00e9 aux abonn\u00e9s.        Il vous reste 84% \u00e0 d\u00e9couvrir.\n    <\/p>\n<p>                <img  data- alt=\"Le Figaro\" class=\"fig-img--complete fig-img\"\/><\/p>\n<p class=\"fig-premium-paywall__title\">Vente Flash<\/p>\n<p class=\"fig-premium-paywall__subtitle\">3,99\u20ac par mois pendant 12 mois. Sans engagement.<\/p>\n<p class=\"fig-premium-paywall__connect\">\n                D\u00e9j\u00e0 abonn\u00e9\u00a0?                <a class=\"fig-premium-paywall__connect-link\" href=\"https:\/\/connect.lefigaro.fr\/login?client=horizon_web&amp;type=main&amp;redirect_uri=https%3A%2F%2Fwww.lefigaro.fr%2Feconomie%2Faeronautique-des-vulnerabilites-persistantes-du-cote-des-sous-traitants-20250622\" data-js-gtm=\"{&quot;customCategorie&quot;: &quot;conversion&quot;, &quot;customAction&quot;: &quot;before_Landing_Connexion_paywall_auto&quot;, &quot;customLabel&quot;: &quot;bGVmaWdhcm8uZnJfXzFmMDRkYmYxLTliNDUtNjk1Mi05NmNjLWNmMmM5YWVkMTViNF9fQXJ0aWNsZQ==_A\u00e9ronautique\u00a0: des vuln\u00e9rabilit\u00e9s persistantes du c\u00f4t\u00e9 des sous-traitants_294&quot;, &quot;customIDSPE&quot;: &quot;bGVmaWdhcm8uZnJfXzFmMDRkYmYxLTliNDUtNjk1Mi05NmNjLWNmMmM5YWVkMTViNF9fQXJ0aWNsZQ==&quot;, &quot;event&quot;: &quot;customEventSPE&quot;}\" rel=\"nofollow noopener\" target=\"_blank\"><br \/>\n                    Connectez-vous<br \/>\n                <\/a>\n            <\/p>\n","protected":false},"excerpt":{"rendered":"EXCLUSIF &#8211; Selon la Direction g\u00e9n\u00e9rale des entreprises, les PME et les ETI ont des difficult\u00e9s \u00e0 recruter&hellip;\n","protected":false},"author":2,"featured_media":196795,"comment_status":"","ping_status":"","sticky":false,"template":"","format":"standard","meta":{"footnotes":""},"categories":[6],"tags":[631,630,296,36,4416,4417,1117,14846,340,398,35,343,130,634,405,636,33,34,341,313,632,638,1011,27,1116,342,637,399],"class_list":{"0":"post-196794","1":"post","2":"type-post","3":"status-publish","4":"format-standard","5":"has-post-thumbnail","7":"category-economie","8":"tag-action","9":"tag-actualite-bourse","10":"tag-aeronautique","11":"tag-airbus","12":"tag-analyse-graphique","13":"tag-analyse-technique","14":"tag-assurance","15":"tag-bercy","16":"tag-bourse","17":"tag-bourse-de-paris","18":"tag-business","19":"tag-cac-40","20":"tag-consommation","21":"tag-cotation","22":"tag-cotations","23":"tag-devises","24":"tag-economie","25":"tag-economy","26":"tag-emploi","27":"tag-entreprises","28":"tag-fcp","29":"tag-figaro","30":"tag-fr","31":"tag-france","32":"tag-immobilier","33":"tag-impots","34":"tag-indices","35":"tag-investissement"},"share_on_mastodon":{"url":"https:\/\/pubeurope.com\/@fr\/114729356095975501","error":""},"_links":{"self":[{"href":"https:\/\/www.europesays.com\/fr\/wp-json\/wp\/v2\/posts\/196794","targetHints":{"allow":["GET"]}}],"collection":[{"href":"https:\/\/www.europesays.com\/fr\/wp-json\/wp\/v2\/posts"}],"about":[{"href":"https:\/\/www.europesays.com\/fr\/wp-json\/wp\/v2\/types\/post"}],"author":[{"embeddable":true,"href":"https:\/\/www.europesays.com\/fr\/wp-json\/wp\/v2\/users\/2"}],"replies":[{"embeddable":true,"href":"https:\/\/www.europesays.com\/fr\/wp-json\/wp\/v2\/comments?post=196794"}],"version-history":[{"count":0,"href":"https:\/\/www.europesays.com\/fr\/wp-json\/wp\/v2\/posts\/196794\/revisions"}],"wp:featuredmedia":[{"embeddable":true,"href":"https:\/\/www.europesays.com\/fr\/wp-json\/wp\/v2\/media\/196795"}],"wp:attachment":[{"href":"https:\/\/www.europesays.com\/fr\/wp-json\/wp\/v2\/media?parent=196794"}],"wp:term":[{"taxonomy":"category","embeddable":true,"href":"https:\/\/www.europesays.com\/fr\/wp-json\/wp\/v2\/categories?post=196794"},{"taxonomy":"post_tag","embeddable":true,"href":"https:\/\/www.europesays.com\/fr\/wp-json\/wp\/v2\/tags?post=196794"}],"curies":[{"name":"wp","href":"https:\/\/api.w.org\/{rel}","templated":true}]}}