{"id":196796,"date":"2025-06-22T22:23:09","date_gmt":"2025-06-22T22:23:09","guid":{"rendered":"https:\/\/www.europesays.com\/fr\/196796\/"},"modified":"2025-06-22T22:23:09","modified_gmt":"2025-06-22T22:23:09","slug":"kiev-menace-de-frappes-en-profondeur-la-russie-et-revendique-90-km-carres-2","status":"publish","type":"post","link":"https:\/\/www.europesays.com\/fr\/196796\/","title":{"rendered":"Kiev menace de frappes en profondeur la Russie et revendique 90 km carr\u00e9s"},"content":{"rendered":"<p>Vous avez rat\u00e9 les derniers \u00e9v\u00e9nements sur la <a href=\"https:\/\/www.20minutes.fr\/monde\/ukraine\/\" class=\"color-ultramarine c-link\" rel=\"nofollow noopener\" target=\"_blank\">guerre en Ukraine<\/a>\u00a0? 20 Minutes fait le point pour vous tous les soirs. Voici l\u2019essentiel de ce dimanche 22\u00a0juin 2025, 1.215e jour du conflit, qui a \u00e9t\u00e9 \u00e9clips\u00e9 par les <a href=\"https:\/\/www.20minutes.fr\/monde\/4159791-20250622-frappes-americaines-iran-details-operation-midnight-hammer-lancee-sites-nucleaires\" target=\"_blank\" class=\"color-ultramarine c-link\" rel=\"nofollow noopener\">frappes am\u00e9ricaines contre trois sites nucl\u00e9aires iraniens<\/a>.<\/p>\n<p>Le fait du jour<\/p>\n<p>La <a href=\"https:\/\/www.20minutes.fr\/monde\/russie\/\" class=\"color-ultramarine c-link\" rel=\"nofollow noopener\" target=\"_blank\">Russie<\/a> a un certain \u00ab\u00a0avantage\u00a0\u00bb dans la guerre de <a href=\"https:\/\/www.20minutes.fr\/monde\/drone\/\" class=\"color-ultramarine c-link\" rel=\"nofollow noopener\" target=\"_blank\">drones<\/a> avec l\u2019Ukraine qui doit \u00ab\u00a0rattraper\u00a0\u00bb son retard concernant certains types de ces appareils, a admis le commandant en chef des arm\u00e9es ukrainiennes Oleksandr Syrsky.<\/p>\n<p>Les Russes \u00ab\u00a0ont un avantage tant en termes de nombre que de port\u00e9e\u00a0\u00bb de drones de fibre optique dont certains sont capables de voler \u00e0 une distance de 40 kilom\u00e8tres, a d\u00e9clar\u00e9 samedi devant les journalistes, dont l\u2019AFP, le g\u00e9n\u00e9ral Syrsky, dont les d\u00e9clarations \u00e9taient sous embargo jusqu\u2019\u00e0 dimanche. \u00ab\u00a0Nous sommes en train de rattraper notre retard dans ce domaine.\u00a0\u00bb<\/p>\n<p>Le chiffre du jour<\/p>\n<p>90 km carr\u00e9s. Les troupes ukrainiennes affirment contr\u00f4ler cette superficie dans la r\u00e9gion russe de Koursk, dont Moscou assure avoir repris la totalit\u00e9, a affirm\u00e9 le commandant en chef des arm\u00e9es de Kiev, Oleksandr Syrsky.<\/p>\n<p>\u00ab\u00a0Nous contr\u00f4lons environ 90 kilom\u00e8tres carr\u00e9s du territoire dans le district de Gluchkovo de la r\u00e9gion de Koursk en Russie\u00a0\u00bb, a assur\u00e9 samedi devant les journalistes, dont l\u2019AFP, le g\u00e9n\u00e9ral Syrsky.<\/p>\n<p>La tendance<\/p>\n<p>Le commandant en chef des arm\u00e9es ukrainiennes, Oleksandr Syrsky, a assur\u00e9 que l\u2019Ukraine allait intensifier ses frappes contre des cibles militaires russes en profondeur en Russie, trois semaines apr\u00e8s une attaque spectaculaire contre des bases a\u00e9riennes recul\u00e9es dans ce pays, appel\u00e9e <a href=\"https:\/\/www.20minutes.fr\/monde\/ukraine\/4156505-20250602-guerre-ukraine-operation-toile-araignee-coup-dur-humiliant-russie\" class=\"color-ultramarine c-link\" rel=\"nofollow noopener\" target=\"_blank\">op\u00e9ration \u00ab\u00a0Toile d\u2019araign\u00e9e\u00a0\u00bb<\/a>.<\/p>\n<\/p>\n<p>\u00ab\u00a0Nous ne nous contenterons pas de rester en d\u00e9fense. Parce que cela n\u2019apporte rien et conduit finalement au fait que nous reculons, perdons des hommes et des territoires,\u00a0\u00bb a-t-il ajout\u00e9.<\/p>\n<p>Les commentaires de Oleksandr Syrsky interviennent alors que les efforts diplomatiques pour mettre fin \u00e0 la guerre d\u00e9clench\u00e9e par l\u2019invasion russe \u00e0 grande \u00e9chelle de l\u2019Ukraine, en f\u00e9vrier\u00a02022, sont au point mort.<\/p>\n","protected":false},"excerpt":{"rendered":"Vous avez rat\u00e9 les derniers \u00e9v\u00e9nements sur la guerre en Ukraine\u00a0? 20 Minutes fait le point pour vous&hellip;\n","protected":false},"author":2,"featured_media":196797,"comment_status":"","ping_status":"","sticky":false,"template":"","format":"standard","meta":{"footnotes":""},"categories":[5],"tags":[47,11,564,1011,27,1146,131,14,74,12,132,134,28],"class_list":{"0":"post-196796","1":"post","2":"type-post","3":"status-publish","4":"format-standard","5":"has-post-thumbnail","7":"category-international","8":"tag-actualite","9":"tag-actualites","10":"tag-drone","11":"tag-fr","12":"tag-france","13":"tag-guerre","14":"tag-guerre-en-ukraine","15":"tag-international","16":"tag-monde","17":"tag-news","18":"tag-russie","19":"tag-volodymyr-zelensky","20":"tag-world"},"share_on_mastodon":{"url":"https:\/\/pubeurope.com\/@fr\/114729359981671136","error":""},"_links":{"self":[{"href":"https:\/\/www.europesays.com\/fr\/wp-json\/wp\/v2\/posts\/196796","targetHints":{"allow":["GET"]}}],"collection":[{"href":"https:\/\/www.europesays.com\/fr\/wp-json\/wp\/v2\/posts"}],"about":[{"href":"https:\/\/www.europesays.com\/fr\/wp-json\/wp\/v2\/types\/post"}],"author":[{"embeddable":true,"href":"https:\/\/www.europesays.com\/fr\/wp-json\/wp\/v2\/users\/2"}],"replies":[{"embeddable":true,"href":"https:\/\/www.europesays.com\/fr\/wp-json\/wp\/v2\/comments?post=196796"}],"version-history":[{"count":0,"href":"https:\/\/www.europesays.com\/fr\/wp-json\/wp\/v2\/posts\/196796\/revisions"}],"wp:featuredmedia":[{"embeddable":true,"href":"https:\/\/www.europesays.com\/fr\/wp-json\/wp\/v2\/media\/196797"}],"wp:attachment":[{"href":"https:\/\/www.europesays.com\/fr\/wp-json\/wp\/v2\/media?parent=196796"}],"wp:term":[{"taxonomy":"category","embeddable":true,"href":"https:\/\/www.europesays.com\/fr\/wp-json\/wp\/v2\/categories?post=196796"},{"taxonomy":"post_tag","embeddable":true,"href":"https:\/\/www.europesays.com\/fr\/wp-json\/wp\/v2\/tags?post=196796"}],"curies":[{"name":"wp","href":"https:\/\/api.w.org\/{rel}","templated":true}]}}