{"id":196821,"date":"2025-06-22T22:49:10","date_gmt":"2025-06-22T22:49:10","guid":{"rendered":"https:\/\/www.europesays.com\/fr\/196821\/"},"modified":"2025-06-22T22:49:10","modified_gmt":"2025-06-22T22:49:10","slug":"balade-en-bateau-a-saint-jean-cap-ferrat-7-tresors-caches-a-admirer-depuis-la-mer","status":"publish","type":"post","link":"https:\/\/www.europesays.com\/fr\/196821\/","title":{"rendered":"Balade en bateau \u00e0 Saint-Jean-Cap-Ferrat: 7 tr\u00e9sors cach\u00e9s \u00e0 admirer depuis la mer"},"content":{"rendered":"<p>                                <b>1.La Villa Ephrussi de Rothschild, un joyau perch\u00e9 sur les flots<\/b><\/p>\n<p>Une fa\u00e7ade rose p\u00e2le qui tranche sur le bleu de la mer, des jardins \u00e0 th\u00e8me qui plongent vers les vagues\u2026 Pas de doute, on est bien face \u00e0 la mythique villa imagin\u00e9e par la baronne B\u00e9atrice Ephrussi de Rothschild! Un vrai d\u00e9cor de conte de f\u00e9es construit entre 1905 et 1912, \u00e0 admirer sans mod\u00e9ration depuis le bateau. Ce qu\u2019on adore? La vue plongeante sur les jardins sym\u00e9triques et la silhouette unique de cette maison-mus\u00e9e aux airs de palais italien. \u00c0 chaque passage, on red\u00e9couvre un d\u00e9tail qu\u2019on n\u2019avait pas vu.<\/p>\n<p>              <img ci-src=\"https:\/\/www.nicematin.com\/detente\/balade-en-mer-2018-LR-VuLibLzC.jpg?vh=7fba53&amp;ci_seal=d9a7f4877f\" alt=\"\"\/><\/p>\n<p>                                <b>2.La Villa Santo Sospir, le repaire arty de Cocteau<\/b><\/p>\n<p>Imaginez une villa qui ressemble \u00e0 un carnet de croquis g\u00e9ant. C\u2019est ici que Jean Cocteau a laiss\u00e9 libre cours \u00e0 sa cr\u00e9ativit\u00e9, invit\u00e9 par son amie Francine Weisweiller, en recouvrant les murs de fresques po\u00e9tiques et color\u00e9es. Depuis la mer, on sent encore l\u2019\u00e9nergie artistique vibrer entre les murs. Un vrai bijou charg\u00e9 d\u2019\u00e2me. Chaque ligne raconte un morceau d\u2019histoire personnelle ou mythologique. Et m\u00eame si l\u2019on ne voit pas l\u2019int\u00e9rieur, on devine que cette maison n\u2019a jamais cess\u00e9 d\u2019inspirer.<\/p>\n<p><b>3.Le Grand-H\u00f4tel du Cap-Ferrat, une l\u00e9gende en blanc<\/b><\/p>\n<p>Avec sa fa\u00e7ade immacul\u00e9e et son jardin suspendu au-dessus de la mer, le Grand-H\u00f4tel du Cap-Ferrat est l\u2019un des plus beaux rep\u00e8res de la French Riviera. Premier palace de la C\u00f4te d&rsquo;Azur inaugur\u00e9 en 1908, ce 5 \u00e9toiles a vu d\u00e9filer des stars, des t\u00eates couronn\u00e9es et des histoires d\u2019amour au parfum de cin\u00e9ma. Et il est toujours aussi photog\u00e9nique vu depuis la mer. On imagine ais\u00e9ment les limousines d\u2019\u00e9poque, les robes longues et les soir\u00e9es fastueuses sous les \u00e9toiles. Un lieu \u00e0 la fois hors du temps et tr\u00e8s vivant, qui incarne \u00e0 merveille l\u2019art de vivre \u00e0 la fran\u00e7aise.<\/p>\n<p>\u00a0<\/p>\n<p>              <img ci-src=\"https:\/\/www.nicematin.com\/detente\/1O1H1107-wKMbebTj.JPG?vh=d09e9a&amp;ci_seal=0ed819a7a5\" alt=\"\"\/><\/p>\n<p>                                <b>4.La Villa Nellcote, QG secret des Rolling Stones<\/b><\/p>\n<p>En 1971, Keith Richards y installe un studio d\u2019enregistrement improvis\u00e9. La villa devient alors le th\u00e9\u00e2tre de la cr\u00e9ation de Exile on Main St., album mythique des Rolling Stones. Entre sessions musicales sur la terrasse, baignades \u00e0 l\u2019aube et nuits sans fin, l\u2019endroit est entr\u00e9 dans la l\u00e9gende du rock ! Depuis la mer, on aper\u00e7oit une b\u00e2tisse envelopp\u00e9e de verdure et de souvenirs \u00e9lectriques. On se pla\u00eet \u00e0 imaginer les amplis pos\u00e9s dans le salon, les guitares qui r\u00e9sonnent, et cette \u00e9nergie folle qui a marqu\u00e9 les murs \u00e0 jamais.\u00a0<\/p>\n<p><b>5.La Fleur du Cap, l\u2019une des merveilles de Saint-Jean-Cap-Ferrat<\/b><\/p>\n<p>Derri\u00e8re son nom po\u00e9tique, la Fleur du Cap cache une vraie p\u00e9pite de la presqu\u2019\u00eele. Ancienne propri\u00e9t\u00e9 de l\u2019acteur britannique David Niven, elle a longtemps \u00e9t\u00e9 l\u2019un des lieux les plus photographi\u00e9s de la French Riviera. Sa silhouette \u00e9l\u00e9gante, ses jardins suspendus et sa vue imprenable sur la M\u00e9diterran\u00e9e en font une star discr\u00e8te, mais inoubliable. Depuis la mer, on aper\u00e7oit ses lignes parfaites, berc\u00e9es par la lumi\u00e8re dor\u00e9e. Et m\u00eame si elle reste priv\u00e9e, elle nourrit toutes nos r\u00eaveries: celles d\u2019une vie au bord de l\u2019eau, entre cin\u00e9ma, nature et art de vivre \u00e0 la fran\u00e7aise!<\/p>\n<p>              <img ci-src=\"https:\/\/www.nicematin.com\/detente\/Ville+de+SJCF-TqEvzXPS.jpg?vh=15cdeb&amp;ci_seal=4035eea609\" alt=\"\"\/><\/p>\n<p>                                <b>6.L\u2019anse des Fossettes, pour ceux qui aiment le sauvage<\/b><\/p>\n<p>Sur la c\u00f4te Est de la presqu\u2019\u00eele, les eaux se font plus calmes, plus transparentes\u2026 et les coins secrets se succ\u00e8dent. L\u2019Anse des Fossettes, sauvage et pr\u00e9serv\u00e9e, est un petit paradis pour les amateurs de snorkeling. Masque, tuba et plouf dans une eau turquoise o\u00f9 la vie marine est reine ! Juste \u00e0 c\u00f4t\u00e9, l\u2019Anse des Fosses offre une plage paisible, autrefois fr\u00e9quent\u00e9e par les habitants qui venaient y laver leur linge dans un petit lavoir encore visible aujourd\u2019hui. Et nich\u00e9e non loin de l\u00e0, la Villa Primavera rappelle un moment insolite de l\u2019histoire locale: c\u2019est ici que Val\u00e9ry Giscard d\u2019Estaing fut re\u00e7u en 1974. Un d\u00e9cor de carte postale, entre nature et patrimoine. Tout ce qu\u2019on aime dans cette balade en mer!<\/p>\n<p><b>7.La chapelle Saint-Hospice et sa g\u00e9ante bienveillante<\/b><\/p>\n<p>D\u2019un c\u00f4t\u00e9, une chapelle vieille de plus de 1000 ans perch\u00e9e au-dessus des flots. De l\u2019autre, une statue monumentale de la Vierge de 11 m\u00e8tres de haut, comme une gardienne des lieux. Entre spiritualit\u00e9, l\u00e9gende et point de vue \u00e0 couper le souffle, cet endroit d\u00e9gage une \u00e9nergie unique. Magique, tout simplement. Depuis le bateau, l\u2019ensemble para\u00eet presque irr\u00e9el. On a envie de lever les yeux, de faire une pause, et de ressentir pleinement cette pr\u00e9sence bienveillante qui veille sur la presqu\u2019\u00eele.<\/p>\n<p>Non loin de l\u00e0, on se laisse volontiers envo\u00fbter par le Clos Fiorentina, o\u00f9 le couturier Givenchy a \u00e9lu domicile, on admire l\u2019audacieuse Villa Brasilia, chef-d\u2019\u0153uvre sign\u00e9 Niemeyer, et l\u2019on s\u2019\u00e9merveille devant le phare, perch\u00e9 \u00e0 l\u2019extr\u00e9mit\u00e9 sud de la presqu\u2019\u00eele, class\u00e9 Monument Historique. De la gr\u00e2ce antique de la Villa K\u00e9rylos \u00e0 l\u2019\u00e9l\u00e9gance de l&rsquo;H\u00f4tel Royal Riviera qui fut le premier h\u00f4tel de luxe de la presqu&rsquo;\u00eele, en longeant la plage de Passable et le s\u00e9maphore qui veille sur la mer, <a href=\"https:\/\/www.saint-jean-cap-ferrat.fr\/agenda\/promenade-en-bateau-commentee\/\" target=\"_blank\" rel=\"noopener\">r\u00e9server sa promenade en bateau comment\u00e9e<\/a>, c\u2019est s\u2019offrir un d\u00e9fil\u00e9 de merveilles qui se succ\u00e8dent sous nos yeux et qui invite \u00e0 la contemplation.\u00a0<\/p>\n<p>              <img ci-src=\"https:\/\/www.nicematin.com\/detente\/1O1H1179-8XJWAVIg.JPG?vh=eca4fb&amp;ci_seal=83ee316a3a\" alt=\"\"\/><\/p>\n<p>Une fois que le bateau glisse au large, il ne reste qu\u2019\u00e0 se laisser porter, les yeux grands ouverts et l\u2019oreille curieuse. Passionn\u00e9e, la guide de l\u2019Office de Tourisme de Saint-Jean-Cap-Ferrat nous embarque dans ses anecdotes croustillantes, ses histoires de villas mythiques et ses petits secrets bien gard\u00e9s. Chaque d\u00e9tour de la c\u00f4te devient un nouveau d\u00e9cor, chaque crique une confidence, chaque monument une nouvelle surprise. \u00c0 bord, un livret bilingue fran\u00e7ais-anglais nous aide \u00e0 tout suivre, rep\u00e9rer les lieux et prolonger le plaisir une fois \u00e0 terre. <\/p>\n<p>\u00c0 seulement quelques minutes de Nice, Saint-Jean-Cap-Ferrat nous offre un concentr\u00e9 de M\u00e9diterran\u00e9e comme on l\u2019aime: \u00e9clatant, spectaculaire et vibrant. Une parenth\u00e8se en mer qui \u00e9merveille sur le moment et qui reste longtemps dans les souvenirs des petits et des grands.<\/p>\n","protected":false},"excerpt":{"rendered":"1.La Villa Ephrussi de Rothschild, un joyau perch\u00e9 sur les flots Une fa\u00e7ade rose p\u00e2le qui tranche sur&hellip;\n","protected":false},"author":2,"featured_media":196822,"comment_status":"","ping_status":"","sticky":false,"template":"","format":"standard","meta":{"footnotes":""},"categories":[2819],"tags":[1111,11,1777,674,1011,27,1393,12,2401,882,25],"class_list":{"0":"post-196821","1":"post","2":"type-post","3":"status-publish","4":"format-standard","5":"has-post-thumbnail","7":"category-nice","8":"tag-actu","9":"tag-actualites","10":"tag-eu","11":"tag-europe","12":"tag-fr","13":"tag-france","14":"tag-loisirs","15":"tag-news","16":"tag-nice","17":"tag-provence-alpes-cote-dazur","18":"tag-republique-francaise"},"share_on_mastodon":{"url":"https:\/\/pubeurope.com\/@fr\/114729462286639966","error":""},"_links":{"self":[{"href":"https:\/\/www.europesays.com\/fr\/wp-json\/wp\/v2\/posts\/196821","targetHints":{"allow":["GET"]}}],"collection":[{"href":"https:\/\/www.europesays.com\/fr\/wp-json\/wp\/v2\/posts"}],"about":[{"href":"https:\/\/www.europesays.com\/fr\/wp-json\/wp\/v2\/types\/post"}],"author":[{"embeddable":true,"href":"https:\/\/www.europesays.com\/fr\/wp-json\/wp\/v2\/users\/2"}],"replies":[{"embeddable":true,"href":"https:\/\/www.europesays.com\/fr\/wp-json\/wp\/v2\/comments?post=196821"}],"version-history":[{"count":0,"href":"https:\/\/www.europesays.com\/fr\/wp-json\/wp\/v2\/posts\/196821\/revisions"}],"wp:featuredmedia":[{"embeddable":true,"href":"https:\/\/www.europesays.com\/fr\/wp-json\/wp\/v2\/media\/196822"}],"wp:attachment":[{"href":"https:\/\/www.europesays.com\/fr\/wp-json\/wp\/v2\/media?parent=196821"}],"wp:term":[{"taxonomy":"category","embeddable":true,"href":"https:\/\/www.europesays.com\/fr\/wp-json\/wp\/v2\/categories?post=196821"},{"taxonomy":"post_tag","embeddable":true,"href":"https:\/\/www.europesays.com\/fr\/wp-json\/wp\/v2\/tags?post=196821"}],"curies":[{"name":"wp","href":"https:\/\/api.w.org\/{rel}","templated":true}]}}