{"id":196823,"date":"2025-06-22T22:50:11","date_gmt":"2025-06-22T22:50:11","guid":{"rendered":"https:\/\/www.europesays.com\/fr\/196823\/"},"modified":"2025-06-22T22:50:11","modified_gmt":"2025-06-22T22:50:11","slug":"restaurant-balm-a-nice-5-bonnes-raisons-de-tester-cette-adresse-gourmande","status":"publish","type":"post","link":"https:\/\/www.europesays.com\/fr\/196823\/","title":{"rendered":"Restaurant Balm \u00e0 Nice: 5 bonnes raisons de tester cette adresse gourmande"},"content":{"rendered":"<p>                                <b>1.Un cadre chaleureux, o\u00f9 l\u2019on se sent bien d\u00e8s l\u2019arriv\u00e9e<\/b><\/p>\n<p>\u00a0D\u00e8s que vous franchissez les portes de Balm, vous \u00eates envelopp\u00e9 par une atmosph\u00e8re \u00e0 la fois moderne et cosy. Le restaurant vous accueille dans un cadre design et raffin\u00e9, inspir\u00e9 par l\u2019architecture ni\u00e7oise. Son d\u00e9cor \u00e9l\u00e9gant aux tons de terracotta cr\u00e9e une atmosph\u00e8re chaleureuse o\u00f9 l&rsquo;on se sent imm\u00e9diatement \u00e0 l\u2019aise. Que ce soit pour un d\u00e9jeuner d\u2019affaires, un moment entre amis ou une r\u00e9union de famille, chaque espace est pens\u00e9 pour allier confort et convivialit\u00e9. Sans oublier la grande terrasse, ombrag\u00e9e d\u2019oliviers, est particuli\u00e8rement appr\u00e9ci\u00e9e lors des journ\u00e9es ensoleill\u00e9es! Un v\u00e9ritable havre de paix au c\u0153ur de l\u2019effervescence du quartier du Grand Ar\u00e9nas, juste \u00e0 c\u00f4t\u00e9 de l\u2019a\u00e9roport.<\/p>\n<p>              <img ci-src=\"https:\/\/www.nicematin.com\/detente\/IMG_5410-MXzhXEDe.jpeg?vh=82eaba&amp;ci_seal=669aed71e1\" alt=\"\"\/><\/p>\n<p>                                <b>2.Une cuisine locavore et fra\u00eeche<\/b><\/p>\n<p>Chez Balm, chaque plat raconte une histoire, celle d\u2019un chef passionn\u00e9 par l\u2019authenticit\u00e9 et les produits du terroir. Avec son approche cr\u00e9ative, le Chef sublime les saveurs fra\u00eeches et de saison dans une cuisine simple mais pleine de caract\u00e8re. Le Crudo de loup au pamplemousse et \u00e0 l\u2019avocat, ou le dos de saumon cuit sur la peau accompagn\u00e9 d\u2019une fra\u00eecheur de mangue acidul\u00e9e, sont des d\u00e9lices qui \u00e9veillent les papilles. Les tagliatelles au citron avec parmesan, pecorino, burrata et \u00e9clats de pistache, ainsi que la salade Nice\/Rio, m\u00ealant mesclun, papaye, tomate cerise, c\u0153ur de palmier, avocat et vinaigrette miel passion, illustrent parfaitement la richesse des produits locaux.\u00a0<\/p>\n<p>Et pour finir ce voyage culinaire en beaut\u00e9, le sabl\u00e9 breton p\u00eache et lavande ou le mille-feuille \u00e0 la cr\u00e8me vanille, fraise fra\u00eeche et coulis de rhubarbe, apportent une touche sucr\u00e9e inoubliable. Ces plats, soigneusement pens\u00e9s, rendent hommage aux producteurs locaux, avec des ingr\u00e9dients frais et cultiv\u00e9s avec respect et passion. Au gr\u00e9 des saisons et du changement de la carte, l\u2019engagement du chef pour une cuisine saine et gourmande se fait ressentir \u00e0 chaque bouch\u00e9e.<\/p>\n<p>              <img ci-src=\"https:\/\/www.nicematin.com\/detente\/fuji+3%C2%A9H-MsuEhTq0.jpg?vh=e5db0f&amp;ci_seal=726a4011bf\" alt=\"\"\/><\/p>\n<p>                                3.Un menu qui vous fait voyager sans quitter la C\u00f4te d\u2019Azur<\/p>\n<p>\u00c0 Nice, Balm n\u2019est pas simplement un restaurant, c\u2019est un v\u00e9ritable p\u00e9riple culinaire! Chaque assiette est une invitation \u00e0 d\u00e9couvrir de nouvelles saveurs, avec des influences du monde entier: Asie, Maghreb, Am\u00e9rique latine\u2026 \u00c0 travers <a href=\"https:\/\/balm-restaurant.com\/\" target=\"_blank\" rel=\"noopener\">la carte du restaurant le Balm<\/a> et des recettes simples mais audacieuses, le Chef propose un m\u00e9lange parfait entre le local et l\u2019international. Le Cool Kitchen by BALM, par exemple, offre des salades \u00e0 emporter qui vous feront voyager de Nice \u00e0 Los Angeles \u00e0 Bangkok en passant par Hano\u00ef, tout en gardant l\u2019esprit frais et sain, parfait pour un d\u00e9jeuner rapide mais gourmand.<\/p>\n<p>              <img ci-src=\"https:\/\/www.nicematin.com\/detente\/IMG_6789b-ZC85pWpG.jpg?vh=4c9deb&amp;ci_seal=a8a3d022a0\" alt=\"\"\/><\/p>\n<p>                                4.Des afterworks conviviaux qui vous font sentir chez vous<\/p>\n<p>Les soir\u00e9es Afterwork by BALM sont l\u2019occasion r\u00eav\u00e9e de l\u00e2cher prise apr\u00e8s une longue journ\u00e9e! Le Balm Bar et son agr\u00e9able terrasse se transforment en un lieu o\u00f9 l\u2019on prend plaisir \u00e0 d\u00e9guster un cocktail concoct\u00e9 avec soin, tout en partageant quelques tapas entre amis ou coll\u00e8gues. Le tout dans une ambiance musicale d\u00e9contract\u00e9e, avec DJ set tous les mercredis et groupe live le jeudi toutes les deux semaines, qui viennent ajouter une touche de fun et de l\u00e9g\u00e8ret\u00e9. Sous l&rsquo;\u00e9clat des lumi\u00e8res guinguettes, Balm se transforme au coucher du soleil en un lieu de rencontre et de d\u00e9tente, o\u00f9 le temps semble s\u2019arr\u00eater pour profiter de l\u2019instant pr\u00e9sent.<\/p>\n<p>              <img ci-src=\"https:\/\/www.nicematin.com\/detente\/Crowne+Plaza_153_12062025-kHL0rJCn.jpg?vh=3025c3&amp;ci_seal=b832e87fe4\" alt=\"\"\/><\/p>\n<p>                                5.Un emplacement id\u00e9al pour une parenth\u00e8se gourmande<\/p>\n<p>\u00c0 la fois proche de l\u2019a\u00e9roport et du centre-ville, Balm est un v\u00e9ritable carrefour de confort. Que vous soyez de passage \u00e0 Nice ou que vous y viviez, il offre un cadre parfait pour une pause bien m\u00e9rit\u00e9e. Facilement accessible gr\u00e2ce au tramway, le restaurant se trouve \u00e0 deux pas des terminaux de l\u2019a\u00e9roport, ce qui en fait l\u2019adresse id\u00e9ale pour un d\u00e9jeuner avant un vol ou un d\u00eener relaxant avant de repartir. Le temps d\u2019un repas, le lieu est id\u00e9al pour s&rsquo;\u00e9vader sans m\u00eame quitter la ville!<\/p>\n<p>Car chez Balm, vous ne venez pas seulement pour manger. Vous venez pour vivre un moment suspendu, pour d\u00e9couvrir des saveurs qui r\u00e9chauffent l\u2019\u00e2me, pour partager un verre dans une ambiance conviviale et d\u00e9tendue. Le restaurant est avant tout une exp\u00e9rience humaine et culinaire, o\u00f9 chaque d\u00e9tail compte pour vous faire sentir comme chez vous!<\/p>\n","protected":false},"excerpt":{"rendered":"1.Un cadre chaleureux, o\u00f9 l\u2019on se sent bien d\u00e8s l\u2019arriv\u00e9e \u00a0D\u00e8s que vous franchissez les portes de Balm,&hellip;\n","protected":false},"author":2,"featured_media":196824,"comment_status":"","ping_status":"","sticky":false,"template":"","format":"standard","meta":{"footnotes":""},"categories":[2819],"tags":[1111,11,1777,674,1011,27,1393,12,2401,882,25],"class_list":{"0":"post-196823","1":"post","2":"type-post","3":"status-publish","4":"format-standard","5":"has-post-thumbnail","7":"category-nice","8":"tag-actu","9":"tag-actualites","10":"tag-eu","11":"tag-europe","12":"tag-fr","13":"tag-france","14":"tag-loisirs","15":"tag-news","16":"tag-nice","17":"tag-provence-alpes-cote-dazur","18":"tag-republique-francaise"},"share_on_mastodon":{"url":"https:\/\/pubeurope.com\/@fr\/114729466118689317","error":""},"_links":{"self":[{"href":"https:\/\/www.europesays.com\/fr\/wp-json\/wp\/v2\/posts\/196823","targetHints":{"allow":["GET"]}}],"collection":[{"href":"https:\/\/www.europesays.com\/fr\/wp-json\/wp\/v2\/posts"}],"about":[{"href":"https:\/\/www.europesays.com\/fr\/wp-json\/wp\/v2\/types\/post"}],"author":[{"embeddable":true,"href":"https:\/\/www.europesays.com\/fr\/wp-json\/wp\/v2\/users\/2"}],"replies":[{"embeddable":true,"href":"https:\/\/www.europesays.com\/fr\/wp-json\/wp\/v2\/comments?post=196823"}],"version-history":[{"count":0,"href":"https:\/\/www.europesays.com\/fr\/wp-json\/wp\/v2\/posts\/196823\/revisions"}],"wp:featuredmedia":[{"embeddable":true,"href":"https:\/\/www.europesays.com\/fr\/wp-json\/wp\/v2\/media\/196824"}],"wp:attachment":[{"href":"https:\/\/www.europesays.com\/fr\/wp-json\/wp\/v2\/media?parent=196823"}],"wp:term":[{"taxonomy":"category","embeddable":true,"href":"https:\/\/www.europesays.com\/fr\/wp-json\/wp\/v2\/categories?post=196823"},{"taxonomy":"post_tag","embeddable":true,"href":"https:\/\/www.europesays.com\/fr\/wp-json\/wp\/v2\/tags?post=196823"}],"curies":[{"name":"wp","href":"https:\/\/api.w.org\/{rel}","templated":true}]}}