{"id":196839,"date":"2025-06-22T23:01:08","date_gmt":"2025-06-22T23:01:08","guid":{"rendered":"https:\/\/www.europesays.com\/fr\/196839\/"},"modified":"2025-06-22T23:01:08","modified_gmt":"2025-06-22T23:01:08","slug":"meilleur-apprenti-de-france-le-jeune-marseillais-matyss-lentini-a-de-quoi-en-faire-tout-un-fromage","status":"publish","type":"post","link":"https:\/\/www.europesays.com\/fr\/196839\/","title":{"rendered":"Meilleur apprenti de France, le jeune Marseillais Matyss Lentini a de quoi en faire tout un fromage"},"content":{"rendered":"<p>Dans la <a href=\"https:\/\/www.laprovence.com\/article\/edition-marseille\/5977171\/la-passion-du-fromage-avant-tout.html\" target=\"_blank\" rel=\"noopener\">fromagerie Kalou<\/a>, incontournable de l\u2019avenue de Mazargues, \u00e0 <a href=\"https:\/\/www.laprovence.com\/bouches-du-rhone\/marseille-13055\" target=\"_blank\" rel=\"noopener\">Marseille<\/a> (8e), Matyss Lentini a d\u00e9j\u00e0 ses fid\u00e8les. Plut\u00f4t f\u00e9minines d\u2019ailleurs, qui n\u2019h\u00e9sitent pas \u00e0 demander des nouvelles du jeune apprenti de 18\u00a0ans, quand elles ne le voient pas dans leur cr\u00e9merie pr\u00e9f\u00e9r\u00e9e. \u00ab\u00a0D\u00e8s qu\u2019elles ont su qu\u2019il avait d\u00e9croch\u00e9 le titre de meilleur apprenti de France, elles l\u2019ont chaleureusement f\u00e9licit\u00e9\u00a0\u00bb, sourit Carine Kaloudjian, la patronne des lieux.<\/p>\n<p>Rien ne la pr\u00e9destinait \u00e0 accueillir le jeune homme dans son \u00e9choppe. C\u2019\u00e9tait sans compter la d\u00e9termination et la force de persuasion de Matyss qui, d\u00e8s le coll\u00e8ge, \u00e9tait venu avec ses grands-parents demander s\u2019il pouvait effectuer son stage de troisi\u00e8me dans son \u00e9tablissement, expliquant sa passion naissante pour le fromage. Du plus loin qu\u2019il s\u2019en souvienne, cet amour remonte \u00e0 son enfance, \u00ab\u00a0quand j\u2019allais au march\u00e9 avec mes grands-parents, j\u2019aimais go\u00fbter les bons produits, en particulier les fromages, je les aime tous.\u00a0\u00bb<\/p>\n","protected":false},"excerpt":{"rendered":"Dans la fromagerie Kalou, incontournable de l\u2019avenue de Mazargues, \u00e0 Marseille (8e), Matyss Lentini a d\u00e9j\u00e0 ses fid\u00e8les.&hellip;\n","protected":false},"author":2,"featured_media":196840,"comment_status":"","ping_status":"","sticky":false,"template":"","format":"standard","meta":{"footnotes":""},"categories":[2814],"tags":[17,1111,11,19555,1777,674,1011,27,1661,3913,33636,761,884,33635,14954,12,882,25],"class_list":{"0":"post-196839","1":"post","2":"type-post","3":"status-publish","4":"format-standard","5":"has-post-thumbnail","7":"category-marseille","8":"tag-17","9":"tag-actu","10":"tag-actualites","11":"tag-apprenti","12":"tag-eu","13":"tag-europe","14":"tag-fr","15":"tag-france","16":"tag-gastronomie","17":"tag-jeune","18":"tag-lentini","19":"tag-marseillais","20":"tag-marseille","21":"tag-matyss","22":"tag-meilleur","23":"tag-news","24":"tag-provence-alpes-cote-dazur","25":"tag-republique-francaise"},"share_on_mastodon":{"url":"https:\/\/pubeurope.com\/@fr\/114729509464760736","error":""},"_links":{"self":[{"href":"https:\/\/www.europesays.com\/fr\/wp-json\/wp\/v2\/posts\/196839","targetHints":{"allow":["GET"]}}],"collection":[{"href":"https:\/\/www.europesays.com\/fr\/wp-json\/wp\/v2\/posts"}],"about":[{"href":"https:\/\/www.europesays.com\/fr\/wp-json\/wp\/v2\/types\/post"}],"author":[{"embeddable":true,"href":"https:\/\/www.europesays.com\/fr\/wp-json\/wp\/v2\/users\/2"}],"replies":[{"embeddable":true,"href":"https:\/\/www.europesays.com\/fr\/wp-json\/wp\/v2\/comments?post=196839"}],"version-history":[{"count":0,"href":"https:\/\/www.europesays.com\/fr\/wp-json\/wp\/v2\/posts\/196839\/revisions"}],"wp:featuredmedia":[{"embeddable":true,"href":"https:\/\/www.europesays.com\/fr\/wp-json\/wp\/v2\/media\/196840"}],"wp:attachment":[{"href":"https:\/\/www.europesays.com\/fr\/wp-json\/wp\/v2\/media?parent=196839"}],"wp:term":[{"taxonomy":"category","embeddable":true,"href":"https:\/\/www.europesays.com\/fr\/wp-json\/wp\/v2\/categories?post=196839"},{"taxonomy":"post_tag","embeddable":true,"href":"https:\/\/www.europesays.com\/fr\/wp-json\/wp\/v2\/tags?post=196839"}],"curies":[{"name":"wp","href":"https:\/\/api.w.org\/{rel}","templated":true}]}}