{"id":196851,"date":"2025-06-22T23:08:18","date_gmt":"2025-06-22T23:08:18","guid":{"rendered":"https:\/\/www.europesays.com\/fr\/196851\/"},"modified":"2025-06-22T23:08:18","modified_gmt":"2025-06-22T23:08:18","slug":"a-paris-signal-dalarme-pour-les-socialistes","status":"publish","type":"post","link":"https:\/\/www.europesays.com\/fr\/196851\/","title":{"rendered":"\u00ab\u00c0 Paris, signal d\u2019alarme pour les socialistes\u00bb"},"content":{"rendered":"<p><strong>CONTRE-POINT &#8211; <\/strong>Pour la premi\u00e8re fois dans la capitale, le PS n\u2019est plus assur\u00e9 d\u2019\u00eatre la force dominante \u00e0 gauche. Les Insoumis pourraient pr\u00e9f\u00e9rer favoriser un \u00e9cologiste plut\u00f4t qu\u2019un socialiste.<\/p>\n<p class=\"fig-paragraph\">Semaine d\u00e9cisive pour les municipales \u00e0 Paris. Mardi, la commission mixte paritaire adoptera ou rejettera la proposition de loi modifiant le mode de scrutin\u00a0; et dira donc si, pour la premi\u00e8re fois de leur histoire, les Parisiens choisiront leurs \u00e9lus \u00e0 l\u2019\u00e9chelle de toute la ville, et non plus dans le cadre des arrondissements.<\/p>\n<p class=\"fig-paragraph\">Et lundi prochain, les militants du PS diront qui, du d\u00e9put\u00e9\u00a0<a href=\"http:\/\/www.lefigaro.fr\/politique\/emmanuel-gregoire-j-ai-une-connaissance-intime-de-paris-et-de-ses-problemes-20250529\" target=\"_blank\" data-fig-type=\"Article\" rel=\"noopener nofollow\" data-gtm-custom-categorie=\"navigation\" data-gtm-custom-action=\"crossclick\" data-gtm-custom-label=\"Contextuel\" data-gtm-event=\"customEventSPE\" data-fig-domain=\"LEFIGARO\">Emmanuel Gr\u00e9goire<\/a>\u00a0ou du s\u00e9nateur\u00a0<a href=\"http:\/\/www.lefigaro.fr\/politique\/remi-feraud-candidat-socialiste-a-paris-je-suis-clairement-de-gauche-mais-je-ne-suis-pas-sectaire-20241129\" target=\"_blank\" data-fig-type=\"Article\" rel=\"noopener nofollow\" data-gtm-custom-categorie=\"navigation\" data-gtm-custom-action=\"crossclick\" data-gtm-custom-label=\"Contextuel\" data-gtm-event=\"customEventSPE\" data-fig-domain=\"LEFIGARO\">R\u00e9mi Ferraud<\/a>, tentera de succ\u00e9der \u00e0\u00a0<a href=\"http:\/\/www.lefigaro.fr\/politique\/celebrations-du-psg-les-raisons-de-la-grande-absence-d-anne-hidalgo-20250602\" target=\"_blank\" data-fig-type=\"NewsFlash\" rel=\"noopener nofollow\" data-gtm-custom-categorie=\"navigation\" data-gtm-custom-action=\"crossclick\" data-gtm-custom-label=\"Contextuel\" data-gtm-event=\"customEventSPE\" data-fig-domain=\"LEFIGARO\">Anne Hidalgo<\/a>. Les socialistes sont unis pour s\u2019opposer \u00e0 la r\u00e9forme voulue par les macronistes et soutenue par une grande partie de la droite. Le danger pour eux ne vient cependant pas d\u2019un changement de mode de scrutin mais d\u2019un glissement de terrain interne \u00e0 la gauche.<\/p>\n<p class=\"fig-paragraph\">Publi\u00e9 par La Tribune Dimanche, un sondage Elabe montre que l\u2019ensemble des gauches et l\u2019ensemble des droites et du centre sont \u00e0 \u00e9galit\u00e9, annon\u00e7ant un suspense r\u00e9el. Mais, principal choc pour la municipalit\u00e9 sortante\u00a0: le PS a perdu son statut de force dominante. Rappelons\u2026<\/p>\n<p class=\"fig-premium-paywall__infos\">\n        Cet article est r\u00e9serv\u00e9 aux abonn\u00e9s.        Il vous reste 70% \u00e0 d\u00e9couvrir.\n    <\/p>\n<p>                <img  data- alt=\"Le Figaro\" class=\"fig-img--complete fig-img\"\/><\/p>\n<p class=\"fig-premium-paywall__title\">Vente Flash<\/p>\n<p class=\"fig-premium-paywall__subtitle\">3,99\u20ac par mois pendant 12 mois. Sans engagement.<\/p>\n<p class=\"fig-premium-paywall__connect\">\n                D\u00e9j\u00e0 abonn\u00e9\u00a0?                <a class=\"fig-premium-paywall__connect-link\" href=\"https:\/\/connect.lefigaro.fr\/login?client=horizon_web&amp;type=main&amp;redirect_uri=https%3A%2F%2Fwww.lefigaro.fr%2Fpolitique%2Fmunicipales-2026-a-paris-signal-d-alarme-pour-les-socialistes-20250622\" data-js-gtm=\"{&quot;customCategorie&quot;: &quot;conversion&quot;, &quot;customAction&quot;: &quot;before_Landing_Connexion_paywall_auto&quot;, &quot;customLabel&quot;: &quot;bGVmaWdhcm8uZnJfXzFmMDRmNmI1LWIyMWMtNmQ2OC1iMjMxLTU3MWQxYzc3ZTNmNl9fQXJ0aWNsZQ==_Municipales 2026\u00a0: \u00ab\u00c0 Paris, signal d\u2019alarme pour les socialistes\u00bb_269&quot;, &quot;customIDSPE&quot;: &quot;bGVmaWdhcm8uZnJfXzFmMDRmNmI1LWIyMWMtNmQ2OC1iMjMxLTU3MWQxYzc3ZTNmNl9fQXJ0aWNsZQ==&quot;, &quot;event&quot;: &quot;customEventSPE&quot;}\" rel=\"nofollow noopener\" target=\"_blank\"><br \/>\n                    Connectez-vous<br \/>\n                <\/a>\n            <\/p>\n","protected":false},"excerpt":{"rendered":"CONTRE-POINT &#8211; Pour la premi\u00e8re fois dans la capitale, le PS n\u2019est plus assur\u00e9 d\u2019\u00eatre la force dominante&hellip;\n","protected":false},"author":2,"featured_media":196852,"comment_status":"","ping_status":"","sticky":false,"template":"","format":"standard","meta":{"footnotes":""},"categories":[1888],"tags":[1111,1928,11,1927,426,427,422,423,4188,1777,674,1011,27,2383,418,424,425,420,421,12,1926,419,626,1925,316,429,25,428],"class_list":{"0":"post-196851","1":"post","2":"type-post","3":"status-publish","4":"format-standard","5":"has-post-thumbnail","7":"category-paris","8":"tag-actu","9":"tag-actu-paris","10":"tag-actualites","11":"tag-actualites-paris","12":"tag-candidat","13":"tag-candidats","14":"tag-depute","15":"tag-deputes","16":"tag-elections-municipales","17":"tag-eu","18":"tag-europe","19":"tag-fr","20":"tag-france","21":"tag-gauche","22":"tag-gouvernement","23":"tag-institution","24":"tag-institutions","25":"tag-loi","26":"tag-lois","27":"tag-news","28":"tag-news-paris","29":"tag-opposition","30":"tag-paris","31":"tag-paris-news","32":"tag-politique","33":"tag-ps","34":"tag-republique-francaise","35":"tag-ump"},"share_on_mastodon":{"url":"https:\/\/pubeurope.com\/@fr\/114729536974962280","error":""},"_links":{"self":[{"href":"https:\/\/www.europesays.com\/fr\/wp-json\/wp\/v2\/posts\/196851","targetHints":{"allow":["GET"]}}],"collection":[{"href":"https:\/\/www.europesays.com\/fr\/wp-json\/wp\/v2\/posts"}],"about":[{"href":"https:\/\/www.europesays.com\/fr\/wp-json\/wp\/v2\/types\/post"}],"author":[{"embeddable":true,"href":"https:\/\/www.europesays.com\/fr\/wp-json\/wp\/v2\/users\/2"}],"replies":[{"embeddable":true,"href":"https:\/\/www.europesays.com\/fr\/wp-json\/wp\/v2\/comments?post=196851"}],"version-history":[{"count":0,"href":"https:\/\/www.europesays.com\/fr\/wp-json\/wp\/v2\/posts\/196851\/revisions"}],"wp:featuredmedia":[{"embeddable":true,"href":"https:\/\/www.europesays.com\/fr\/wp-json\/wp\/v2\/media\/196852"}],"wp:attachment":[{"href":"https:\/\/www.europesays.com\/fr\/wp-json\/wp\/v2\/media?parent=196851"}],"wp:term":[{"taxonomy":"category","embeddable":true,"href":"https:\/\/www.europesays.com\/fr\/wp-json\/wp\/v2\/categories?post=196851"},{"taxonomy":"post_tag","embeddable":true,"href":"https:\/\/www.europesays.com\/fr\/wp-json\/wp\/v2\/tags?post=196851"}],"curies":[{"name":"wp","href":"https:\/\/api.w.org\/{rel}","templated":true}]}}